{"id":54270,"date":"2026-09-02T13:23:32","date_gmt":"2026-09-02T16:23:32","guid":{"rendered":"https:\/\/www.anamt.org.br\/portal\/?p=54270"},"modified":"2026-09-02T13:23:32","modified_gmt":"2026-09-02T16:23:32","slug":"durante-congresso-no-peru-a-anamt-mostra-experiencias-brasileiras-e-amplia-dialogo-com-paises-latino-americanos","status":"publish","type":"post","link":"https:\/\/www.anamt.org.br\/portal\/2026\/09\/02\/durante-congresso-no-peru-a-anamt-mostra-experiencias-brasileiras-e-amplia-dialogo-com-paises-latino-americanos\/","title":{"rendered":"Durante congresso no Peru, a ANAMT mostra experi\u00eancias brasileiras e amplia di\u00e1logo com pa\u00edses latino-americanos"},"content":{"rendered":"<p><span style=\"font-weight: 400;\">A Associa\u00e7\u00e3o Nacional de Medicina do Trabalho (ANAMT) refor\u00e7ou sua atua\u00e7\u00e3o internacional durante o IX Congresso Peruano de Sa\u00fade Ocupacional e a VI Jornada Internacional de Sa\u00fade Ocupacional, realizados entre os dias 26 e 28 de agosto, em Lima, no Peru. A entidade foi representada pelo presidente Francisco Cortes Fernandes e o diretor Cient\u00edfico Ricardo Turenko, que participaram de debates com especialistas de diferentes pa\u00edses da Am\u00e9rica Latina.\u00a0<\/span><\/p>\n<p><span style=\"font-weight: 400;\">Convidado por John Mastetti, presidente da Sociedade Peruana de Sa\u00fade Ocupacional (SOPESO), Francisco Cortes Fernandes participou de duas mesas-redondas. Em uma delas, apresentou as diferen\u00e7as entre listas e crit\u00e9rios relacionados \u00e0s doen\u00e7as ocupacionais adotados por Brasil, Peru e Argentina.<\/span><\/p>\n<p><span style=\"font-weight: 400;\">\u201cA Medicina do Trabalho possui singularidades em cada pa\u00eds, principalmente pelas diferen\u00e7as de legisla\u00e7\u00e3o. Estar ao lado de especialistas do Chile, Argentina, Peru e Col\u00f4mbia permite trocar experi\u00eancias e compreender diferentes formas de enfrentar desafios que, muitas vezes, s\u00e3o comuns\u201d, destacou.\u00a0<\/span><\/p>\n<p><img decoding=\"async\" class=\"alignnone size-medium wp-image-54273\" src=\"https:\/\/www.anamt.org.br\/portal\/wp-content\/uploads\/2026\/09\/WhatsApp-Image-2026-09-02-at-13.17.53-1-225x300.jpeg\" alt=\"\" width=\"225\" height=\"300\" srcset=\"https:\/\/www.anamt.org.br\/portal\/wp-content\/uploads\/2026\/09\/WhatsApp-Image-2026-09-02-at-13.17.53-1-200x267.jpeg 200w, https:\/\/www.anamt.org.br\/portal\/wp-content\/uploads\/2026\/09\/WhatsApp-Image-2026-09-02-at-13.17.53-1-225x300.jpeg 225w, https:\/\/www.anamt.org.br\/portal\/wp-content\/uploads\/2026\/09\/WhatsApp-Image-2026-09-02-at-13.17.53-1-400x533.jpeg 400w, https:\/\/www.anamt.org.br\/portal\/wp-content\/uploads\/2026\/09\/WhatsApp-Image-2026-09-02-at-13.17.53-1-600x800.jpeg 600w, https:\/\/www.anamt.org.br\/portal\/wp-content\/uploads\/2026\/09\/WhatsApp-Image-2026-09-02-at-13.17.53-1-768x1024.jpeg 768w, https:\/\/www.anamt.org.br\/portal\/wp-content\/uploads\/2026\/09\/WhatsApp-Image-2026-09-02-at-13.17.53-1-800x1067.jpeg 800w, https:\/\/www.anamt.org.br\/portal\/wp-content\/uploads\/2026\/09\/WhatsApp-Image-2026-09-02-at-13.17.53-1-1152x1536.jpeg 1152w, https:\/\/www.anamt.org.br\/portal\/wp-content\/uploads\/2026\/09\/WhatsApp-Image-2026-09-02-at-13.17.53-1.jpeg 1200w\" sizes=\"(max-width: 225px) 100vw, 225px\" \/><\/p>\n<p><b>Riscos psicossociais &#8211;<\/b><span style=\"font-weight: 400;\"> Por sua vez, Ricardo Turenko levou ao Congresso a experi\u00eancia brasileira com fatores de risco psicossociais relacionados ao trabalho e sua incorpora\u00e7\u00e3o ao Gerenciamento de Riscos Ocupacionais (GRO). Segundo ele, o modelo nacional despertou interesse por estabelecer a necessidade de identificar, avaliar e gerenciar esses crit\u00e9rios sem determinar um \u00fanico instrumento ou question\u00e1rio para todas as organiza\u00e7\u00f5es.<\/span><\/p>\n<p><span style=\"font-weight: 400;\">\u201cA troca evidenciou uma dificuldade comum aos pa\u00edses latino-americanos: ainda temos poucos dados compar\u00e1veis sobre exposi\u00e7\u00e3o a fatores psicossociais, adoecimento mental relacionado ao trabalho e seus impactos. Uma possibilidade \u00e9 utilizar a rede de observat\u00f3rios da Am\u00e9rica Latina para estimular a constru\u00e7\u00e3o de indicadores e bases de dados mais compar\u00e1veis\u201d, explicou Turenko.<\/span><\/p>\n<p><img decoding=\"async\" class=\"alignnone size-medium wp-image-54276\" src=\"https:\/\/www.anamt.org.br\/portal\/wp-content\/uploads\/2026\/09\/WhatsApp-Image-2026-09-02-at-12.26.31-225x300.jpeg\" alt=\"\" width=\"225\" height=\"300\" srcset=\"https:\/\/www.anamt.org.br\/portal\/wp-content\/uploads\/2026\/09\/WhatsApp-Image-2026-09-02-at-12.26.31-200x267.jpeg 200w, https:\/\/www.anamt.org.br\/portal\/wp-content\/uploads\/2026\/09\/WhatsApp-Image-2026-09-02-at-12.26.31-225x300.jpeg 225w, https:\/\/www.anamt.org.br\/portal\/wp-content\/uploads\/2026\/09\/WhatsApp-Image-2026-09-02-at-12.26.31-400x533.jpeg 400w, https:\/\/www.anamt.org.br\/portal\/wp-content\/uploads\/2026\/09\/WhatsApp-Image-2026-09-02-at-12.26.31-600x800.jpeg 600w, https:\/\/www.anamt.org.br\/portal\/wp-content\/uploads\/2026\/09\/WhatsApp-Image-2026-09-02-at-12.26.31-768x1024.jpeg 768w, https:\/\/www.anamt.org.br\/portal\/wp-content\/uploads\/2026\/09\/WhatsApp-Image-2026-09-02-at-12.26.31-800x1067.jpeg 800w, https:\/\/www.anamt.org.br\/portal\/wp-content\/uploads\/2026\/09\/WhatsApp-Image-2026-09-02-at-12.26.31-1152x1536.jpeg 1152w, https:\/\/www.anamt.org.br\/portal\/wp-content\/uploads\/2026\/09\/WhatsApp-Image-2026-09-02-at-12.26.31.jpeg 1200w\" sizes=\"(max-width: 225px) 100vw, 225px\" \/><\/p>\n<p><b>Organiza\u00e7\u00e3o do trabalho &#8211;<\/b><span style=\"font-weight: 400;\"> Al\u00e9m desses temas, os debates durante o Congresso tamb\u00e9m refor\u00e7aram a import\u00e2ncia de observa\u00e7\u00e3o de condi\u00e7\u00f5es e organiza\u00e7\u00e3o do trabalho como aspectos que impactam na sa\u00fade dos trabalhadores. \u201c\u00c9 preciso identificar os fatores presentes nestas \u00e1reas e atuar sobre suas causas. A resposta n\u00e3o deve se limitar a interven\u00e7\u00f5es individuais ou \u00e0 aplica\u00e7\u00e3o de question\u00e1rios, e muito menos transformar a NR-1 em uma formalidade documental\u201d, ressaltou o diretor Cient\u00edfico da ANAMT.\u00a0<\/span><\/p>\n<p><span style=\"font-weight: 400;\">Para Cortes Fernandes, a participa\u00e7\u00e3o da ANAMT nesse evento internacional tamb\u00e9m contribui para fortalecer iniciativas de coopera\u00e7\u00e3o entre os pa\u00edses, incluindo o Observat\u00f3rio Latino-Americano. \u201cA participa\u00e7\u00e3o da Associa\u00e7\u00e3o Nacional de Medicina do Trabalho nesses espa\u00e7os ajuda a desenvolver e ampliar as rela\u00e7\u00f5es do Brasil com as demais na\u00e7\u00f5es do continente, fortalecendo a constru\u00e7\u00e3o de uma especialidade forte na regi\u00e3o\u201d, finalizou.<\/span><\/p>\n<p>&nbsp;<\/p>\n<p><img decoding=\"async\" class=\"alignnone size-medium wp-image-54275\" src=\"https:\/\/www.anamt.org.br\/portal\/wp-content\/uploads\/2026\/09\/WhatsApp-Image-2026-09-02-at-13.17.50-225x300.jpeg\" alt=\"\" width=\"225\" height=\"300\" srcset=\"https:\/\/www.anamt.org.br\/portal\/wp-content\/uploads\/2026\/09\/WhatsApp-Image-2026-09-02-at-13.17.50-200x267.jpeg 200w, https:\/\/www.anamt.org.br\/portal\/wp-content\/uploads\/2026\/09\/WhatsApp-Image-2026-09-02-at-13.17.50-225x300.jpeg 225w, https:\/\/www.anamt.org.br\/portal\/wp-content\/uploads\/2026\/09\/WhatsApp-Image-2026-09-02-at-13.17.50-400x533.jpeg 400w, https:\/\/www.anamt.org.br\/portal\/wp-content\/uploads\/2026\/09\/WhatsApp-Image-2026-09-02-at-13.17.50-600x800.jpeg 600w, https:\/\/www.anamt.org.br\/portal\/wp-content\/uploads\/2026\/09\/WhatsApp-Image-2026-09-02-at-13.17.50-768x1024.jpeg 768w, https:\/\/www.anamt.org.br\/portal\/wp-content\/uploads\/2026\/09\/WhatsApp-Image-2026-09-02-at-13.17.50-800x1067.jpeg 800w, https:\/\/www.anamt.org.br\/portal\/wp-content\/uploads\/2026\/09\/WhatsApp-Image-2026-09-02-at-13.17.50-1152x1536.jpeg 1152w, https:\/\/www.anamt.org.br\/portal\/wp-content\/uploads\/2026\/09\/WhatsApp-Image-2026-09-02-at-13.17.50.jpeg 1200w\" sizes=\"(max-width: 225px) 100vw, 225px\" \/><img decoding=\"async\" class=\"alignnone size-medium wp-image-54272\" src=\"https:\/\/www.anamt.org.br\/portal\/wp-content\/uploads\/2026\/09\/WhatsApp-Image-2026-09-02-at-12.26.30-1-225x300.jpeg\" alt=\"\" width=\"225\" height=\"300\" srcset=\"https:\/\/www.anamt.org.br\/portal\/wp-content\/uploads\/2026\/09\/WhatsApp-Image-2026-09-02-at-12.26.30-1-200x267.jpeg 200w, https:\/\/www.anamt.org.br\/portal\/wp-content\/uploads\/2026\/09\/WhatsApp-Image-2026-09-02-at-12.26.30-1-225x300.jpeg 225w, https:\/\/www.anamt.org.br\/portal\/wp-content\/uploads\/2026\/09\/WhatsApp-Image-2026-09-02-at-12.26.30-1-400x533.jpeg 400w, https:\/\/www.anamt.org.br\/portal\/wp-content\/uploads\/2026\/09\/WhatsApp-Image-2026-09-02-at-12.26.30-1-600x800.jpeg 600w, https:\/\/www.anamt.org.br\/portal\/wp-content\/uploads\/2026\/09\/WhatsApp-Image-2026-09-02-at-12.26.30-1-768x1024.jpeg 768w, https:\/\/www.anamt.org.br\/portal\/wp-content\/uploads\/2026\/09\/WhatsApp-Image-2026-09-02-at-12.26.30-1-800x1067.jpeg 800w, https:\/\/www.anamt.org.br\/portal\/wp-content\/uploads\/2026\/09\/WhatsApp-Image-2026-09-02-at-12.26.30-1-1152x1536.jpeg 1152w, https:\/\/www.anamt.org.br\/portal\/wp-content\/uploads\/2026\/09\/WhatsApp-Image-2026-09-02-at-12.26.30-1.jpeg 1200w\" sizes=\"(max-width: 225px) 100vw, 225px\" \/><\/p>\n","protected":false},"excerpt":{"rendered":"<p>A Associa\u00e7\u00e3o Nacional de Medicina do Trabalho (ANAMT) refor\u00e7ou sua atua\u00e7\u00e3o internacional durante o IX Congresso Peruano de Sa\u00fade Ocupacional e a VI Jornada Internacional de Sa\u00fade Ocupacional, realizados entre os dias 26 e 28 de agosto, em Lima, no Peru. A entidade foi representada pelo presidente Francisco Cortes Fernandes e o diretor Cient\u00edfico Ricardo [&hellip;]<\/p>\n","protected":false},"author":10,"featured_media":54271,"comment_status":"closed","ping_status":"closed","sticky":false,"template":"","format":"standard","meta":{"footnotes":""},"categories":[77,8],"tags":[],"_links":{"self":[{"href":"https:\/\/www.anamt.org.br\/portal\/wp-json\/wp\/v2\/posts\/54270"}],"collection":[{"href":"https:\/\/www.anamt.org.br\/portal\/wp-json\/wp\/v2\/posts"}],"about":[{"href":"https:\/\/www.anamt.org.br\/portal\/wp-json\/wp\/v2\/types\/post"}],"author":[{"embeddable":true,"href":"https:\/\/www.anamt.org.br\/portal\/wp-json\/wp\/v2\/users\/10"}],"replies":[{"embeddable":true,"href":"https:\/\/www.anamt.org.br\/portal\/wp-json\/wp\/v2\/comments?post=54270"}],"version-history":[{"count":1,"href":"https:\/\/www.anamt.org.br\/portal\/wp-json\/wp\/v2\/posts\/54270\/revisions"}],"predecessor-version":[{"id":54277,"href":"https:\/\/www.anamt.org.br\/portal\/wp-json\/wp\/v2\/posts\/54270\/revisions\/54277"}],"wp:featuredmedia":[{"embeddable":true,"href":"https:\/\/www.anamt.org.br\/portal\/wp-json\/wp\/v2\/media\/54271"}],"wp:attachment":[{"href":"https:\/\/www.anamt.org.br\/portal\/wp-json\/wp\/v2\/media?parent=54270"}],"wp:term":[{"taxonomy":"category","embeddable":true,"href":"https:\/\/www.anamt.org.br\/portal\/wp-json\/wp\/v2\/categories?post=54270"},{"taxonomy":"post_tag","embeddable":true,"href":"https:\/\/www.anamt.org.br\/portal\/wp-json\/wp\/v2\/tags?post=54270"}],"curies":[{"name":"wp","href":"https:\/\/api.w.org\/{rel}","templated":true}]}}