{"id":54267,"date":"2026-08-31T18:40:33","date_gmt":"2026-08-31T21:40:33","guid":{"rendered":"https:\/\/www.anamt.org.br\/portal\/?p=54267"},"modified":"2026-08-31T18:40:33","modified_gmt":"2026-08-31T21:40:33","slug":"atuacao-do-medico-do-trabalho-em-casos-de-diabetes-e-obesidade-e-tema-de-webinario-organizado-pela-anamt","status":"publish","type":"post","link":"https:\/\/www.anamt.org.br\/portal\/2026\/08\/31\/atuacao-do-medico-do-trabalho-em-casos-de-diabetes-e-obesidade-e-tema-de-webinario-organizado-pela-anamt\/","title":{"rendered":"Atua\u00e7\u00e3o do m\u00e9dico do trabalho em casos de diabetes e obesidade \u00e9 tema de webin\u00e1rio organizado pela ANAMT"},"content":{"rendered":"<p><span style=\"font-weight: 400;\">A Associa\u00e7\u00e3o Nacional de Medicina do Trabalho (ANAMT) promove, no dia 2 de setembro, a partir de 20h (hor\u00e1rio de Bras\u00edlia), o webin\u00e1rio \u201cAtua\u00e7\u00e3o do M\u00e9dico do Trabalho em Diabetes e Obesidade\u201d. A atividade ser\u00e1 transmitida pela ANAMT Virtual e pelo YouTube e ter\u00e1 como convidado o professor Durval Ribas Filho, presidente da Associa\u00e7\u00e3o Brasileira de Nutrologia (ABRAN).<\/span><\/p>\n<p><span style=\"font-weight: 400;\">O encontro vai tratar dos novos desafios impostos pela obesidade e pelo diabetes \u00e0 pr\u00e1tica da Medicina do Trabalho, considerando os avan\u00e7os recentes no tratamento dessas doen\u00e7as e seus impactos na sa\u00fade dos trabalhadores. Entre os destaques est\u00e1 o uso dos agonistas incret\u00ednicos, medicamentos que ganharam espa\u00e7o no tratamento da obesidade e do diabetes e t\u00eam provocado mudan\u00e7as importantes na abordagem cl\u00ednica desses pacientes.<\/span><\/p>\n<p><span style=\"font-weight: 400;\">Al\u00e9m dos mecanismos de a\u00e7\u00e3o desses medicamentos e de seus efeitos no controle do peso corporal e do diabetes, o webin\u00e1rio abordar\u00e1 as repercuss\u00f5es socioecon\u00f4micas, comportamentais e ocupacionais relacionadas ao tratamento. A proposta \u00e9 contribuir para que m\u00e9dicos do trabalho estejam atualizados diante de um cen\u00e1rio cient\u00edfico em r\u00e1pida transforma\u00e7\u00e3o e preparados para compreender seus reflexos no ambiente laboral.<\/span><\/p>\n<p><span style=\"font-weight: 400;\">O convidado, Durval Ribas Filho, \u00e9 mestre e doutor em Medicina pela FAMERP, Fellow da The Obesity Society (EUA) e professor titular de Nutrologia da UNIFIPA\/FAMECA. Especialista em Nutrologia, Cl\u00ednica M\u00e9dica e Endocrinologia, tamb\u00e9m integra o Conselho Deliberativo da Associa\u00e7\u00e3o M\u00e9dica Brasileira (AMB) e a C\u00e2mara T\u00e9cnica de Nutrologia do Conselho Federal de Medicina (CFM).<\/span><\/p>\n<h3><b>Servi\u00e7o<\/b><\/h3>\n<p><b>Webin\u00e1rio: Atua\u00e7\u00e3o do M\u00e9dico do Trabalho em Diabetes e Obesidade<\/b><b><br \/>\n<\/b> <b>Data:<\/b><span style=\"font-weight: 400;\"> 2 de setembro<\/span><span style=\"font-weight: 400;\"><br \/>\n<\/span> <b>Hor\u00e1rio:<\/b><span style=\"font-weight: 400;\"> 20h (hor\u00e1rio de Bras\u00edlia)<\/span><span style=\"font-weight: 400;\"><br \/>\n<\/span> <b>Convidado:<\/b><span style=\"font-weight: 400;\"> Durval Ribas Filho, presidente da ABRAN<\/span><span style=\"font-weight: 400;\"><br \/>\n<\/span> <b>Transmiss\u00e3o:<\/b><span style=\"font-weight: 400;\"> ANAMT Virtual e YouTube<\/span><span style=\"font-weight: 400;\"><br \/>\n<\/span> <b>Acesso:<\/b><a href=\"https:\/\/anamt.virtual.org.br\/?utm_source=chatgpt.com\"> <span style=\"font-weight: 400;\">ANAMT Virtual<\/span><\/a><span style=\"font-weight: 400;\">\u2060<\/span><\/p>\n","protected":false},"excerpt":{"rendered":"<p>A Associa\u00e7\u00e3o Nacional de Medicina do Trabalho (ANAMT) promove, no dia 2 de setembro, a partir de 20h (hor\u00e1rio de Bras\u00edlia), o webin\u00e1rio \u201cAtua\u00e7\u00e3o do M\u00e9dico do Trabalho em Diabetes e Obesidade\u201d. A atividade ser\u00e1 transmitida pela ANAMT Virtual e pelo YouTube e ter\u00e1 como convidado o professor Durval Ribas Filho, presidente da Associa\u00e7\u00e3o Brasileira [&hellip;]<\/p>\n","protected":false},"author":10,"featured_media":54268,"comment_status":"closed","ping_status":"closed","sticky":false,"template":"","format":"standard","meta":{"footnotes":""},"categories":[77,8],"tags":[],"_links":{"self":[{"href":"https:\/\/www.anamt.org.br\/portal\/wp-json\/wp\/v2\/posts\/54267"}],"collection":[{"href":"https:\/\/www.anamt.org.br\/portal\/wp-json\/wp\/v2\/posts"}],"about":[{"href":"https:\/\/www.anamt.org.br\/portal\/wp-json\/wp\/v2\/types\/post"}],"author":[{"embeddable":true,"href":"https:\/\/www.anamt.org.br\/portal\/wp-json\/wp\/v2\/users\/10"}],"replies":[{"embeddable":true,"href":"https:\/\/www.anamt.org.br\/portal\/wp-json\/wp\/v2\/comments?post=54267"}],"version-history":[{"count":1,"href":"https:\/\/www.anamt.org.br\/portal\/wp-json\/wp\/v2\/posts\/54267\/revisions"}],"predecessor-version":[{"id":54269,"href":"https:\/\/www.anamt.org.br\/portal\/wp-json\/wp\/v2\/posts\/54267\/revisions\/54269"}],"wp:featuredmedia":[{"embeddable":true,"href":"https:\/\/www.anamt.org.br\/portal\/wp-json\/wp\/v2\/media\/54268"}],"wp:attachment":[{"href":"https:\/\/www.anamt.org.br\/portal\/wp-json\/wp\/v2\/media?parent=54267"}],"wp:term":[{"taxonomy":"category","embeddable":true,"href":"https:\/\/www.anamt.org.br\/portal\/wp-json\/wp\/v2\/categories?post=54267"},{"taxonomy":"post_tag","embeddable":true,"href":"https:\/\/www.anamt.org.br\/portal\/wp-json\/wp\/v2\/tags?post=54267"}],"curies":[{"name":"wp","href":"https:\/\/api.w.org\/{rel}","templated":true}]}}