{"id":53676,"date":"2026-03-26T17:54:43","date_gmt":"2026-03-26T20:54:43","guid":{"rendered":"https:\/\/www.anamt.org.br\/portal\/?p=53676"},"modified":"2026-03-26T17:54:43","modified_gmt":"2026-03-26T20:54:43","slug":"congresso-paulista-de-cirurgia-reune-especialidades-e-projeta-debates-sobre-pratica-cirurgica-em-sp","status":"publish","type":"post","link":"https:\/\/www.anamt.org.br\/portal\/2026\/03\/26\/congresso-paulista-de-cirurgia-reune-especialidades-e-projeta-debates-sobre-pratica-cirurgica-em-sp\/","title":{"rendered":"Congresso Paulista de Cirurgia re\u00fane especialidades e projeta debates sobre pr\u00e1tica cir\u00fargica em SP"},"content":{"rendered":"<p><strong>\u00a0<\/strong><\/p>\n<p>O 25\u00ba Congresso Paulista de Cirurgia, promovido pelo Col\u00e9gio Brasileiro de Cirurgi\u00f5es (CBC), ser\u00e1 realizado nos dias 21 e 22 de agosto de 2026, no Centro de Conven\u00e7\u00f5es Rebou\u00e7as, na capital paulista, em formato presencial. O encontro re\u00fane profissionais da \u00e1rea cir\u00fargica com foco na atualiza\u00e7\u00e3o cient\u00edfica, integra\u00e7\u00e3o entre especialidades e fortalecimento da pr\u00e1tica profissional.<\/p>\n<p><strong><em>PARA OUTRAS INFORMA\u00c7\u00d5ES, ACESSE AQUI <\/em><\/strong><\/p>\n<p><strong><em>congressopaulistacbc.com.br<\/em><\/strong><\/p>\n<p>A Associa\u00e7\u00e3o Nacional de Medicina do Trabalho (ANAMT) apoia a realiza\u00e7\u00e3o do evento, como estrat\u00e9gia de qualifica\u00e7\u00e3o cont\u00ednua e amplia\u00e7\u00e3o do di\u00e1logo interdisciplinar, na perspectiva de inser\u00e7\u00e3o da sa\u00fade ocupacional nas discuss\u00f5es cir\u00fargicas, especialmente no que se refere \u00e0 seguran\u00e7a do trabalhador, \u00e0 avalia\u00e7\u00e3o de aptid\u00e3o laboral e aos desdobramentos cl\u00ednicos e periciais relacionados \u00e0 pr\u00e1tica m\u00e9dica.<\/p>\n<p>O Congresso contar\u00e1 com confer\u00eancias, simp\u00f3sios, cursos e apresenta\u00e7\u00f5es de trabalhos cient\u00edficos, abrangendo m\u00faltiplos campos da especialidade. A participa\u00e7\u00e3o de palestrantes nacionais e internacionais comp\u00f5e a agenda, voltada \u00e0 discuss\u00e3o de temas contempor\u00e2neos da pr\u00e1tica cir\u00fargica e \u00e0 difus\u00e3o de evid\u00eancias cient\u00edficas.<\/p>\n<p>A programa\u00e7\u00e3o incorpora eventos regionais de entidades parceiras, incluindo o Congresso Paulista de H\u00e9rnia, da Sociedade Brasileira de H\u00e9rnia, o Congresso Paulista de Cirurgia Bari\u00e1trica e Metab\u00f3lica da Sociedade Brasileira de Cirurgia Bari\u00e1trica e Metab\u00f3lica, Cap\u00edtulo de S\u00e3o Paulo, al\u00e9m do 2\u00ba Congresso do Cap\u00edtulo Brasileiro do <em>American College of Surgeons. <\/em><\/p>\n<p>&nbsp;<\/p>\n","protected":false},"excerpt":{"rendered":"<p>\u00a0 O 25\u00ba Congresso Paulista de Cirurgia, promovido pelo Col\u00e9gio Brasileiro de Cirurgi\u00f5es (CBC), ser\u00e1 realizado nos dias 21 e 22 de agosto de 2026, no Centro de Conven\u00e7\u00f5es Rebou\u00e7as, na capital paulista, em formato presencial. O encontro re\u00fane profissionais da \u00e1rea cir\u00fargica com foco na atualiza\u00e7\u00e3o cient\u00edfica, integra\u00e7\u00e3o entre especialidades e fortalecimento da pr\u00e1tica [&hellip;]<\/p>\n","protected":false},"author":10,"featured_media":53677,"comment_status":"closed","ping_status":"closed","sticky":false,"template":"","format":"standard","meta":{"footnotes":""},"categories":[75,270,8],"tags":[],"_links":{"self":[{"href":"https:\/\/www.anamt.org.br\/portal\/wp-json\/wp\/v2\/posts\/53676"}],"collection":[{"href":"https:\/\/www.anamt.org.br\/portal\/wp-json\/wp\/v2\/posts"}],"about":[{"href":"https:\/\/www.anamt.org.br\/portal\/wp-json\/wp\/v2\/types\/post"}],"author":[{"embeddable":true,"href":"https:\/\/www.anamt.org.br\/portal\/wp-json\/wp\/v2\/users\/10"}],"replies":[{"embeddable":true,"href":"https:\/\/www.anamt.org.br\/portal\/wp-json\/wp\/v2\/comments?post=53676"}],"version-history":[{"count":1,"href":"https:\/\/www.anamt.org.br\/portal\/wp-json\/wp\/v2\/posts\/53676\/revisions"}],"predecessor-version":[{"id":53678,"href":"https:\/\/www.anamt.org.br\/portal\/wp-json\/wp\/v2\/posts\/53676\/revisions\/53678"}],"wp:featuredmedia":[{"embeddable":true,"href":"https:\/\/www.anamt.org.br\/portal\/wp-json\/wp\/v2\/media\/53677"}],"wp:attachment":[{"href":"https:\/\/www.anamt.org.br\/portal\/wp-json\/wp\/v2\/media?parent=53676"}],"wp:term":[{"taxonomy":"category","embeddable":true,"href":"https:\/\/www.anamt.org.br\/portal\/wp-json\/wp\/v2\/categories?post=53676"},{"taxonomy":"post_tag","embeddable":true,"href":"https:\/\/www.anamt.org.br\/portal\/wp-json\/wp\/v2\/tags?post=53676"}],"curies":[{"name":"wp","href":"https:\/\/api.w.org\/{rel}","templated":true}]}}