{"id":53673,"date":"2026-03-25T13:20:48","date_gmt":"2026-03-25T16:20:48","guid":{"rendered":"https:\/\/www.anamt.org.br\/portal\/?p=53673"},"modified":"2026-03-25T13:20:48","modified_gmt":"2026-03-25T16:20:48","slug":"anamt-prepara-webinario-sobre-o-impacto-das-arboviroses-na-saude-dos-trabalhadores","status":"publish","type":"post","link":"https:\/\/www.anamt.org.br\/portal\/2026\/03\/25\/anamt-prepara-webinario-sobre-o-impacto-das-arboviroses-na-saude-dos-trabalhadores\/","title":{"rendered":"ANAMT prepara webin\u00e1rio sobre o impacto das arboviroses na sa\u00fade dos trabalhadores"},"content":{"rendered":"<p>&nbsp;<\/p>\n<p>As arboviroses, especialmente dengue e chikungunya, afetam todos os anos a sa\u00fade de milhares de brasileiros. Com o objetivo de contribuir para a preven\u00e7\u00e3o e ampliar o debate sobre o tema, a Associa\u00e7\u00e3o Nacional de Medicina do Trabalho (ANAMT) prepara um webin\u00e1rio voltado aos efeitos dessas doen\u00e7as na sa\u00fade do trabalhador.<\/p>\n<p>A iniciativa foi anunciada pelo presidente da entidade, Francisco Cortes Fernandes, ap\u00f3s participa\u00e7\u00e3o no webin\u00e1rio \u201cANS e Minist\u00e9rio da Sa\u00fade Unidos contra a Dengue e Chikungunya\u201d, promovido pela Ag\u00eancia Nacional de Sa\u00fade Suplementar (ANS) em parceria com o Minist\u00e9rio da Sa\u00fade (MS), na \u00faltima ter\u00e7a-feira, 17 de mar\u00e7o.<\/p>\n<p>\u201cEmpregadores, profissionais de sa\u00fade e gestores p\u00fablicos devem atuar de forma integrada para reduzir a dissemina\u00e7\u00e3o dessas doen\u00e7as e mitigar seus impactos no cotidiano dos trabalhadores\u201d, avalia.<\/p>\n<p>Segundo o presidente da ANAMT, iniciativas como esse webin\u00e1rio contribuem para a atualiza\u00e7\u00e3o t\u00e9cnica de profissionais e gestores. Al\u00e9m disso, refor\u00e7am a import\u00e2ncia de medidas preventivas nos ambientes de trabalho, da notifica\u00e7\u00e3o adequada dos casos e do manejo cl\u00ednico eficaz.<\/p>\n<p>Casos em 2026 \u2014 Proje\u00e7\u00f5es do cons\u00f3rcio InfoDengue\u2013Mosqlimate indicam que o Brasil poder\u00e1 registrar cerca de 1,8 milh\u00e3o de casos prov\u00e1veis de dengue na temporada 2025\u20132026, com maior impacto na regi\u00e3o Sudeste, especialmente no Rio de Janeiro. A iniciativa, desenvolvida com participa\u00e7\u00e3o da Funda\u00e7\u00e3o Oswaldo Cruz (Fiocruz) e da Funda\u00e7\u00e3o Getulio Vargas (FGV), cruza dados clim\u00e1ticos, densidade populacional e circula\u00e7\u00e3o viral para antecipar cen\u00e1rios de risco.<\/p>\n<p>Arboviroses \u2014 Transmitidas por mosquitos, essas doen\u00e7as representam um desafio n\u00e3o apenas para o sistema de sa\u00fade, mas tamb\u00e9m para o ambiente laboral, pois afetam a produtividade, aumentam o absente\u00edsmo e, sobretudo, colocam em risco a sa\u00fade e o bem-estar dos trabalhadores.<\/p>\n","protected":false},"excerpt":{"rendered":"<p>&nbsp; As arboviroses, especialmente dengue e chikungunya, afetam todos os anos a sa\u00fade de milhares de brasileiros. Com o objetivo de contribuir para a preven\u00e7\u00e3o e ampliar o debate sobre o tema, a Associa\u00e7\u00e3o Nacional de Medicina do Trabalho (ANAMT) prepara um webin\u00e1rio voltado aos efeitos dessas doen\u00e7as na sa\u00fade do trabalhador. A iniciativa foi [&hellip;]<\/p>\n","protected":false},"author":10,"featured_media":53674,"comment_status":"closed","ping_status":"closed","sticky":false,"template":"","format":"standard","meta":{"footnotes":""},"categories":[77,8],"tags":[],"_links":{"self":[{"href":"https:\/\/www.anamt.org.br\/portal\/wp-json\/wp\/v2\/posts\/53673"}],"collection":[{"href":"https:\/\/www.anamt.org.br\/portal\/wp-json\/wp\/v2\/posts"}],"about":[{"href":"https:\/\/www.anamt.org.br\/portal\/wp-json\/wp\/v2\/types\/post"}],"author":[{"embeddable":true,"href":"https:\/\/www.anamt.org.br\/portal\/wp-json\/wp\/v2\/users\/10"}],"replies":[{"embeddable":true,"href":"https:\/\/www.anamt.org.br\/portal\/wp-json\/wp\/v2\/comments?post=53673"}],"version-history":[{"count":1,"href":"https:\/\/www.anamt.org.br\/portal\/wp-json\/wp\/v2\/posts\/53673\/revisions"}],"predecessor-version":[{"id":53675,"href":"https:\/\/www.anamt.org.br\/portal\/wp-json\/wp\/v2\/posts\/53673\/revisions\/53675"}],"wp:featuredmedia":[{"embeddable":true,"href":"https:\/\/www.anamt.org.br\/portal\/wp-json\/wp\/v2\/media\/53674"}],"wp:attachment":[{"href":"https:\/\/www.anamt.org.br\/portal\/wp-json\/wp\/v2\/media?parent=53673"}],"wp:term":[{"taxonomy":"category","embeddable":true,"href":"https:\/\/www.anamt.org.br\/portal\/wp-json\/wp\/v2\/categories?post=53673"},{"taxonomy":"post_tag","embeddable":true,"href":"https:\/\/www.anamt.org.br\/portal\/wp-json\/wp\/v2\/tags?post=53673"}],"curies":[{"name":"wp","href":"https:\/\/api.w.org\/{rel}","templated":true}]}}