{"id":53657,"date":"2026-03-17T12:01:03","date_gmt":"2026-03-17T15:01:03","guid":{"rendered":"https:\/\/www.anamt.org.br\/portal\/?p=53657"},"modified":"2026-03-17T12:01:03","modified_gmt":"2026-03-17T15:01:03","slug":"anamt-participa-do-iv-forum-do-ato-medico-promovido-pelo-cfm","status":"publish","type":"post","link":"https:\/\/www.anamt.org.br\/portal\/2026\/03\/17\/anamt-participa-do-iv-forum-do-ato-medico-promovido-pelo-cfm\/","title":{"rendered":"ANAMT participa do IV F\u00f3rum do Ato M\u00e9dico, promovido pelo CFM"},"content":{"rendered":"<p>&nbsp;<\/p>\n<p>A Associa\u00e7\u00e3o Nacional de Medicina do Trabalho (ANAMT) marcou presen\u00e7a no IV F\u00f3rum do Ato M\u00e9dico, promovido pelo Conselho Federal de Medicina (CFM), realizado em Florian\u00f3polis (SC). O encontro reuniu lideran\u00e7as m\u00e9dicas, especialistas e representantes de institui\u00e7\u00f5es da \u00e1rea da sa\u00fade para discutir estrat\u00e9gias voltadas ao fortalecimento da pr\u00e1tica m\u00e9dica e \u00e0 prote\u00e7\u00e3o da sociedade diante do exerc\u00edcio irregular da profiss\u00e3o.<\/p>\n<p>Participaram do evento, representando a ANAMT, a diretora adjunta do Departamento Cient\u00edfico, Rosylane Rocha, que tamb\u00e9m \u00e9 2\u00aa vice-presidente do CFM, e o diretor de Rela\u00e7\u00f5es Interinstitucionais da Associa\u00e7\u00e3o, Anderson Grimminger Ramos. Outros m\u00e9dicos do trabalho tamb\u00e9m acompanharam os debates, como Carlos Magno Dalapicola, vice-tesoureiro do CFM; Fl\u00e1vio Freitas (conselheiro federal de medicina \u2013 suplente \u2013 pelo Mato Grosso do Sul) e Jo\u00e3o Gon\u00e7alves, tamb\u00e9m membro do Conselho Regional de Medicina de Alagoas (Cremal).<\/p>\n<p>Ao abordar as iniciativas conduzidas pelo Conselho Federal de Medicina na defesa do ato m\u00e9dico, Rosylane Rocha destacou o avan\u00e7o das estrat\u00e9gias da institui\u00e7\u00e3o voltadas ao tema. \u201cDesde 2024, quando buscamos desenvolver novas estrat\u00e9gias sobre o tema, os conceitos se tornaram mais claros e as estrat\u00e9gias foram aperfei\u00e7oadas. Portas se abriram e percebemos que a mesma ansiedade que afeta a classe m\u00e9dica encontra eco em outros setores da sociedade brasileira\u201d, afirmou.<\/p>\n<p>Promovido pelo CFM, o F\u00f3rum teve como tema central \u201cSeguran\u00e7a, \u00c9tica e Justi\u00e7a na Defesa dos Pacientes\u201d e reuniu especialistas para debater aspectos relacionados ao combate ao exerc\u00edcio ilegal da medicina e ao fortalecimento do chamado Pacto pela Medicina Segura, que re\u00fane diferentes entidades m\u00e9dicas em torno da defesa das prerrogativas profissionais.<\/p>\n<p>A programa\u00e7\u00e3o contou com confer\u00eancias e pain\u00e9is tem\u00e1ticos que abordaram, entre outros pontos, o uso de tecnologias na fiscaliza\u00e7\u00e3o do exerc\u00edcio ilegal da medicina; o papel das vigil\u00e2ncias sanit\u00e1rias e do Procon no enfrentamento dessas irregularidades; a articula\u00e7\u00e3o das entidades m\u00e9dicas com o Minist\u00e9rio P\u00fablico e o Judici\u00e1rio. O evento abordou ainda estrat\u00e9gias de preven\u00e7\u00e3o e combate \u00e0 viol\u00eancia contra m\u00e9dicos e equipes nos locais de atendimento.<\/p>\n<p>Para Anderson Grimminger Ramos, a agenda proposta pelo encontro tem eco nas necessidades da popula\u00e7\u00e3o m\u00e9dica e precisa ser alvo de uma articula\u00e7\u00e3o que envolva v\u00e1rios setores da sociedade. \u201cComo diretor de Rela\u00e7\u00f5es Interinstitucionais, considero eventos assim fundamentais, pois nos permitem conhecer a vis\u00e3o de outras \u00e1reas que t\u00eam interface com a medicina\u201d, finalizou.<\/p>\n","protected":false},"excerpt":{"rendered":"<p>&nbsp; A Associa\u00e7\u00e3o Nacional de Medicina do Trabalho (ANAMT) marcou presen\u00e7a no IV F\u00f3rum do Ato M\u00e9dico, promovido pelo Conselho Federal de Medicina (CFM), realizado em Florian\u00f3polis (SC). O encontro reuniu lideran\u00e7as m\u00e9dicas, especialistas e representantes de institui\u00e7\u00f5es da \u00e1rea da sa\u00fade para discutir estrat\u00e9gias voltadas ao fortalecimento da pr\u00e1tica m\u00e9dica e \u00e0 prote\u00e7\u00e3o da [&hellip;]<\/p>\n","protected":false},"author":10,"featured_media":53658,"comment_status":"closed","ping_status":"closed","sticky":false,"template":"","format":"standard","meta":{"footnotes":""},"categories":[77,8],"tags":[],"_links":{"self":[{"href":"https:\/\/www.anamt.org.br\/portal\/wp-json\/wp\/v2\/posts\/53657"}],"collection":[{"href":"https:\/\/www.anamt.org.br\/portal\/wp-json\/wp\/v2\/posts"}],"about":[{"href":"https:\/\/www.anamt.org.br\/portal\/wp-json\/wp\/v2\/types\/post"}],"author":[{"embeddable":true,"href":"https:\/\/www.anamt.org.br\/portal\/wp-json\/wp\/v2\/users\/10"}],"replies":[{"embeddable":true,"href":"https:\/\/www.anamt.org.br\/portal\/wp-json\/wp\/v2\/comments?post=53657"}],"version-history":[{"count":2,"href":"https:\/\/www.anamt.org.br\/portal\/wp-json\/wp\/v2\/posts\/53657\/revisions"}],"predecessor-version":[{"id":53660,"href":"https:\/\/www.anamt.org.br\/portal\/wp-json\/wp\/v2\/posts\/53657\/revisions\/53660"}],"wp:featuredmedia":[{"embeddable":true,"href":"https:\/\/www.anamt.org.br\/portal\/wp-json\/wp\/v2\/media\/53658"}],"wp:attachment":[{"href":"https:\/\/www.anamt.org.br\/portal\/wp-json\/wp\/v2\/media?parent=53657"}],"wp:term":[{"taxonomy":"category","embeddable":true,"href":"https:\/\/www.anamt.org.br\/portal\/wp-json\/wp\/v2\/categories?post=53657"},{"taxonomy":"post_tag","embeddable":true,"href":"https:\/\/www.anamt.org.br\/portal\/wp-json\/wp\/v2\/tags?post=53657"}],"curies":[{"name":"wp","href":"https:\/\/api.w.org\/{rel}","templated":true}]}}