{"id":53625,"date":"2026-03-05T10:28:06","date_gmt":"2026-03-05T13:28:06","guid":{"rendered":"https:\/\/www.anamt.org.br\/portal\/?p=53625"},"modified":"2026-03-05T10:28:06","modified_gmt":"2026-03-05T13:28:06","slug":"anamt-marca-presenca-na-posse-do-novo-presidente-da-academia-nacional-de-medicina","status":"publish","type":"post","link":"https:\/\/www.anamt.org.br\/portal\/2026\/03\/05\/anamt-marca-presenca-na-posse-do-novo-presidente-da-academia-nacional-de-medicina\/","title":{"rendered":"ANAMT marca presen\u00e7a na posse do novo presidente da Academia Nacional de Medicina"},"content":{"rendered":"<p style=\"text-align: justify;\">A Associa\u00e7\u00e3o Nacional de Medicina do Trabalho (ANAMT) esteve presente na cerim\u00f4nia de posse do novo presidente da Academia Nacional de Medicina (ANM), realizada na \u00faltima ter\u00e7a-feira (3), em sua sede, no Rio de Janeiro (RJ). A solenidade reuniu representantes das principais entidades m\u00e9dicas do pa\u00eds, al\u00e9m de autoridades, m\u00e9dicos, familiares e amigos dos acad\u00eamicos.<\/p>\n<p style=\"text-align: justify;\">Esse foi o marco do in\u00edcio da gest\u00e3o de Ant\u00f4nio Eg\u00eddio Nardi \u00e0 frente da ANM, que responder\u00e1 pela Academia no bi\u00eanio 2026\u20132027. Ao comentar as pautas que dever\u00e3o orientar o debate nos pr\u00f3ximos anos, ele destacou a qualifica\u00e7\u00e3o do ensino da medicina, que, conforme apontou, \u201cexige constante aten\u00e7\u00e3o da Academia\u201d.<\/p>\n<p style=\"text-align: justify;\">Nardi tamb\u00e9m incluiu nessa agenda o avan\u00e7o das transforma\u00e7\u00f5es tecnol\u00f3gicas. De acordo com ele, a medicina est\u00e1 em permanente evolu\u00e7\u00e3o, pois a tecnologia j\u00e1 faz parte da pr\u00e1tica m\u00e9dica: a intelig\u00eancia artificial \u00e9 uma realidade, assim como a cirurgia rob\u00f3tica e outras inova\u00e7\u00f5es. Como pontuou, \u201ccabe \u00e0 Academia estar sempre na vanguarda da assist\u00eancia m\u00e9dica\u201d.<\/p>\n<p style=\"text-align: justify;\">Tamb\u00e9m foram empossados, em Sess\u00e3o Plen\u00e1ria da Academia Nacional de Medicina, os demais integrantes da Diretoria: os acad\u00eamicos Giovanni Guido Cerri (Primeiro Vice-Presidente), Jos\u00e9 Galv\u00e3o-Alves (Segundo Vice-Presidente), Maur\u00edcio Magalh\u00e3es Costa (Secret\u00e1rio-Geral), Jerson Lima da Silva (Primeiro Secret\u00e1rio), Rossano Fiorelli (Segundo Secret\u00e1rio), Omar Lupi (Tesoureiro) e Jos\u00e9 Hor\u00e1cio Aboudib Jr. (Primeiro Tesoureiro).<\/p>\n<p style=\"text-align: justify;\">Assumem ainda fun\u00e7\u00f5es estrat\u00e9gicas voltadas \u00e0 preserva\u00e7\u00e3o do patrim\u00f4nio hist\u00f3rico e cient\u00edfico Natalino Salgado Filho (Diretor da Biblioteca), Arno von Ristow (Diretor do Arquivo) e Eloisa Bonf\u00e1 (Diretora do Museu). As Se\u00e7\u00f5es passam a ser presididas por Rui Maciel (Medicina), Carlos Giesta (Cirurgia) e Wanderley de Souza (Ci\u00eancias Aplicadas), e a Diretoria ser\u00e1 completada pelo acad\u00eamico Jos\u00e9 de Jesus Camargo, eleito Orador.<\/p>\n<p style=\"text-align: justify;\"><strong>Integra\u00e7\u00e3o &#8211;<\/strong> Na oportunidade, a ANAMT foi representada por seu presidente, Francisco Cortes Fernandes. Segundo ele, essa participa\u00e7\u00e3o simboliza mais do que um gesto protocolar: trata-se de uma estrat\u00e9gia de integra\u00e7\u00e3o entre duas institui\u00e7\u00f5es hist\u00f3ricas da medicina brasileira.<\/p>\n<p style=\"text-align: justify;\">\u201cA Associa\u00e7\u00e3o Nacional de Medicina do Trabalho completar\u00e1 60 anos em 2028. J\u00e1 a Academia Nacional de Medicina completar\u00e1 200 anos em 2029. \u00c9 \u00f3bvio que o car\u00e1ter institucional tem que ser o de colabora\u00e7\u00e3o entre as duas importantes organiza\u00e7\u00f5es\u201d, declarou.<\/p>\n<p style=\"text-align: justify;\">Cortes Fernandes acredita que essa aproxima\u00e7\u00e3o amplia o alcance das pautas da sa\u00fade do trabalhador no debate nacional. \u201c\u00c9 importante que n\u00f3s, como institui\u00e7\u00f5es coirm\u00e3s, estejamos em contato para que juntos possamos desenvolver atividades na esfera da medicina do trabalho e, lato sensu, na medicina como um todo\u201d, afirmou.<\/p>\n<p style=\"text-align: justify;\">O presidente ainda colocou oficialmente a ANAMT \u00e0 disposi\u00e7\u00e3o da nova gest\u00e3o para colaborar em projetos e discuss\u00f5es t\u00e9cnicas. \u201cA nossa Associa\u00e7\u00e3o est\u00e1 dispon\u00edvel no que for necess\u00e1rio para a Academia Nacional de Medicina desenvolver trabalhos cient\u00edficos, aproveitando a expertise da nossa associa\u00e7\u00e3o\u201d, destacou.<\/p>\n<p style=\"text-align: justify;\"><strong>Academia \u2013 <\/strong>A Academia Nacional de Medicina (ANM) \u00e9 uma das institui\u00e7\u00f5es cient\u00edficas mais tradicionais do pa\u00eds, exercendo papel estrat\u00e9gico na formula\u00e7\u00e3o e no debate de temas relevantes para a sa\u00fade no Brasil. Fundada no s\u00e9culo XIX, a entidade re\u00fane m\u00e9dicos e pesquisadores de destaque e atua como espa\u00e7o permanente de reflex\u00e3o sobre os rumos da medicina, da cirurgia, da sa\u00fade p\u00fablica e das ci\u00eancias afins.<\/p>\n<p style=\"text-align: justify;\">Al\u00e9m de promover o estudo e o desenvolvimento das pr\u00e1ticas m\u00e9dicas, a ANM tamb\u00e9m exerce fun\u00e7\u00e3o consultiva junto ao governo brasileiro em temas relacionados \u00e0 sa\u00fade e \u00e0 educa\u00e7\u00e3o m\u00e9dica. A institui\u00e7\u00e3o contribui para a qualifica\u00e7\u00e3o do debate t\u00e9cnico-cient\u00edfico, fomenta a produ\u00e7\u00e3o de conhecimento e participa ativamente de discuss\u00f5es que impactam pol\u00edticas p\u00fablicas, forma\u00e7\u00e3o profissional e assist\u00eancia \u00e0 popula\u00e7\u00e3o.<\/p>\n<p style=\"text-align: justify;\">\n<p style=\"text-align: justify;\">\n","protected":false},"excerpt":{"rendered":"<p>A Associa\u00e7\u00e3o Nacional de Medicina do Trabalho (ANAMT) esteve presente na cerim\u00f4nia de posse do novo presidente da Academia Nacional de Medicina (ANM), realizada na \u00faltima ter\u00e7a-feira (3), em sua sede, no Rio de Janeiro (RJ). A solenidade reuniu representantes das principais entidades m\u00e9dicas do pa\u00eds, al\u00e9m de autoridades, m\u00e9dicos, familiares e amigos dos acad\u00eamicos. [&hellip;]<\/p>\n","protected":false},"author":10,"featured_media":53626,"comment_status":"closed","ping_status":"closed","sticky":false,"template":"","format":"standard","meta":{"footnotes":""},"categories":[77,8],"tags":[],"_links":{"self":[{"href":"https:\/\/www.anamt.org.br\/portal\/wp-json\/wp\/v2\/posts\/53625"}],"collection":[{"href":"https:\/\/www.anamt.org.br\/portal\/wp-json\/wp\/v2\/posts"}],"about":[{"href":"https:\/\/www.anamt.org.br\/portal\/wp-json\/wp\/v2\/types\/post"}],"author":[{"embeddable":true,"href":"https:\/\/www.anamt.org.br\/portal\/wp-json\/wp\/v2\/users\/10"}],"replies":[{"embeddable":true,"href":"https:\/\/www.anamt.org.br\/portal\/wp-json\/wp\/v2\/comments?post=53625"}],"version-history":[{"count":1,"href":"https:\/\/www.anamt.org.br\/portal\/wp-json\/wp\/v2\/posts\/53625\/revisions"}],"predecessor-version":[{"id":53627,"href":"https:\/\/www.anamt.org.br\/portal\/wp-json\/wp\/v2\/posts\/53625\/revisions\/53627"}],"wp:featuredmedia":[{"embeddable":true,"href":"https:\/\/www.anamt.org.br\/portal\/wp-json\/wp\/v2\/media\/53626"}],"wp:attachment":[{"href":"https:\/\/www.anamt.org.br\/portal\/wp-json\/wp\/v2\/media?parent=53625"}],"wp:term":[{"taxonomy":"category","embeddable":true,"href":"https:\/\/www.anamt.org.br\/portal\/wp-json\/wp\/v2\/categories?post=53625"},{"taxonomy":"post_tag","embeddable":true,"href":"https:\/\/www.anamt.org.br\/portal\/wp-json\/wp\/v2\/tags?post=53625"}],"curies":[{"name":"wp","href":"https:\/\/api.w.org\/{rel}","templated":true}]}}