{"id":53583,"date":"2026-02-20T14:26:53","date_gmt":"2026-02-20T17:26:53","guid":{"rendered":"https:\/\/www.anamt.org.br\/portal\/?p=53583"},"modified":"2026-02-25T08:35:49","modified_gmt":"2026-02-25T11:35:49","slug":"debate-sobre-soberania-medica-e-uso-da-ia-inaugura-em-2026-serie-de-programas-para-qualificacao-de-medicos-do-trabalho","status":"publish","type":"post","link":"https:\/\/www.anamt.org.br\/portal\/2026\/02\/20\/debate-sobre-soberania-medica-e-uso-da-ia-inaugura-em-2026-serie-de-programas-para-qualificacao-de-medicos-do-trabalho\/","title":{"rendered":"Debate sobre soberania m\u00e9dica e uso da IA inaugura, em 2026, s\u00e9rie de programas para qualifica\u00e7\u00e3o de m\u00e9dicos do trabalho"},"content":{"rendered":"<p style=\"text-align: justify;\">Acaba de sair o primeiro epis\u00f3dio do Podcast ANAMT Express de 2026. A pauta escolhida para abrir os debates esse ano \u00e9 \u201cA Soberania do M\u00e9dico do Trabalho na Era da Intelig\u00eancia Artificial. O programa, que j\u00e1 est\u00e1 dispon\u00edvel no Spotify, \u00e9 uma produ\u00e7\u00e3o da Associa\u00e7\u00e3o Nacional de Medicina do Trabalho (ANAMT) que, assim, d\u00e1 continuidade a uma iniciativa que visa a qualifica\u00e7\u00e3o dos especialistas brasileiros.<\/p>\n<p style=\"text-align: justify;\"><strong><em>PARA CONHECER O PODCAST ANAMT EXPRESS, CLIQUE <\/em><\/strong><a href=\"https:\/\/open.spotify.com\/show\/7zOOeuVttuNSDsGYP8R1gS?si=J7V-jLc-RD2qLKSvAYaTlA\"><strong><em>AQUI<\/em><\/strong><\/a><strong><em>. <\/em><\/strong><\/p>\n<p style=\"text-align: justify;\">Esse epis\u00f3dio, o segundo da s\u00e9rie Express, tem como foco os impactos \u00e9ticos, jur\u00eddicos e t\u00e9cnicos do uso de ferramentas de IA na rotina da Medicina do Trabalho. Para produzir o programa, o Departamento Cient\u00edfico da ANAMT se debru\u00e7ou sobre diretrizes recentes da <em>Society of Occupational Medicine<\/em>, do Reino Unido; o Regulamento Europeu de Intelig\u00eancia Artificial; o C\u00f3digo de \u00c9tica M\u00e9dica e a Lei de Prote\u00e7\u00e3o Geral de Dados (LGPD), ambos brasileiros.<\/p>\n<p style=\"text-align: justify;\">O formato de podcast, adotado em maio de 2020, em plena pandemia de covid-19, foi pensando n\u00e3o s\u00f3 como mais um meio de divulga\u00e7\u00e3o de conhecimento, mas, sobretudo, como uma forma de aproxima\u00e7\u00e3o entre os m\u00e9dicos do trabalho e a ANAMT. O selo &#8220;Express&#8221; surgiu depois, com o amadurecimento do projeto, para trazer mais dinamismo e agilidade aos epis\u00f3dios que passaram a ser de cinco minutos, em m\u00e9dia.<\/p>\n<p style=\"text-align: justify;\">Segundo o diretor Cient\u00edfico da Associa\u00e7\u00e3o, Ricardo Turenko, a proposta de produzir podcasts nasceu para levar atualiza\u00e7\u00e3o \u00e0s mais diferentes regi\u00f5es do Brasil. \u201cO objetivo principal da iniciativa foi estabelecer uma comunica\u00e7\u00e3o mais pr\u00f3xima, din\u00e2mica, acess\u00edvel e de qualidade com os m\u00e9dicos do trabalho, al\u00e9m de acompanhar as tend\u00eancias de consumo de informa\u00e7\u00e3o\u201d, destaca Turenko, que j\u00e1 trabalha no preparo de novos epis\u00f3dios que em breve ser\u00e3o disponibilizados.<\/p>\n<p style=\"text-align: justify;\">\n","protected":false},"excerpt":{"rendered":"<p>Acaba de sair o primeiro epis\u00f3dio do Podcast ANAMT Express de 2026. A pauta escolhida para abrir os debates esse ano \u00e9 \u201cA Soberania do M\u00e9dico do Trabalho na Era da Intelig\u00eancia Artificial. O programa, que j\u00e1 est\u00e1 dispon\u00edvel no Spotify, \u00e9 uma produ\u00e7\u00e3o da Associa\u00e7\u00e3o Nacional de Medicina do Trabalho (ANAMT) que, assim, d\u00e1 [&hellip;]<\/p>\n","protected":false},"author":10,"featured_media":53601,"comment_status":"closed","ping_status":"closed","sticky":false,"template":"","format":"standard","meta":{"footnotes":""},"categories":[77,8],"tags":[],"_links":{"self":[{"href":"https:\/\/www.anamt.org.br\/portal\/wp-json\/wp\/v2\/posts\/53583"}],"collection":[{"href":"https:\/\/www.anamt.org.br\/portal\/wp-json\/wp\/v2\/posts"}],"about":[{"href":"https:\/\/www.anamt.org.br\/portal\/wp-json\/wp\/v2\/types\/post"}],"author":[{"embeddable":true,"href":"https:\/\/www.anamt.org.br\/portal\/wp-json\/wp\/v2\/users\/10"}],"replies":[{"embeddable":true,"href":"https:\/\/www.anamt.org.br\/portal\/wp-json\/wp\/v2\/comments?post=53583"}],"version-history":[{"count":2,"href":"https:\/\/www.anamt.org.br\/portal\/wp-json\/wp\/v2\/posts\/53583\/revisions"}],"predecessor-version":[{"id":53602,"href":"https:\/\/www.anamt.org.br\/portal\/wp-json\/wp\/v2\/posts\/53583\/revisions\/53602"}],"wp:featuredmedia":[{"embeddable":true,"href":"https:\/\/www.anamt.org.br\/portal\/wp-json\/wp\/v2\/media\/53601"}],"wp:attachment":[{"href":"https:\/\/www.anamt.org.br\/portal\/wp-json\/wp\/v2\/media?parent=53583"}],"wp:term":[{"taxonomy":"category","embeddable":true,"href":"https:\/\/www.anamt.org.br\/portal\/wp-json\/wp\/v2\/categories?post=53583"},{"taxonomy":"post_tag","embeddable":true,"href":"https:\/\/www.anamt.org.br\/portal\/wp-json\/wp\/v2\/tags?post=53583"}],"curies":[{"name":"wp","href":"https:\/\/api.w.org\/{rel}","templated":true}]}}