{"id":53580,"date":"2026-02-13T11:06:30","date_gmt":"2026-02-13T14:06:30","guid":{"rendered":"https:\/\/www.anamt.org.br\/portal\/?p=53580"},"modified":"2026-02-13T15:48:30","modified_gmt":"2026-02-13T18:48:30","slug":"medico-capixaba-prepara-as-malas-para-intercambio-na-italia-em-processo-articulado-pela-anamt","status":"publish","type":"post","link":"https:\/\/www.anamt.org.br\/portal\/2026\/02\/13\/medico-capixaba-prepara-as-malas-para-intercambio-na-italia-em-processo-articulado-pela-anamt\/","title":{"rendered":"M\u00e9dico capixaba prepara as malas para interc\u00e2mbio na It\u00e1lia em processo articulado pela ANAMT"},"content":{"rendered":"<p style=\"text-align: justify;\">A partir de maio de 2026, a rotina do m\u00e9dico do trabalho Sergio Narciso Lage, 30 anos, morador de Vit\u00f3ria (ES), ser\u00e1 em italiano. Com candidatura aprovada pela Associa\u00e7\u00e3o Nacional de Medicina do Trabalho (ANAMT) e pela Universidade Tor Vergata, em Roma, ele embarca para um interc\u00e2mbio acad\u00eamico naquela escola da Europa. Ele ser\u00e1 o segundo beneficiado com uma parceria firmada entre as duas institui\u00e7\u00f5es, acess\u00edvel apenas aos associados adimplentes em 2026.<\/p>\n<p style=\"text-align: justify;\"><strong><em>SAIBA SOBRE ESSE INTERCAMBIO. <a href=\"https:\/\/www.anamt.org.br\/portal\/2026\/02\/13\/parceria-entre-anamt-e-universidade-tor-vergata-da-italia-oportuniza-intercambio-em-medicina-do-trabalho\/\">Clique aqui.<\/a> <\/em><\/strong><\/p>\n<p style=\"text-align: justify;\">Durante tr\u00eas semanas, ele passar\u00e1 por um treinamento intensivo na \u00e1rea de ergoftalmologia. Natural de Aimor\u00e9s (MG) e capixaba de cora\u00e7\u00e3o, Lage \u00e9 graduado em Medicina pela Escola Superior de Ci\u00eancias da Santa Casa de Miseric\u00f3rdia de Vit\u00f3ria (EMESCAM) e possui t\u00edtulo de especialista em Medicina do Trabalho concedido pela ANAMT\/AMB. Atualmente, atua como m\u00e9dico do trabalho e coordena o Programa de Controle M\u00e9dico de Sa\u00fade Ocupacional (PCMSO) em uma das unidades brasileiras de um grupo espanhol l\u00edder no setor de produtos para banheiros.<\/p>\n<p style=\"text-align: justify;\">Nesse bate-papo, o jovem m\u00e9dico fala sobre o processo seletivo promovido pela ANAMT, que oportuniza a especialistas brasileiros o aprofundamento acad\u00eamico e cient\u00edfico na universidade italiana, que figura entre as mais respeitadas da Europa. \u201cUnir o prest\u00edgio da ANAMT \u00e0 excel\u00eancia da Universidade Tor Vergata \u00e9 a oportunidade ideal para aplicar essa vis\u00e3o \u00e0 Medicina do Trabalho e \u00e0 Ergoftalmologia\u201d, avalia.<\/p>\n<div id=\"attachment_53577\" style=\"width: 310px\" class=\"wp-caption alignnone\"><img aria-describedby=\"caption-attachment-53577\" decoding=\"async\" class=\"size-medium wp-image-53577\" src=\"https:\/\/www.anamt.org.br\/portal\/wp-content\/uploads\/2026\/02\/dr-sergio-lage--300x233.jpg\" alt=\"\" width=\"300\" height=\"233\" srcset=\"https:\/\/www.anamt.org.br\/portal\/wp-content\/uploads\/2026\/02\/dr-sergio-lage--200x155.jpg 200w, https:\/\/www.anamt.org.br\/portal\/wp-content\/uploads\/2026\/02\/dr-sergio-lage--300x233.jpg 300w, https:\/\/www.anamt.org.br\/portal\/wp-content\/uploads\/2026\/02\/dr-sergio-lage--400x310.jpg 400w, https:\/\/www.anamt.org.br\/portal\/wp-content\/uploads\/2026\/02\/dr-sergio-lage--600x465.jpg 600w, https:\/\/www.anamt.org.br\/portal\/wp-content\/uploads\/2026\/02\/dr-sergio-lage--768x596.jpg 768w, https:\/\/www.anamt.org.br\/portal\/wp-content\/uploads\/2026\/02\/dr-sergio-lage--800x620.jpg 800w, https:\/\/www.anamt.org.br\/portal\/wp-content\/uploads\/2026\/02\/dr-sergio-lage-.jpg 824w\" sizes=\"(max-width: 300px) 100vw, 300px\" \/><p id=\"caption-attachment-53577\" class=\"wp-caption-text\">\u00b4Dr. Sergio Lage foi selecionado e embarca para Roma em maio<\/p><\/div>\n<p style=\"text-align: justify;\">Confira a \u00edntegra dessa conversa.<\/p>\n<p style=\"text-align: justify;\"><strong>ANAMT &#8211; Para conhec\u00ea-lo melhor, conte um pouco sobre sua trajet\u00f3ria na Medicina do Trabalho?<\/strong><\/p>\n<p style=\"text-align: justify;\"><strong>Sergio Lage<\/strong> &#8211; Minha trajet\u00f3ria na Medicina do Trabalho come\u00e7ou logo ap\u00f3s minha gradua\u00e7\u00e3o, no in\u00edcio de 2020. Iniciei minha atua\u00e7\u00e3o como m\u00e9dico examinador em uma cl\u00ednica de refer\u00eancia em Vit\u00f3ria e, sob a mentoria do seu m\u00e9dico respons\u00e1vel, desenvolvi uma profunda identifica\u00e7\u00e3o com a \u00e1rea. O que come\u00e7ou como uma pr\u00e1tica cl\u00ednica evoluiu para uma paix\u00e3o pela preserva\u00e7\u00e3o da sa\u00fade do trabalhador e pela complexidade da gest\u00e3o ocupacional. Fui aprofundando meus conhecimentos t\u00e9cnico-cient\u00edficos at\u00e9 que, em 2024, conquistei o t\u00edtulo de especialista pela ANAMT\/AMB. Logo ap\u00f3s essa certifica\u00e7\u00e3o, assumi o desafio de atuar como M\u00e9dico do Trabalho Coordenador do PCMSO em uma das unidades nacionais de um grupo multinacional. Hoje, concilio a gest\u00e3o de sa\u00fade de centenas de colaboradores em atividades de alto risco com a atua\u00e7\u00e3o em per\u00edcias m\u00e9dicas, buscando sempre o equil\u00edbrio entre as exig\u00eancias normativas e o bem-estar no ambiente laboral.<\/p>\n<p style=\"text-align: justify;\"><strong>ANAMT &#8211; O que o motivou a se inscrever nesse interc\u00e2mbio promovido pela ANAMT e a Universidade Tor Vergata?<\/strong><\/p>\n<p style=\"text-align: justify;\"><strong>SL<\/strong> &#8211; O que me motivou foi a possibilidade de unir o rigor cient\u00edfico \u00e0 riqueza do interc\u00e2mbio cultural, algo que considero fundamental para uma forma\u00e7\u00e3o m\u00e9dica humanista. Sempre tive um profundo interesse em atividades acad\u00eamicas internacionais por entender que elas v\u00e3o al\u00e9m da troca de conhecimentos t\u00e9cnicos, abrangendo quest\u00f5es comportamentais e filos\u00f3ficas que moldam nossa pr\u00e1tica. Tive uma experi\u00eancia muito rica durante a gradua\u00e7\u00e3o, quando realizei um interc\u00e2mbio na China focado em Acupuntura e Medicina Tradicional Chinesa, al\u00e9m de ter atuado na recep\u00e7\u00e3o de intercambistas estrangeiros na minha institui\u00e7\u00e3o de origem. Acredito que conciliar a pr\u00e1tica cl\u00ednica com a produ\u00e7\u00e3o cient\u00edfica internacional nos permite colaborar com a comunidade global e gerar impactos que v\u00e3o al\u00e9m da nossa atua\u00e7\u00e3o local. Unir o prest\u00edgio da ANAMT \u00e0 excel\u00eancia da Universidade Tor Vergata \u00e9 a oportunidade ideal para aplicar essa vis\u00e3o \u00e0 Medicina do Trabalho e \u00e0 ergoftalmologia.<\/p>\n<p style=\"text-align: justify;\"><strong>ANAMT &#8211; Como recebeu a not\u00edcia de aprova\u00e7\u00e3o do seu projeto? Qual tema da sua pesquisa?<\/strong><\/p>\n<p style=\"text-align: justify;\"><strong>SL &#8211; <\/strong>Receber a not\u00edcia da aprova\u00e7\u00e3o foi extremamente animador e gratificante. O tema central da minha pesquisa \u00e9 a ergoftalmologia, uma sub\u00e1rea dedicada \u00e0 interface entre o trabalho e a vis\u00e3o. O objetivo \u00e9 estudar como adaptar o ambiente e as ferramentas laborais para proteger e otimizar a sa\u00fade visual dos trabalhadores. Em um mundo cada vez mais conectado a telas e dispositivos digitais, entender essa din\u00e2mica \u00e9 crucial para prevenir a fadiga visual e outras patologias oculares relacionadas ao trabalho. Minha meta neste interc\u00e2mbio \u00e9 focar tanto no aprendizado de novas metodologias quanto na produ\u00e7\u00e3o cient\u00edfica de alto impacto nessa \u00e1rea.<\/p>\n<p style=\"text-align: justify;\"><strong>ANAMT \u2013 Pode nos contar um pouco mais sobre seu projeto de pesquisa? <\/strong><\/p>\n<p style=\"text-align: justify;\"><strong>SL &#8211; <\/strong>Atualmente estou no Brasil. O interc\u00e2mbio ocorrer\u00e1 em maio e ter\u00e1 a dura\u00e7\u00e3o de tr\u00eas semanas. Ser\u00e1 um per\u00edodo de treinamento intensivo e imers\u00e3o total na Universidade Tor Vergata, com foco espec\u00edfico em ergoftalmologia. Quanto ao projeto, ele \u00e9 parte integrante de um ciclo de pesquisa mais amplo. Esse per\u00edodo na It\u00e1lia ser\u00e1 crucial para consolidar o aprendizado de metodologias avan\u00e7adas junto a especialistas internacionais. A previs\u00e3o \u00e9 que os resultados colhidos durante essa experi\u00eancia na Tor Vergata sejam sintetizados e conclu\u00eddos ao longo dos pr\u00f3ximos meses, contribuindo diretamente a produ\u00e7\u00e3o cient\u00edfica e para a aplica\u00e7\u00e3o pr\u00e1tica na sa\u00fade ocupacional aqui no Brasil.<\/p>\n<p style=\"text-align: justify;\"><strong>ANAMT &#8211; Quais suas expectativas em rela\u00e7\u00e3o \u00e0 experi\u00eancia acad\u00eamica e profissional na It\u00e1lia?<\/strong><\/p>\n<p style=\"text-align: justify;\"><strong>SL &#8211; <\/strong>As expectativas s\u00e3o muito boas, tanto pelo prest\u00edgio da Universidade Tor Vergata quanto pela vanguarda europeia nos estudos de ergonomia. Espero absorver metodologias avan\u00e7adas de avalia\u00e7\u00e3o da fadiga visual e do impacto das novas tecnologias no ambiente de trabalho. Acredito que essa imers\u00e3o poder\u00e1 permitir refinar o olhar cr\u00edtico para a gest\u00e3o de riscos, al\u00e9m de fortalecer uma rede de colabora\u00e7\u00e3o cient\u00edfica internacional, algo que considero essencial para o avan\u00e7o da medicina baseada em evid\u00eancias.<\/p>\n<p style=\"text-align: justify;\"><strong>ANAMT &#8211; Que aprendizados acredita que essa viv\u00eancia pode trazer para sua atua\u00e7\u00e3o? <\/strong><\/p>\n<p style=\"text-align: justify;\"><strong>SL &#8211; <\/strong>O principal aprendizado ser\u00e1 a capacidade de transpor o conhecimento te\u00f3rico para solu\u00e7\u00f5es pr\u00e1ticas no dia a dia das empresas. Conhecer protocolos de preven\u00e7\u00e3o e diagn\u00f3stico mais precisos podem ajudar a reduzir o absente\u00edsmo e a melhorar o conforto e a produtividade dos trabalhadores.<\/p>\n<p style=\"text-align: justify;\"><strong>ANAMT &#8211; Na sua avalia\u00e7\u00e3o, qual \u00e9 a import\u00e2ncia desse interc\u00e2mbio para a ANAMT e para a Medicina do Trabalho?<\/strong><\/p>\n<p style=\"text-align: justify;\"><strong>SL &#8211; <\/strong>Este interc\u00e2mbio materializa o compromisso da ANAMT com a internacionaliza\u00e7\u00e3o do conhecimento e com a excel\u00eancia cient\u00edfica de seus membros. Para a Medicina do Trabalho brasileira, essa parceria com a Universidade Tor Vergata sinaliza que estamos alinhados com os centros de pesquisa mais importantes do mundo. Fortalecer esses la\u00e7os permite que a nossa especialidade n\u00e3o apenas consuma ci\u00eancia estrangeira, mas tamb\u00e9m participe ativamente da sua constru\u00e7\u00e3o. \u00c9 uma oportunidade de mostrar a qualidade da nossa medicina ocupacional e de retornar ao pa\u00eds com subs\u00eddios que elevam o padr\u00e3o da pr\u00e1tica profissional<\/p>\n","protected":false},"excerpt":{"rendered":"<p>A partir de maio de 2026, a rotina do m\u00e9dico do trabalho Sergio Narciso Lage, 30 anos, morador de Vit\u00f3ria (ES), ser\u00e1 em italiano. Com candidatura aprovada pela Associa\u00e7\u00e3o Nacional de Medicina do Trabalho (ANAMT) e pela Universidade Tor Vergata, em Roma, ele embarca para um interc\u00e2mbio acad\u00eamico naquela escola da Europa. Ele ser\u00e1 o [&hellip;]<\/p>\n","protected":false},"author":10,"featured_media":53582,"comment_status":"closed","ping_status":"closed","sticky":false,"template":"","format":"standard","meta":{"footnotes":""},"categories":[77,8],"tags":[274],"_links":{"self":[{"href":"https:\/\/www.anamt.org.br\/portal\/wp-json\/wp\/v2\/posts\/53580"}],"collection":[{"href":"https:\/\/www.anamt.org.br\/portal\/wp-json\/wp\/v2\/posts"}],"about":[{"href":"https:\/\/www.anamt.org.br\/portal\/wp-json\/wp\/v2\/types\/post"}],"author":[{"embeddable":true,"href":"https:\/\/www.anamt.org.br\/portal\/wp-json\/wp\/v2\/users\/10"}],"replies":[{"embeddable":true,"href":"https:\/\/www.anamt.org.br\/portal\/wp-json\/wp\/v2\/comments?post=53580"}],"version-history":[{"count":1,"href":"https:\/\/www.anamt.org.br\/portal\/wp-json\/wp\/v2\/posts\/53580\/revisions"}],"predecessor-version":[{"id":53581,"href":"https:\/\/www.anamt.org.br\/portal\/wp-json\/wp\/v2\/posts\/53580\/revisions\/53581"}],"wp:featuredmedia":[{"embeddable":true,"href":"https:\/\/www.anamt.org.br\/portal\/wp-json\/wp\/v2\/media\/53582"}],"wp:attachment":[{"href":"https:\/\/www.anamt.org.br\/portal\/wp-json\/wp\/v2\/media?parent=53580"}],"wp:term":[{"taxonomy":"category","embeddable":true,"href":"https:\/\/www.anamt.org.br\/portal\/wp-json\/wp\/v2\/categories?post=53580"},{"taxonomy":"post_tag","embeddable":true,"href":"https:\/\/www.anamt.org.br\/portal\/wp-json\/wp\/v2\/tags?post=53580"}],"curies":[{"name":"wp","href":"https:\/\/api.w.org\/{rel}","templated":true}]}}