{"id":52475,"date":"2025-11-27T14:48:19","date_gmt":"2025-11-27T17:48:19","guid":{"rendered":"https:\/\/www.anamt.org.br\/portal\/?p=52475"},"modified":"2025-11-27T14:48:19","modified_gmt":"2025-11-27T17:48:19","slug":"5a-maratona-abresst-anamt-participa-de-evento-em-sao-paulo-sp","status":"publish","type":"post","link":"https:\/\/www.anamt.org.br\/portal\/2025\/11\/27\/5a-maratona-abresst-anamt-participa-de-evento-em-sao-paulo-sp\/","title":{"rendered":"5\u00aa Maratona ABRESST: ANAMT participa de evento em S\u00e3o Paulo (SP)"},"content":{"rendered":"<p>Nesta quinta (27), o presidente da ANAMT, Dr. Francisco Cortes Fernandes, apresentou a palestra Panorama das doen\u00e7as ocupacionais no Brasil e Am\u00e9rica Latina na 5\u00aa Maratona ABRESST, evento da Associa\u00e7\u00e3o Brasileira de Empresas de Sa\u00fade e Seguran\u00e7a no Trabalho (ABRESST) realizado em S\u00e3o Paulo (SP).<\/p>\n<p><img decoding=\"async\" class=\"aligncenter wp-image-52476 size-fusion-600\" src=\"https:\/\/www.anamt.org.br\/portal\/wp-content\/uploads\/2025\/11\/WhatsApp-Image-2025-11-27-at-12.56.34-600x400.jpeg\" alt=\"\" width=\"600\" height=\"400\" srcset=\"https:\/\/www.anamt.org.br\/portal\/wp-content\/uploads\/2025\/11\/WhatsApp-Image-2025-11-27-at-12.56.34-200x133.jpeg 200w, https:\/\/www.anamt.org.br\/portal\/wp-content\/uploads\/2025\/11\/WhatsApp-Image-2025-11-27-at-12.56.34-300x200.jpeg 300w, https:\/\/www.anamt.org.br\/portal\/wp-content\/uploads\/2025\/11\/WhatsApp-Image-2025-11-27-at-12.56.34-400x267.jpeg 400w, https:\/\/www.anamt.org.br\/portal\/wp-content\/uploads\/2025\/11\/WhatsApp-Image-2025-11-27-at-12.56.34-600x400.jpeg 600w, https:\/\/www.anamt.org.br\/portal\/wp-content\/uploads\/2025\/11\/WhatsApp-Image-2025-11-27-at-12.56.34-768x512.jpeg 768w, https:\/\/www.anamt.org.br\/portal\/wp-content\/uploads\/2025\/11\/WhatsApp-Image-2025-11-27-at-12.56.34-800x533.jpeg 800w, https:\/\/www.anamt.org.br\/portal\/wp-content\/uploads\/2025\/11\/WhatsApp-Image-2025-11-27-at-12.56.34-1024x682.jpeg 1024w, https:\/\/www.anamt.org.br\/portal\/wp-content\/uploads\/2025\/11\/WhatsApp-Image-2025-11-27-at-12.56.34-1200x800.jpeg 1200w, https:\/\/www.anamt.org.br\/portal\/wp-content\/uploads\/2025\/11\/WhatsApp-Image-2025-11-27-at-12.56.34-1536x1023.jpeg 1536w, https:\/\/www.anamt.org.br\/portal\/wp-content\/uploads\/2025\/11\/WhatsApp-Image-2025-11-27-at-12.56.34.jpeg 1600w\" sizes=\"(max-width: 600px) 100vw, 600px\" \/> <img decoding=\"async\" class=\"aligncenter wp-image-52477 size-fusion-600\" src=\"https:\/\/www.anamt.org.br\/portal\/wp-content\/uploads\/2025\/11\/WhatsApp-Image-2025-11-27-at-12.46.41-600x487.jpeg\" alt=\"\" width=\"600\" height=\"487\" srcset=\"https:\/\/www.anamt.org.br\/portal\/wp-content\/uploads\/2025\/11\/WhatsApp-Image-2025-11-27-at-12.46.41-200x162.jpeg 200w, https:\/\/www.anamt.org.br\/portal\/wp-content\/uploads\/2025\/11\/WhatsApp-Image-2025-11-27-at-12.46.41-300x244.jpeg 300w, https:\/\/www.anamt.org.br\/portal\/wp-content\/uploads\/2025\/11\/WhatsApp-Image-2025-11-27-at-12.46.41-400x325.jpeg 400w, https:\/\/www.anamt.org.br\/portal\/wp-content\/uploads\/2025\/11\/WhatsApp-Image-2025-11-27-at-12.46.41-600x487.jpeg 600w, https:\/\/www.anamt.org.br\/portal\/wp-content\/uploads\/2025\/11\/WhatsApp-Image-2025-11-27-at-12.46.41-768x624.jpeg 768w, https:\/\/www.anamt.org.br\/portal\/wp-content\/uploads\/2025\/11\/WhatsApp-Image-2025-11-27-at-12.46.41-800x650.jpeg 800w, https:\/\/www.anamt.org.br\/portal\/wp-content\/uploads\/2025\/11\/WhatsApp-Image-2025-11-27-at-12.46.41.jpeg 895w\" sizes=\"(max-width: 600px) 100vw, 600px\" \/><\/p>\n","protected":false},"excerpt":{"rendered":"<p>Nesta quinta (27), o presidente da ANAMT, Dr. Francisco Cortes Fernandes, apresentou a palestra Panorama das doen\u00e7as ocupacionais no Brasil e Am\u00e9rica Latina na 5\u00aa Maratona ABRESST, evento da Associa\u00e7\u00e3o Brasileira de Empresas de Sa\u00fade e Seguran\u00e7a no Trabalho (ABRESST) realizado em S\u00e3o Paulo (SP).<\/p>\n","protected":false},"author":5,"featured_media":52478,"comment_status":"closed","ping_status":"closed","sticky":false,"template":"","format":"standard","meta":{"footnotes":""},"categories":[77,8],"tags":[],"_links":{"self":[{"href":"https:\/\/www.anamt.org.br\/portal\/wp-json\/wp\/v2\/posts\/52475"}],"collection":[{"href":"https:\/\/www.anamt.org.br\/portal\/wp-json\/wp\/v2\/posts"}],"about":[{"href":"https:\/\/www.anamt.org.br\/portal\/wp-json\/wp\/v2\/types\/post"}],"author":[{"embeddable":true,"href":"https:\/\/www.anamt.org.br\/portal\/wp-json\/wp\/v2\/users\/5"}],"replies":[{"embeddable":true,"href":"https:\/\/www.anamt.org.br\/portal\/wp-json\/wp\/v2\/comments?post=52475"}],"version-history":[{"count":1,"href":"https:\/\/www.anamt.org.br\/portal\/wp-json\/wp\/v2\/posts\/52475\/revisions"}],"predecessor-version":[{"id":52479,"href":"https:\/\/www.anamt.org.br\/portal\/wp-json\/wp\/v2\/posts\/52475\/revisions\/52479"}],"wp:featuredmedia":[{"embeddable":true,"href":"https:\/\/www.anamt.org.br\/portal\/wp-json\/wp\/v2\/media\/52478"}],"wp:attachment":[{"href":"https:\/\/www.anamt.org.br\/portal\/wp-json\/wp\/v2\/media?parent=52475"}],"wp:term":[{"taxonomy":"category","embeddable":true,"href":"https:\/\/www.anamt.org.br\/portal\/wp-json\/wp\/v2\/categories?post=52475"},{"taxonomy":"post_tag","embeddable":true,"href":"https:\/\/www.anamt.org.br\/portal\/wp-json\/wp\/v2\/tags?post=52475"}],"curies":[{"name":"wp","href":"https:\/\/api.w.org\/{rel}","templated":true}]}}