{"id":52420,"date":"2025-11-12T18:24:00","date_gmt":"2025-11-12T21:24:00","guid":{"rendered":"https:\/\/www.anamt.org.br\/portal\/?p=52420"},"modified":"2025-11-12T18:24:00","modified_gmt":"2025-11-12T21:24:00","slug":"anamt-participa-de-lancamento-de-livro-na-cop30","status":"publish","type":"post","link":"https:\/\/www.anamt.org.br\/portal\/2025\/11\/12\/anamt-participa-de-lancamento-de-livro-na-cop30\/","title":{"rendered":"ANAMT participa de lan\u00e7amento de livro na COP30"},"content":{"rendered":"<p>Nesta quarta (12), Dr. Benones Carvalho, presidente da Sociedade Paraense de Medicina do Trabalho (SPMT), representou a ANAMT no lan\u00e7amento do livro Mudan\u00e7as Clim\u00e1ticas e a Prote\u00e7\u00e3o do Meio Ambiente do Trabalho, do Minist\u00e9rio P\u00fablico do Trabalho. O evento integra a programa\u00e7\u00e3o do MPT na COP30, em Bel\u00e9m (PA).<\/p>\n<p>O presidente da ANAMT, Dr. Francisco Cortes Fernandes, juntamente com Dr. Pietro Gomes, \u00e9 autor do cap\u00edtulo Impactos das Mudan\u00e7as Clim\u00e1ticas na Sa\u00fade Ocupacional: um Enfoque Detalhado para a Pr\u00e1tica da Medicina do Trabalho.<\/p>\n<p>A publica\u00e7\u00e3o pode ser acessada <a href=\"https:\/\/www.anamt.org.br\/portal\/2025\/11\/06\/mudancas-climativas-e-protecao-do-meio-ambiente-de-trabalho-anamt-participa-de-livro-do-mpt-sobre-o-tema\/\" target=\"_blank\" rel=\"noopener\"><strong>aqui<\/strong><\/a>.<\/p>\n<p><img decoding=\"async\" class=\"aligncenter wp-image-52421 size-fusion-400\" src=\"https:\/\/www.anamt.org.br\/portal\/wp-content\/uploads\/2025\/11\/WhatsApp-Image-2025-11-12-at-18.09.01-400x858.jpeg\" alt=\"\" width=\"400\" height=\"858\" srcset=\"https:\/\/www.anamt.org.br\/portal\/wp-content\/uploads\/2025\/11\/WhatsApp-Image-2025-11-12-at-18.09.01-140x300.jpeg 140w, https:\/\/www.anamt.org.br\/portal\/wp-content\/uploads\/2025\/11\/WhatsApp-Image-2025-11-12-at-18.09.01-200x429.jpeg 200w, https:\/\/www.anamt.org.br\/portal\/wp-content\/uploads\/2025\/11\/WhatsApp-Image-2025-11-12-at-18.09.01-400x858.jpeg 400w, https:\/\/www.anamt.org.br\/portal\/wp-content\/uploads\/2025\/11\/WhatsApp-Image-2025-11-12-at-18.09.01-478x1024.jpeg 478w, https:\/\/www.anamt.org.br\/portal\/wp-content\/uploads\/2025\/11\/WhatsApp-Image-2025-11-12-at-18.09.01.jpeg 597w\" sizes=\"(max-width: 400px) 100vw, 400px\" \/><\/p>\n","protected":false},"excerpt":{"rendered":"<p>Nesta quarta (12), Dr. Benones Carvalho, presidente da Sociedade Paraense de Medicina do Trabalho (SPMT), representou a ANAMT no lan\u00e7amento do livro Mudan\u00e7as Clim\u00e1ticas e a Prote\u00e7\u00e3o do Meio Ambiente do Trabalho, do Minist\u00e9rio P\u00fablico do Trabalho. O evento integra a programa\u00e7\u00e3o do MPT na COP30, em Bel\u00e9m (PA). O presidente da ANAMT, Dr. Francisco [&hellip;]<\/p>\n","protected":false},"author":5,"featured_media":52394,"comment_status":"closed","ping_status":"closed","sticky":false,"template":"","format":"standard","meta":{"footnotes":""},"categories":[77,8],"tags":[],"_links":{"self":[{"href":"https:\/\/www.anamt.org.br\/portal\/wp-json\/wp\/v2\/posts\/52420"}],"collection":[{"href":"https:\/\/www.anamt.org.br\/portal\/wp-json\/wp\/v2\/posts"}],"about":[{"href":"https:\/\/www.anamt.org.br\/portal\/wp-json\/wp\/v2\/types\/post"}],"author":[{"embeddable":true,"href":"https:\/\/www.anamt.org.br\/portal\/wp-json\/wp\/v2\/users\/5"}],"replies":[{"embeddable":true,"href":"https:\/\/www.anamt.org.br\/portal\/wp-json\/wp\/v2\/comments?post=52420"}],"version-history":[{"count":1,"href":"https:\/\/www.anamt.org.br\/portal\/wp-json\/wp\/v2\/posts\/52420\/revisions"}],"predecessor-version":[{"id":52422,"href":"https:\/\/www.anamt.org.br\/portal\/wp-json\/wp\/v2\/posts\/52420\/revisions\/52422"}],"wp:featuredmedia":[{"embeddable":true,"href":"https:\/\/www.anamt.org.br\/portal\/wp-json\/wp\/v2\/media\/52394"}],"wp:attachment":[{"href":"https:\/\/www.anamt.org.br\/portal\/wp-json\/wp\/v2\/media?parent=52420"}],"wp:term":[{"taxonomy":"category","embeddable":true,"href":"https:\/\/www.anamt.org.br\/portal\/wp-json\/wp\/v2\/categories?post=52420"},{"taxonomy":"post_tag","embeddable":true,"href":"https:\/\/www.anamt.org.br\/portal\/wp-json\/wp\/v2\/tags?post=52420"}],"curies":[{"name":"wp","href":"https:\/\/api.w.org\/{rel}","templated":true}]}}