{"id":52393,"date":"2025-11-06T16:11:04","date_gmt":"2025-11-06T19:11:04","guid":{"rendered":"https:\/\/www.anamt.org.br\/portal\/?p=52393"},"modified":"2025-11-11T11:18:39","modified_gmt":"2025-11-11T14:18:39","slug":"mudancas-climativas-e-protecao-do-meio-ambiente-de-trabalho-anamt-participa-de-livro-do-mpt-sobre-o-tema","status":"publish","type":"post","link":"https:\/\/www.anamt.org.br\/portal\/2025\/11\/06\/mudancas-climativas-e-protecao-do-meio-ambiente-de-trabalho-anamt-participa-de-livro-do-mpt-sobre-o-tema\/","title":{"rendered":"Mudan\u00e7as Clim\u00e1ticas e Prote\u00e7\u00e3o do Meio Ambiente de Trabalho: ANAMT participa de livro do MPT sobre o tema"},"content":{"rendered":"<p><img decoding=\"async\" class=\"aligncenter wp-image-52396 size-fusion-400\" src=\"https:\/\/www.anamt.org.br\/portal\/wp-content\/uploads\/2025\/11\/WhatsApp-Image-2025-11-06-at-21.19.07-400x533.jpeg\" alt=\"\" width=\"400\" height=\"533\" srcset=\"https:\/\/www.anamt.org.br\/portal\/wp-content\/uploads\/2025\/11\/WhatsApp-Image-2025-11-06-at-21.19.07-200x267.jpeg 200w, https:\/\/www.anamt.org.br\/portal\/wp-content\/uploads\/2025\/11\/WhatsApp-Image-2025-11-06-at-21.19.07-225x300.jpeg 225w, https:\/\/www.anamt.org.br\/portal\/wp-content\/uploads\/2025\/11\/WhatsApp-Image-2025-11-06-at-21.19.07-400x533.jpeg 400w, https:\/\/www.anamt.org.br\/portal\/wp-content\/uploads\/2025\/11\/WhatsApp-Image-2025-11-06-at-21.19.07-600x800.jpeg 600w, https:\/\/www.anamt.org.br\/portal\/wp-content\/uploads\/2025\/11\/WhatsApp-Image-2025-11-06-at-21.19.07-768x1024.jpeg 768w, https:\/\/www.anamt.org.br\/portal\/wp-content\/uploads\/2025\/11\/WhatsApp-Image-2025-11-06-at-21.19.07-800x1067.jpeg 800w, https:\/\/www.anamt.org.br\/portal\/wp-content\/uploads\/2025\/11\/WhatsApp-Image-2025-11-06-at-21.19.07-1152x1536.jpeg 1152w, https:\/\/www.anamt.org.br\/portal\/wp-content\/uploads\/2025\/11\/WhatsApp-Image-2025-11-06-at-21.19.07-1200x1600.jpeg 1200w, https:\/\/www.anamt.org.br\/portal\/wp-content\/uploads\/2025\/11\/WhatsApp-Image-2025-11-06-at-21.19.07-1536x2048.jpeg 1536w, https:\/\/www.anamt.org.br\/portal\/wp-content\/uploads\/2025\/11\/WhatsApp-Image-2025-11-06-at-21.19.07-scaled.jpeg 1920w\" sizes=\"(max-width: 400px) 100vw, 400px\" \/><\/p>\n<p>O presidente da ANAMT, Dr. Francisco Cortes Fernandes, participou nesta quinta (6) do lan\u00e7amento do livro Mudan\u00e7as Clim\u00e1ticas e a Prote\u00e7\u00e3o do Meio Ambiente do Trabalho. Ele \u00e9 autor, juntamente com Dr. Pietro Gomes, do cap\u00edtulo Impactos das Mudan\u00e7as Clim\u00e1ticas na Sa\u00fade Ocupacional: um Enfoque Detalhado para a Pr\u00e1tica da Medicina do Trabalho.<\/p>\n<p>A publica\u00e7\u00e3o, realizada pela Coordenadoria Nacional de Defesa do Meio Ambiente do Trabalho e da Sa\u00fade do Trabalhador e da Trabalhadora (Codemat), aborda impactos das transforma\u00e7\u00f5es clim\u00e1ticas nas rela\u00e7\u00f5es de trabalho, na sa\u00fade e seguran\u00e7a dos trabalhadores e os desafios para formula\u00e7\u00e3o de pol\u00edticas p\u00fablicas na \u00e1rea.<\/p>\n<p>O livro est\u00e1 dispon\u00edvel <a href=\"https:\/\/mpt.mp.br\/pgt\/noticias\/manual-mudanca-climatica-capa-_compressed-1.pdf\" target=\"_blank\" rel=\"noopener\"><strong>neste link<\/strong><\/a>.<\/p>\n<p>A transmiss\u00e3o do lan\u00e7amento do livro pode ser vista abaixo:<\/p>\n<div class=\"video-shortcode\"><iframe title=\"Lan\u00e7amento do livro Mudan\u00e7as Clim\u00e1ticas e a Prote\u00e7\u00e3o do Meio Ambiente do Trabalho\" width=\"1500\" height=\"844\" src=\"https:\/\/www.youtube.com\/embed\/bnAYG7xxOTI?feature=oembed\" frameborder=\"0\" allow=\"accelerometer; autoplay; clipboard-write; encrypted-media; gyroscope; picture-in-picture; web-share\" referrerpolicy=\"strict-origin-when-cross-origin\" allowfullscreen><\/iframe><\/div>\n","protected":false},"excerpt":{"rendered":"<p>O presidente da ANAMT, Dr. Francisco Cortes Fernandes, participou nesta quinta (6) do lan\u00e7amento do livro Mudan\u00e7as Clim\u00e1ticas e a Prote\u00e7\u00e3o do Meio Ambiente do Trabalho. Ele \u00e9 autor, juntamente com Dr. Pietro Gomes, do cap\u00edtulo Impactos das Mudan\u00e7as Clim\u00e1ticas na Sa\u00fade Ocupacional: um Enfoque Detalhado para a Pr\u00e1tica da Medicina do Trabalho. A publica\u00e7\u00e3o, [&hellip;]<\/p>\n","protected":false},"author":5,"featured_media":52394,"comment_status":"closed","ping_status":"closed","sticky":false,"template":"","format":"standard","meta":{"footnotes":""},"categories":[77,8],"tags":[],"_links":{"self":[{"href":"https:\/\/www.anamt.org.br\/portal\/wp-json\/wp\/v2\/posts\/52393"}],"collection":[{"href":"https:\/\/www.anamt.org.br\/portal\/wp-json\/wp\/v2\/posts"}],"about":[{"href":"https:\/\/www.anamt.org.br\/portal\/wp-json\/wp\/v2\/types\/post"}],"author":[{"embeddable":true,"href":"https:\/\/www.anamt.org.br\/portal\/wp-json\/wp\/v2\/users\/5"}],"replies":[{"embeddable":true,"href":"https:\/\/www.anamt.org.br\/portal\/wp-json\/wp\/v2\/comments?post=52393"}],"version-history":[{"count":2,"href":"https:\/\/www.anamt.org.br\/portal\/wp-json\/wp\/v2\/posts\/52393\/revisions"}],"predecessor-version":[{"id":52415,"href":"https:\/\/www.anamt.org.br\/portal\/wp-json\/wp\/v2\/posts\/52393\/revisions\/52415"}],"wp:featuredmedia":[{"embeddable":true,"href":"https:\/\/www.anamt.org.br\/portal\/wp-json\/wp\/v2\/media\/52394"}],"wp:attachment":[{"href":"https:\/\/www.anamt.org.br\/portal\/wp-json\/wp\/v2\/media?parent=52393"}],"wp:term":[{"taxonomy":"category","embeddable":true,"href":"https:\/\/www.anamt.org.br\/portal\/wp-json\/wp\/v2\/categories?post=52393"},{"taxonomy":"post_tag","embeddable":true,"href":"https:\/\/www.anamt.org.br\/portal\/wp-json\/wp\/v2\/tags?post=52393"}],"curies":[{"name":"wp","href":"https:\/\/api.w.org\/{rel}","templated":true}]}}