{"id":52339,"date":"2025-10-14T10:47:30","date_gmt":"2025-10-14T13:47:30","guid":{"rendered":"https:\/\/www.anamt.org.br\/portal\/?p=52339"},"modified":"2025-10-14T10:47:30","modified_gmt":"2025-10-14T13:47:30","slug":"anamt-participa-de-materias-sobre-ergonomia-e-inteligencia-artificial","status":"publish","type":"post","link":"https:\/\/www.anamt.org.br\/portal\/2025\/10\/14\/anamt-participa-de-materias-sobre-ergonomia-e-inteligencia-artificial\/","title":{"rendered":"ANAMT participa de mat\u00e9rias sobre Ergonomia e Intelig\u00eancia Artificial"},"content":{"rendered":"<p><img decoding=\"async\" class=\"aligncenter wp-image-52340 size-fusion-400\" src=\"https:\/\/www.anamt.org.br\/portal\/wp-content\/uploads\/2025\/10\/cipasetout-400x522.png\" alt=\"\" width=\"400\" height=\"522\" srcset=\"https:\/\/www.anamt.org.br\/portal\/wp-content\/uploads\/2025\/10\/cipasetout-200x261.png 200w, https:\/\/www.anamt.org.br\/portal\/wp-content\/uploads\/2025\/10\/cipasetout-230x300.png 230w, https:\/\/www.anamt.org.br\/portal\/wp-content\/uploads\/2025\/10\/cipasetout-400x522.png 400w, https:\/\/www.anamt.org.br\/portal\/wp-content\/uploads\/2025\/10\/cipasetout.png 490w\" sizes=\"(max-width: 400px) 100vw, 400px\" \/><\/p>\n<p>A nova edi\u00e7\u00e3o da Revista Cipa e Inc\u00eandio trouxe em sua mat\u00e9ria de capa a Ergonomia e os desafios da abordagem dos casos. Entre os especialistas entrevistados, a diretora cient\u00edfica da ANAMT, Dra. Rosylane Rocha, falou sobre aspectos que contribu\u00edram para aumentos dos casos, como crescimento do home office e o papel das empresas nesse contexto. &#8220;A empresa, a seu turno, n\u00e3o est\u00e1 dispensada de prover recursos \u00e0 Ergonomia do posto de trabalho e nem renunciar ao treinamento para a preven\u00e7\u00e3o de DORT&#8221;, destacou.<\/p>\n<p>Dr. Ricardo Turenko, diretor de Rela\u00e7\u00f5es Internacionais da Associa\u00e7\u00e3o, abordou iniciativas para o futuro da ergonomia. &#8220;Estamos preparando o Brasil para a Ind\u00fastria 5.0, onde sustentabilidade \u00e9 a palavra-chave. A ANAMT tem firmado parcerias com universidades e organiza\u00e7\u00f5es globais para manter nossos profissionais na vanguarda&#8221;, ressaltou.<\/p>\n<p><img decoding=\"async\" class=\"aligncenter wp-image-52341 size-fusion-600\" src=\"https:\/\/www.anamt.org.br\/portal\/wp-content\/uploads\/2025\/10\/cipasetout2-600x377.png\" alt=\"\" width=\"600\" height=\"377\" srcset=\"https:\/\/www.anamt.org.br\/portal\/wp-content\/uploads\/2025\/10\/cipasetout2-200x126.png 200w, https:\/\/www.anamt.org.br\/portal\/wp-content\/uploads\/2025\/10\/cipasetout2-300x188.png 300w, https:\/\/www.anamt.org.br\/portal\/wp-content\/uploads\/2025\/10\/cipasetout2-320x202.png 320w, https:\/\/www.anamt.org.br\/portal\/wp-content\/uploads\/2025\/10\/cipasetout2-400x251.png 400w, https:\/\/www.anamt.org.br\/portal\/wp-content\/uploads\/2025\/10\/cipasetout2-600x377.png 600w, https:\/\/www.anamt.org.br\/portal\/wp-content\/uploads\/2025\/10\/cipasetout2-700x441.png 700w, https:\/\/www.anamt.org.br\/portal\/wp-content\/uploads\/2025\/10\/cipasetout2-768x482.png 768w, https:\/\/www.anamt.org.br\/portal\/wp-content\/uploads\/2025\/10\/cipasetout2-800x502.png 800w, https:\/\/www.anamt.org.br\/portal\/wp-content\/uploads\/2025\/10\/cipasetout2.png 833w\" sizes=\"(max-width: 600px) 100vw, 600px\" \/><\/p>\n<p>Na mesma publica\u00e7\u00e3o, o presidente da ANAMT, Dr. Francisco Fernandes, Dra. Rosylane Rocha e o m\u00e9dico do trabalho Dr. Francisco Bastos assinam o artigo &#8220;Intelig\u00eancia Artificial e a Medicina do Trabalho: Avan\u00e7os, Aplica\u00e7\u00f5es e Perspectivas.<\/p>\n<p><img decoding=\"async\" class=\"aligncenter wp-image-52342 size-fusion-600\" src=\"https:\/\/www.anamt.org.br\/portal\/wp-content\/uploads\/2025\/10\/cipasetout3-600x389.png\" alt=\"\" width=\"600\" height=\"389\" srcset=\"https:\/\/www.anamt.org.br\/portal\/wp-content\/uploads\/2025\/10\/cipasetout3-200x130.png 200w, https:\/\/www.anamt.org.br\/portal\/wp-content\/uploads\/2025\/10\/cipasetout3-300x195.png 300w, https:\/\/www.anamt.org.br\/portal\/wp-content\/uploads\/2025\/10\/cipasetout3-400x259.png 400w, https:\/\/www.anamt.org.br\/portal\/wp-content\/uploads\/2025\/10\/cipasetout3-600x389.png 600w, https:\/\/www.anamt.org.br\/portal\/wp-content\/uploads\/2025\/10\/cipasetout3-768x498.png 768w, https:\/\/www.anamt.org.br\/portal\/wp-content\/uploads\/2025\/10\/cipasetout3-800x519.png 800w, https:\/\/www.anamt.org.br\/portal\/wp-content\/uploads\/2025\/10\/cipasetout3.png 893w\" sizes=\"(max-width: 600px) 100vw, 600px\" \/><\/p>\n<p>Veja mais sobre a revista no site da <a href=\"https:\/\/revistacipaeincendio.com.br\/\" target=\"_blank\" rel=\"noopener\">Cipa e Inc\u00eandio<\/a>.<\/p>\n","protected":false},"excerpt":{"rendered":"<p>A nova edi\u00e7\u00e3o da Revista Cipa e Inc\u00eandio trouxe em sua mat\u00e9ria de capa a Ergonomia e os desafios da abordagem dos casos. Entre os especialistas entrevistados, a diretora cient\u00edfica da ANAMT, Dra. Rosylane Rocha, falou sobre aspectos que contribu\u00edram para aumentos dos casos, como crescimento do home office e o papel das empresas nesse [&hellip;]<\/p>\n","protected":false},"author":5,"featured_media":52343,"comment_status":"closed","ping_status":"closed","sticky":false,"template":"","format":"standard","meta":{"footnotes":""},"categories":[77,8],"tags":[],"_links":{"self":[{"href":"https:\/\/www.anamt.org.br\/portal\/wp-json\/wp\/v2\/posts\/52339"}],"collection":[{"href":"https:\/\/www.anamt.org.br\/portal\/wp-json\/wp\/v2\/posts"}],"about":[{"href":"https:\/\/www.anamt.org.br\/portal\/wp-json\/wp\/v2\/types\/post"}],"author":[{"embeddable":true,"href":"https:\/\/www.anamt.org.br\/portal\/wp-json\/wp\/v2\/users\/5"}],"replies":[{"embeddable":true,"href":"https:\/\/www.anamt.org.br\/portal\/wp-json\/wp\/v2\/comments?post=52339"}],"version-history":[{"count":1,"href":"https:\/\/www.anamt.org.br\/portal\/wp-json\/wp\/v2\/posts\/52339\/revisions"}],"predecessor-version":[{"id":52344,"href":"https:\/\/www.anamt.org.br\/portal\/wp-json\/wp\/v2\/posts\/52339\/revisions\/52344"}],"wp:featuredmedia":[{"embeddable":true,"href":"https:\/\/www.anamt.org.br\/portal\/wp-json\/wp\/v2\/media\/52343"}],"wp:attachment":[{"href":"https:\/\/www.anamt.org.br\/portal\/wp-json\/wp\/v2\/media?parent=52339"}],"wp:term":[{"taxonomy":"category","embeddable":true,"href":"https:\/\/www.anamt.org.br\/portal\/wp-json\/wp\/v2\/categories?post=52339"},{"taxonomy":"post_tag","embeddable":true,"href":"https:\/\/www.anamt.org.br\/portal\/wp-json\/wp\/v2\/tags?post=52339"}],"curies":[{"name":"wp","href":"https:\/\/api.w.org\/{rel}","templated":true}]}}