{"id":52273,"date":"2025-10-02T08:18:39","date_gmt":"2025-10-02T11:18:39","guid":{"rendered":"https:\/\/www.anamt.org.br\/portal\/?p=52273"},"modified":"2025-10-03T07:55:25","modified_gmt":"2025-10-03T10:55:25","slug":"22o-congresso-nacional-anamt-evento-aborda-o-futuro-da-especialidade","status":"publish","type":"post","link":"https:\/\/www.anamt.org.br\/portal\/2025\/10\/02\/22o-congresso-nacional-anamt-evento-aborda-o-futuro-da-especialidade\/","title":{"rendered":"22\u00ba Congresso Nacional ANAMT: evento aborda o futuro da especialidade"},"content":{"rendered":"<p><img decoding=\"async\" class=\"aligncenter wp-image-52300 size-fusion-600\" src=\"https:\/\/www.anamt.org.br\/portal\/wp-content\/uploads\/2025\/10\/WhatsApp-Image-2025-10-02-at-13.11.04-600x401.jpeg\" alt=\"\" width=\"600\" height=\"401\" srcset=\"https:\/\/www.anamt.org.br\/portal\/wp-content\/uploads\/2025\/10\/WhatsApp-Image-2025-10-02-at-13.11.04-200x134.jpeg 200w, https:\/\/www.anamt.org.br\/portal\/wp-content\/uploads\/2025\/10\/WhatsApp-Image-2025-10-02-at-13.11.04-300x201.jpeg 300w, https:\/\/www.anamt.org.br\/portal\/wp-content\/uploads\/2025\/10\/WhatsApp-Image-2025-10-02-at-13.11.04-400x268.jpeg 400w, https:\/\/www.anamt.org.br\/portal\/wp-content\/uploads\/2025\/10\/WhatsApp-Image-2025-10-02-at-13.11.04-600x401.jpeg 600w, https:\/\/www.anamt.org.br\/portal\/wp-content\/uploads\/2025\/10\/WhatsApp-Image-2025-10-02-at-13.11.04-768x514.jpeg 768w, https:\/\/www.anamt.org.br\/portal\/wp-content\/uploads\/2025\/10\/WhatsApp-Image-2025-10-02-at-13.11.04-800x535.jpeg 800w, https:\/\/www.anamt.org.br\/portal\/wp-content\/uploads\/2025\/10\/WhatsApp-Image-2025-10-02-at-13.11.04-1024x685.jpeg 1024w, https:\/\/www.anamt.org.br\/portal\/wp-content\/uploads\/2025\/10\/WhatsApp-Image-2025-10-02-at-13.11.04-1200x803.jpeg 1200w, https:\/\/www.anamt.org.br\/portal\/wp-content\/uploads\/2025\/10\/WhatsApp-Image-2025-10-02-at-13.11.04-1536x1027.jpeg 1536w, https:\/\/www.anamt.org.br\/portal\/wp-content\/uploads\/2025\/10\/WhatsApp-Image-2025-10-02-at-13.11.04.jpeg 1600w\" sizes=\"(max-width: 600px) 100vw, 600px\" \/><\/p>\n<p>Nesta quinta (2), o segundo dia do 22\u00ba Congresso ANAMT tem in\u00edcio com a Confer\u00eancia Magna sobre o tema Conhecer o passado, entender o presente e planejar o futuro, ministrada pelo presidente da Associa\u00e7\u00e3o, Dr. Francisco Cortes Fernandes. A apresenta\u00e7\u00e3o foi seguida pela confer\u00eancia O passado e o futuro da Sa\u00fade Ocupacional, realizada pelo Dr. Jorma Rantanen, da Finl\u00e2ndia.<\/p>\n<p>As outras atividades da manh\u00e3 abrangem mesas-redondas. Inova\u00e7\u00e3o Tecnol\u00f3gica \u00e9 o tema de uma delas, que contou com palestra de Dr. Leonardo Sato, Dr. Francisco Bastos Neto e Dr. Carlos Eduardo Domene. A segunda mesa-redonda, sobre Gest\u00e3o e Sa\u00fade, tem a participa\u00e7\u00e3o de Dr. Leonel Rossetti, Dr. Oct\u00e1vio Augusto de Oliveira e Dr. Ricardo Sebba. Em outra atividade, sobre Capacidade Laboral, os palestrantes foram Dr. Roberto de Souza Filho, Dr. \u00c9der Arantes e Dr. Frederico de Moraes. A quarta mesa-redonda tratou do assunto Doen\u00e7as Relacionadas ao Trabalho, com participa\u00e7\u00e3o de Dr. Carlos Fernando Santana, Dr. Renato Marinho e Dra. Juliana Alves Caixeta. Seguran\u00e7a e Sa\u00fade no Trabalho foi o tema de outra atividade, que contou com palestras de Dr. Gustavo Veloso, Dr. S\u00e9rgio Roberto de Lucca e Dr. Matheus de Ara\u00fajo.<\/p>\n<p><img decoding=\"async\" class=\"aligncenter wp-image-52301 size-fusion-600\" src=\"https:\/\/www.anamt.org.br\/portal\/wp-content\/uploads\/2025\/10\/WhatsApp-Image-2025-10-02-at-13.07.15-600x400.jpeg\" alt=\"\" width=\"600\" height=\"400\" srcset=\"https:\/\/www.anamt.org.br\/portal\/wp-content\/uploads\/2025\/10\/WhatsApp-Image-2025-10-02-at-13.07.15-200x133.jpeg 200w, https:\/\/www.anamt.org.br\/portal\/wp-content\/uploads\/2025\/10\/WhatsApp-Image-2025-10-02-at-13.07.15-300x200.jpeg 300w, https:\/\/www.anamt.org.br\/portal\/wp-content\/uploads\/2025\/10\/WhatsApp-Image-2025-10-02-at-13.07.15-400x267.jpeg 400w, https:\/\/www.anamt.org.br\/portal\/wp-content\/uploads\/2025\/10\/WhatsApp-Image-2025-10-02-at-13.07.15-600x400.jpeg 600w, https:\/\/www.anamt.org.br\/portal\/wp-content\/uploads\/2025\/10\/WhatsApp-Image-2025-10-02-at-13.07.15-768x512.jpeg 768w, https:\/\/www.anamt.org.br\/portal\/wp-content\/uploads\/2025\/10\/WhatsApp-Image-2025-10-02-at-13.07.15-800x533.jpeg 800w, https:\/\/www.anamt.org.br\/portal\/wp-content\/uploads\/2025\/10\/WhatsApp-Image-2025-10-02-at-13.07.15-1024x683.jpeg 1024w, https:\/\/www.anamt.org.br\/portal\/wp-content\/uploads\/2025\/10\/WhatsApp-Image-2025-10-02-at-13.07.15-1200x800.jpeg 1200w, https:\/\/www.anamt.org.br\/portal\/wp-content\/uploads\/2025\/10\/WhatsApp-Image-2025-10-02-at-13.07.15-1536x1024.jpeg 1536w\" sizes=\"(max-width: 600px) 100vw, 600px\" \/><\/p>\n<p>\u00c0 tarde, o Congresso realizou o Simp\u00f3sio Sat\u00e9lite Os Desafios da Utiliza\u00e7\u00e3o da Intelig\u00eancia Artificial na Gest\u00e3o dos Riscos Psicossociais e a confer\u00eancia sobre Independ\u00eancia Financeira para M\u00e9dicos, apresentada pelo economista Jo\u00e3o Paulo Gon\u00e7alves. A programa\u00e7\u00e3o seguiu com novas mesas-redondas, sobre Aten\u00e7\u00e3o Prim\u00e1ria \u00e0 Sa\u00fade, que reuniu palestras do Dr. Bruno Mestrinho, Dra. Marcela Montandon e Dr. Rodrigo de Andrade. Outra atividade abordou o tema Seguran\u00e7a e Sa\u00fade no Trabalho, com a participa\u00e7\u00e3o de Dr. Paulo Rebelo, Dr. Oct\u00e1vio Augusto de Oliveira e Dr. Denilson Santana. Outra mesa-redonda, sobre Capacidade Laboral, contou com palestras de Dr. Leonardo da Silva, Dr. Leandro Guimar\u00e3es e Dr. Rafael Fernandez. Gest\u00e3o em Sa\u00fade foi o tema de outra atividade, que reuniu os palestrantes Dr. Diogo Moreira, Dr. Leonel Calvano e Dr. Alfredo Rodriguez. Tamb\u00e9m foi realizada uma mesa-redonda sobre Seguran\u00e7a e Sa\u00fade no Trabalho que reuniu palestras de Dr. Jorma Rantanen, Dr. Luiz Carlos de Miranda Junior e Dr. Jos\u00e9 Luiz de Barros.<\/p>\n<p>Forma\u00e7\u00e3o do M\u00e9dico do Trabalho foi o assunto de outra mesa-redonda do 22\u00ba Congresso Nacional ANAMT, que contou com palestras de Dra. Minna Majuri, da Finl\u00e2ndia, Dra. Rosirene Gessinger e Dr. Jos\u00e9 Ign\u00e1cio Campos, do Chile. Outra atividade sobre Doen\u00e7a Relacionada ao Trabalho (C\u00e2ncer Ocupacional} reuniu os palestrantes Dr. Jos\u00e9 Buschinelli, Dr. Jefferson Freitas e Dr. Gilmar Trivelato. Inova\u00e7\u00e3o Tecnol\u00f3gica foi tratada em outra mesa-redonda, com apresenta\u00e7\u00e3o de Dra. T\u00e2nia Mara Schaefer, Dr. Ruddy Facci e Dr. Eduardo S\u00e1. Dr. Marco T\u00falio de Mello, Dra. Rozania Sobreira e D. Marcelo Ara\u00fajo palestraram na \u00faltima mesa-redonda do dia, sobre Seguran\u00e7a e Sa\u00fade no Trabalho.<\/p>\n","protected":false},"excerpt":{"rendered":"<p>Nesta quinta (2), o segundo dia do 22\u00ba Congresso ANAMT tem in\u00edcio com a Confer\u00eancia Magna sobre o tema Conhecer o passado, entender o presente e planejar o futuro, ministrada pelo presidente da Associa\u00e7\u00e3o, Dr. Francisco Cortes Fernandes. A apresenta\u00e7\u00e3o foi seguida pela confer\u00eancia O passado e o futuro da Sa\u00fade Ocupacional, realizada pelo Dr. [&hellip;]<\/p>\n","protected":false},"author":5,"featured_media":51493,"comment_status":"closed","ping_status":"closed","sticky":false,"template":"","format":"standard","meta":{"footnotes":""},"categories":[78,77,8],"tags":[],"_links":{"self":[{"href":"https:\/\/www.anamt.org.br\/portal\/wp-json\/wp\/v2\/posts\/52273"}],"collection":[{"href":"https:\/\/www.anamt.org.br\/portal\/wp-json\/wp\/v2\/posts"}],"about":[{"href":"https:\/\/www.anamt.org.br\/portal\/wp-json\/wp\/v2\/types\/post"}],"author":[{"embeddable":true,"href":"https:\/\/www.anamt.org.br\/portal\/wp-json\/wp\/v2\/users\/5"}],"replies":[{"embeddable":true,"href":"https:\/\/www.anamt.org.br\/portal\/wp-json\/wp\/v2\/comments?post=52273"}],"version-history":[{"count":2,"href":"https:\/\/www.anamt.org.br\/portal\/wp-json\/wp\/v2\/posts\/52273\/revisions"}],"predecessor-version":[{"id":52302,"href":"https:\/\/www.anamt.org.br\/portal\/wp-json\/wp\/v2\/posts\/52273\/revisions\/52302"}],"wp:featuredmedia":[{"embeddable":true,"href":"https:\/\/www.anamt.org.br\/portal\/wp-json\/wp\/v2\/media\/51493"}],"wp:attachment":[{"href":"https:\/\/www.anamt.org.br\/portal\/wp-json\/wp\/v2\/media?parent=52273"}],"wp:term":[{"taxonomy":"category","embeddable":true,"href":"https:\/\/www.anamt.org.br\/portal\/wp-json\/wp\/v2\/categories?post=52273"},{"taxonomy":"post_tag","embeddable":true,"href":"https:\/\/www.anamt.org.br\/portal\/wp-json\/wp\/v2\/tags?post=52273"}],"curies":[{"name":"wp","href":"https:\/\/api.w.org\/{rel}","templated":true}]}}