{"id":52271,"date":"2025-10-01T08:02:55","date_gmt":"2025-10-01T11:02:55","guid":{"rendered":"https:\/\/www.anamt.org.br\/portal\/?p=52271"},"modified":"2025-10-03T07:50:20","modified_gmt":"2025-10-03T10:50:20","slug":"22o-congresso-nacional-anamt-evento-comeca-em-goiania","status":"publish","type":"post","link":"https:\/\/www.anamt.org.br\/portal\/2025\/10\/01\/22o-congresso-nacional-anamt-evento-comeca-em-goiania\/","title":{"rendered":"22\u00ba Congresso Nacional ANAMT: evento come\u00e7a em Goi\u00e2nia"},"content":{"rendered":"<p>A ANAMT inicia nesta quarta (1\u00ba) o 22\u00ba Congresso Nacional ANAMT. Realizado em Goi\u00e2nia (GO), no Centro de Conven\u00e7\u00f5es da cidade, as primeiras atividades do evento abrangem os <a href=\"https:\/\/www.anamt.org.br\/portal\/2025\/09\/22\/cursos-pre-congresso-sao-destaques-do-22o-congresso-da-anamt\/\" target=\"_blank\" rel=\"noopener\">cursos pr\u00e9-congresso<\/a>, Encontro dos Coordenadores das C\u00e2maras T\u00e9cnicas de Medicina do Trabalho dos CRMs e m\u00e9dicos fiscais dos CRMs, o F\u00f3rum Gest\u00e3o de Riscos Biol\u00f3gicos na Cadeia Produtiva da Ind\u00fastria de Prote\u00edna Animal e a solenidade de abertura do Congresso. O evento segue at\u00e9 o dia 4 de outubro.<\/p>\n<p><img decoding=\"async\" class=\"aligncenter wp-image-52292 size-fusion-600\" src=\"https:\/\/www.anamt.org.br\/portal\/wp-content\/uploads\/2025\/10\/WhatsApp-Image-2025-10-01-at-19.52.07-1-600x277.jpeg\" alt=\"\" width=\"600\" height=\"277\" srcset=\"https:\/\/www.anamt.org.br\/portal\/wp-content\/uploads\/2025\/10\/WhatsApp-Image-2025-10-01-at-19.52.07-1-200x92.jpeg 200w, https:\/\/www.anamt.org.br\/portal\/wp-content\/uploads\/2025\/10\/WhatsApp-Image-2025-10-01-at-19.52.07-1-300x139.jpeg 300w, https:\/\/www.anamt.org.br\/portal\/wp-content\/uploads\/2025\/10\/WhatsApp-Image-2025-10-01-at-19.52.07-1-400x185.jpeg 400w, https:\/\/www.anamt.org.br\/portal\/wp-content\/uploads\/2025\/10\/WhatsApp-Image-2025-10-01-at-19.52.07-1-600x277.jpeg 600w, https:\/\/www.anamt.org.br\/portal\/wp-content\/uploads\/2025\/10\/WhatsApp-Image-2025-10-01-at-19.52.07-1-768x355.jpeg 768w, https:\/\/www.anamt.org.br\/portal\/wp-content\/uploads\/2025\/10\/WhatsApp-Image-2025-10-01-at-19.52.07-1-800x370.jpeg 800w, https:\/\/www.anamt.org.br\/portal\/wp-content\/uploads\/2025\/10\/WhatsApp-Image-2025-10-01-at-19.52.07-1-1024x473.jpeg 1024w, https:\/\/www.anamt.org.br\/portal\/wp-content\/uploads\/2025\/10\/WhatsApp-Image-2025-10-01-at-19.52.07-1-1200x554.jpeg 1200w, https:\/\/www.anamt.org.br\/portal\/wp-content\/uploads\/2025\/10\/WhatsApp-Image-2025-10-01-at-19.52.07-1-1536x709.jpeg 1536w, https:\/\/www.anamt.org.br\/portal\/wp-content\/uploads\/2025\/10\/WhatsApp-Image-2025-10-01-at-19.52.07-1.jpeg 1600w\" sizes=\"(max-width: 600px) 100vw, 600px\" \/><\/p>\n<p><img decoding=\"async\" class=\"aligncenter wp-image-52297 size-fusion-600\" src=\"https:\/\/www.anamt.org.br\/portal\/wp-content\/uploads\/2025\/10\/WhatsApp-Image-2025-10-02-at-13.18.24-1-600x401.jpeg\" alt=\"\" width=\"600\" height=\"401\" srcset=\"https:\/\/www.anamt.org.br\/portal\/wp-content\/uploads\/2025\/10\/WhatsApp-Image-2025-10-02-at-13.18.24-1-200x134.jpeg 200w, https:\/\/www.anamt.org.br\/portal\/wp-content\/uploads\/2025\/10\/WhatsApp-Image-2025-10-02-at-13.18.24-1-300x201.jpeg 300w, https:\/\/www.anamt.org.br\/portal\/wp-content\/uploads\/2025\/10\/WhatsApp-Image-2025-10-02-at-13.18.24-1-400x268.jpeg 400w, https:\/\/www.anamt.org.br\/portal\/wp-content\/uploads\/2025\/10\/WhatsApp-Image-2025-10-02-at-13.18.24-1-600x401.jpeg 600w, https:\/\/www.anamt.org.br\/portal\/wp-content\/uploads\/2025\/10\/WhatsApp-Image-2025-10-02-at-13.18.24-1-768x514.jpeg 768w, https:\/\/www.anamt.org.br\/portal\/wp-content\/uploads\/2025\/10\/WhatsApp-Image-2025-10-02-at-13.18.24-1-800x535.jpeg 800w, https:\/\/www.anamt.org.br\/portal\/wp-content\/uploads\/2025\/10\/WhatsApp-Image-2025-10-02-at-13.18.24-1-1024x685.jpeg 1024w, https:\/\/www.anamt.org.br\/portal\/wp-content\/uploads\/2025\/10\/WhatsApp-Image-2025-10-02-at-13.18.24-1-1200x803.jpeg 1200w, https:\/\/www.anamt.org.br\/portal\/wp-content\/uploads\/2025\/10\/WhatsApp-Image-2025-10-02-at-13.18.24-1-1536x1027.jpeg 1536w, https:\/\/www.anamt.org.br\/portal\/wp-content\/uploads\/2025\/10\/WhatsApp-Image-2025-10-02-at-13.18.24-1.jpeg 1600w\" sizes=\"(max-width: 600px) 100vw, 600px\" \/><\/p>\n","protected":false},"excerpt":{"rendered":"<p>A ANAMT inicia nesta quarta (1\u00ba) o 22\u00ba Congresso Nacional ANAMT. Realizado em Goi\u00e2nia (GO), no Centro de Conven\u00e7\u00f5es da cidade, as primeiras atividades do evento abrangem os cursos pr\u00e9-congresso, Encontro dos Coordenadores das C\u00e2maras T\u00e9cnicas de Medicina do Trabalho dos CRMs e m\u00e9dicos fiscais dos CRMs, o F\u00f3rum Gest\u00e3o de Riscos Biol\u00f3gicos na Cadeia [&hellip;]<\/p>\n","protected":false},"author":5,"featured_media":51493,"comment_status":"closed","ping_status":"closed","sticky":false,"template":"","format":"standard","meta":{"footnotes":""},"categories":[78,77,8],"tags":[],"_links":{"self":[{"href":"https:\/\/www.anamt.org.br\/portal\/wp-json\/wp\/v2\/posts\/52271"}],"collection":[{"href":"https:\/\/www.anamt.org.br\/portal\/wp-json\/wp\/v2\/posts"}],"about":[{"href":"https:\/\/www.anamt.org.br\/portal\/wp-json\/wp\/v2\/types\/post"}],"author":[{"embeddable":true,"href":"https:\/\/www.anamt.org.br\/portal\/wp-json\/wp\/v2\/users\/5"}],"replies":[{"embeddable":true,"href":"https:\/\/www.anamt.org.br\/portal\/wp-json\/wp\/v2\/comments?post=52271"}],"version-history":[{"count":2,"href":"https:\/\/www.anamt.org.br\/portal\/wp-json\/wp\/v2\/posts\/52271\/revisions"}],"predecessor-version":[{"id":52298,"href":"https:\/\/www.anamt.org.br\/portal\/wp-json\/wp\/v2\/posts\/52271\/revisions\/52298"}],"wp:featuredmedia":[{"embeddable":true,"href":"https:\/\/www.anamt.org.br\/portal\/wp-json\/wp\/v2\/media\/51493"}],"wp:attachment":[{"href":"https:\/\/www.anamt.org.br\/portal\/wp-json\/wp\/v2\/media?parent=52271"}],"wp:term":[{"taxonomy":"category","embeddable":true,"href":"https:\/\/www.anamt.org.br\/portal\/wp-json\/wp\/v2\/categories?post=52271"},{"taxonomy":"post_tag","embeddable":true,"href":"https:\/\/www.anamt.org.br\/portal\/wp-json\/wp\/v2\/tags?post=52271"}],"curies":[{"name":"wp","href":"https:\/\/api.w.org\/{rel}","templated":true}]}}