{"id":52248,"date":"2025-09-22T10:49:23","date_gmt":"2025-09-22T13:49:23","guid":{"rendered":"https:\/\/www.anamt.org.br\/portal\/?p=52248"},"modified":"2025-09-22T10:49:23","modified_gmt":"2025-09-22T13:49:23","slug":"cursos-pre-congresso-sao-destaques-do-22o-congresso-da-anamt","status":"publish","type":"post","link":"https:\/\/www.anamt.org.br\/portal\/2025\/09\/22\/cursos-pre-congresso-sao-destaques-do-22o-congresso-da-anamt\/","title":{"rendered":"Cursos Pr\u00e9-Congresso s\u00e3o destaques do 22\u00ba Congresso da ANAMT"},"content":{"rendered":"<p>Um dia inteiro de cursos pr\u00e9-congresso, com temas de interesse na pr\u00e1tica profissional do dia a dia, vai movimentar a abertura do 22\u00ba Congresso da ANAMT, no dia 1\u00ba de outubro, no Centro de Conven\u00e7\u00f5es de Goi\u00e2nia (CCG). A programa\u00e7\u00e3o \u00e9 dividida em tr\u00eas turnos: manh\u00e3, tarde e o dia inteiro, e conta com dois f\u00f3runs e com o encontro de coordenadores das C\u00e2maras T\u00e9cnicas. As atividades se encerram antes da abertura oficial do Congresso, que tem in\u00edcio \u00e0s 19h no Teatro Rio Vermelho, no Centro de Conven\u00e7\u00f5es.<\/p>\n<p>As inscri\u00e7\u00f5es podem podem ser feitas <a href=\"https:\/\/congresso2025.anamt.org.br\/?page_id=406\" target=\"_blank\" rel=\"noopener\"><strong>aqui<\/strong><\/a>.<\/p>\n<p>Turma da manh\u00e3: hor\u00e1rio 8h \u00e0s 12h<br \/>\nEvento 1: No Audit\u00f3rio Lago Azul, do Centro de Conven\u00e7\u00f5es, acontece o F\u00f3rum sobre Acidente do Trabalho.<br \/>\nCurso Pr\u00e9-Congresso 1 &#8211; Na sala 1, ser\u00e1 realizado o Curso sobre PGR, contando com a coordena\u00e7\u00e3o do Dr Vin\u00edcio Cavalcante Moreira (MG) e aula do Dr. Luiz Carlos Lumbreras Rocha (RJ).<br \/>\nCurso Pr\u00e9-Congresso 2 &#8211; Na sala 2\/3 acontece a aula sobre PCMSO, coordenado pelo Dr. Pascoal Gomes da Costa Neto (PI) e aula ministrada pelo Dr. Jorge Luiz Ramos Teixeira (RJ).<\/p>\n<p>Turma da tarde: 14h \u00e0s 18h<br \/>\nEvento 2: Tamb\u00e9m no Audit\u00f3rio Lago Azul &#8211; F\u00f3rum Gest\u00e3o de Riscos Biol\u00f3gicos na Cadeia Produtiva da Ind\u00fastria de prote\u00edna Animal, coordenado pelo Dr. Carlos Roberto Campos (GO). O F\u00f3rum foi dividido em quatro blocos, cada um com um tema e subtemas, apresentados por especialistas nos respectivos assuntos. Bloco A: Cen\u00e1rio Integrado, Desafios da Cadeia e a Vis\u00e3o &#8216;One Health&#8217; das 14h \u00e0s 15h. Bloco B: Avalia\u00e7\u00e3o e Planejamento da Mitiga\u00e7\u00e3o T\u00e9cnica de Riscos Biol\u00f3gicos, das 15h \u00e0s 16h15. BLOCO C: Estrat\u00e9gias de Gest\u00e3o da Cadeia Produtiva, das 16h30 \u00e0s 17h15.<\/p>\n<p>Evento 3: Na sala 1, no mesmo hor\u00e1rio das 14h \u00e0s 18h, ser\u00e1 realizado o Encontro dos Coordenadores das C\u00e2maras T\u00e9cnicas de Medicina do Trabalho dos CRMS e M\u00e9dicos Fiscais dos CRMS.<br \/>\nCurso Pr\u00e9-Congresso 3: Sala 2 e 3, curso sobre NR1, coordenado pela Dra. Walneia Moreira\/MG e apresenta\u00e7\u00e3o do tema pelo Dr. Gilmar da Cunha Trivelato\/SP.<\/p>\n<p>Turma Dia Inteiro: das 8h \u00e0s 18h<\/p>\n<p>Curso Pr\u00e9-Congresso 4: sala 4 e 5 &#8211; Avalia\u00e7\u00e3o da pessoa com defici\u00eancia. Apresenta\u00e7\u00e3o do tema pelo Dr. Bruno de Paula Coutinho (DF) e Dra. Emilyanna Rodrigues Cavalcante Gon\u00e7alves (DF)<\/p>\n<p>Curso Pr\u00e9-Congresso 5: sala 6 e 7 &#8211; Um dia com a pr\u00e1tica da ergonomia, com palestra-aula do Dr.Hudson de Ara\u00fajo Couto\/MG.<\/p>\n","protected":false},"excerpt":{"rendered":"<p>Um dia inteiro de cursos pr\u00e9-congresso, com temas de interesse na pr\u00e1tica profissional do dia a dia, vai movimentar a abertura do 22\u00ba Congresso da ANAMT, no dia 1\u00ba de outubro, no Centro de Conven\u00e7\u00f5es de Goi\u00e2nia (CCG). A programa\u00e7\u00e3o \u00e9 dividida em tr\u00eas turnos: manh\u00e3, tarde e o dia inteiro, e conta com dois [&hellip;]<\/p>\n","protected":false},"author":5,"featured_media":51493,"comment_status":"closed","ping_status":"closed","sticky":false,"template":"","format":"standard","meta":{"footnotes":""},"categories":[271,77,8],"tags":[],"_links":{"self":[{"href":"https:\/\/www.anamt.org.br\/portal\/wp-json\/wp\/v2\/posts\/52248"}],"collection":[{"href":"https:\/\/www.anamt.org.br\/portal\/wp-json\/wp\/v2\/posts"}],"about":[{"href":"https:\/\/www.anamt.org.br\/portal\/wp-json\/wp\/v2\/types\/post"}],"author":[{"embeddable":true,"href":"https:\/\/www.anamt.org.br\/portal\/wp-json\/wp\/v2\/users\/5"}],"replies":[{"embeddable":true,"href":"https:\/\/www.anamt.org.br\/portal\/wp-json\/wp\/v2\/comments?post=52248"}],"version-history":[{"count":1,"href":"https:\/\/www.anamt.org.br\/portal\/wp-json\/wp\/v2\/posts\/52248\/revisions"}],"predecessor-version":[{"id":52249,"href":"https:\/\/www.anamt.org.br\/portal\/wp-json\/wp\/v2\/posts\/52248\/revisions\/52249"}],"wp:featuredmedia":[{"embeddable":true,"href":"https:\/\/www.anamt.org.br\/portal\/wp-json\/wp\/v2\/media\/51493"}],"wp:attachment":[{"href":"https:\/\/www.anamt.org.br\/portal\/wp-json\/wp\/v2\/media?parent=52248"}],"wp:term":[{"taxonomy":"category","embeddable":true,"href":"https:\/\/www.anamt.org.br\/portal\/wp-json\/wp\/v2\/categories?post=52248"},{"taxonomy":"post_tag","embeddable":true,"href":"https:\/\/www.anamt.org.br\/portal\/wp-json\/wp\/v2\/tags?post=52248"}],"curies":[{"name":"wp","href":"https:\/\/api.w.org\/{rel}","templated":true}]}}