{"id":52116,"date":"2025-08-18T17:19:43","date_gmt":"2025-08-18T20:19:43","guid":{"rendered":"https:\/\/www.anamt.org.br\/portal\/?p=52116"},"modified":"2025-08-18T17:21:34","modified_gmt":"2025-08-18T20:21:34","slug":"sogamt-realiza-31a-jornada-gaucha-de-medicina-do-trabalho","status":"publish","type":"post","link":"https:\/\/www.anamt.org.br\/portal\/2025\/08\/18\/sogamt-realiza-31a-jornada-gaucha-de-medicina-do-trabalho\/","title":{"rendered":"SOGAMT realiza 31\u00aa Jornada Ga\u00facha de Medicina do Trabalho"},"content":{"rendered":"<p>A Sociedade Ga\u00facha de Medicina do Trabalho (SOGAMT) realizar\u00e1, entre os dias 28 e 30 de agosto, a 31\u00aa Jornada Ga\u00facha de Medicina do Trabalho. A participa\u00e7\u00e3o no evento pontuar\u00e1 em 10 pontos na Prova de T\u00edtulo de Medicina do Trabalho.<\/p>\n<p>Mais informa\u00e7\u00f5es e inscri\u00e7\u00f5es est\u00e3o dispon\u00edveis <a href=\"https:\/\/sogamt.org.br\/jornada\/\" target=\"_blank\" rel=\"noopener\"><strong>aqui<\/strong><\/a>.<\/p>\n<p><img decoding=\"async\" class=\"aligncenter wp-image-52117 size-fusion-600\" src=\"https:\/\/www.anamt.org.br\/portal\/wp-content\/uploads\/2025\/08\/FD_JORNADA-2025_SAVE-THE-DATE-600x750.png\" alt=\"\" width=\"600\" height=\"750\" srcset=\"https:\/\/www.anamt.org.br\/portal\/wp-content\/uploads\/2025\/08\/FD_JORNADA-2025_SAVE-THE-DATE-200x250.png 200w, https:\/\/www.anamt.org.br\/portal\/wp-content\/uploads\/2025\/08\/FD_JORNADA-2025_SAVE-THE-DATE-240x300.png 240w, https:\/\/www.anamt.org.br\/portal\/wp-content\/uploads\/2025\/08\/FD_JORNADA-2025_SAVE-THE-DATE-400x500.png 400w, https:\/\/www.anamt.org.br\/portal\/wp-content\/uploads\/2025\/08\/FD_JORNADA-2025_SAVE-THE-DATE-600x750.png 600w, https:\/\/www.anamt.org.br\/portal\/wp-content\/uploads\/2025\/08\/FD_JORNADA-2025_SAVE-THE-DATE-768x960.png 768w, https:\/\/www.anamt.org.br\/portal\/wp-content\/uploads\/2025\/08\/FD_JORNADA-2025_SAVE-THE-DATE-800x1000.png 800w, https:\/\/www.anamt.org.br\/portal\/wp-content\/uploads\/2025\/08\/FD_JORNADA-2025_SAVE-THE-DATE-819x1024.png 819w, https:\/\/www.anamt.org.br\/portal\/wp-content\/uploads\/2025\/08\/FD_JORNADA-2025_SAVE-THE-DATE.png 1080w\" sizes=\"(max-width: 600px) 100vw, 600px\" \/><\/p>\n","protected":false},"excerpt":{"rendered":"<p>A Sociedade Ga\u00facha de Medicina do Trabalho (SOGAMT) realizar\u00e1, entre os dias 28 e 30 de agosto, a 31\u00aa Jornada Ga\u00facha de Medicina do Trabalho. A participa\u00e7\u00e3o no evento pontuar\u00e1 em 10 pontos na Prova de T\u00edtulo de Medicina do Trabalho. Mais informa\u00e7\u00f5es e inscri\u00e7\u00f5es est\u00e3o dispon\u00edveis aqui.<\/p>\n","protected":false},"author":5,"featured_media":30590,"comment_status":"closed","ping_status":"closed","sticky":false,"template":"","format":"standard","meta":{"footnotes":""},"categories":[78,270,77,8],"tags":[],"_links":{"self":[{"href":"https:\/\/www.anamt.org.br\/portal\/wp-json\/wp\/v2\/posts\/52116"}],"collection":[{"href":"https:\/\/www.anamt.org.br\/portal\/wp-json\/wp\/v2\/posts"}],"about":[{"href":"https:\/\/www.anamt.org.br\/portal\/wp-json\/wp\/v2\/types\/post"}],"author":[{"embeddable":true,"href":"https:\/\/www.anamt.org.br\/portal\/wp-json\/wp\/v2\/users\/5"}],"replies":[{"embeddable":true,"href":"https:\/\/www.anamt.org.br\/portal\/wp-json\/wp\/v2\/comments?post=52116"}],"version-history":[{"count":1,"href":"https:\/\/www.anamt.org.br\/portal\/wp-json\/wp\/v2\/posts\/52116\/revisions"}],"predecessor-version":[{"id":52118,"href":"https:\/\/www.anamt.org.br\/portal\/wp-json\/wp\/v2\/posts\/52116\/revisions\/52118"}],"wp:featuredmedia":[{"embeddable":true,"href":"https:\/\/www.anamt.org.br\/portal\/wp-json\/wp\/v2\/media\/30590"}],"wp:attachment":[{"href":"https:\/\/www.anamt.org.br\/portal\/wp-json\/wp\/v2\/media?parent=52116"}],"wp:term":[{"taxonomy":"category","embeddable":true,"href":"https:\/\/www.anamt.org.br\/portal\/wp-json\/wp\/v2\/categories?post=52116"},{"taxonomy":"post_tag","embeddable":true,"href":"https:\/\/www.anamt.org.br\/portal\/wp-json\/wp\/v2\/tags?post=52116"}],"curies":[{"name":"wp","href":"https:\/\/api.w.org\/{rel}","templated":true}]}}