{"id":52103,"date":"2025-08-14T08:19:17","date_gmt":"2025-08-14T11:19:17","guid":{"rendered":"https:\/\/www.anamt.org.br\/portal\/?p=52103"},"modified":"2025-08-14T08:19:17","modified_gmt":"2025-08-14T11:19:17","slug":"22o-congresso-nacional-anamt-associacao-se-reune-com-a-agomt","status":"publish","type":"post","link":"https:\/\/www.anamt.org.br\/portal\/2025\/08\/14\/22o-congresso-nacional-anamt-associacao-se-reune-com-a-agomt\/","title":{"rendered":"22\u00ba Congresso Nacional ANAMT: Associa\u00e7\u00e3o se re\u00fane com a AGOMT"},"content":{"rendered":"<p>No dia 13 de agosto, o presidente da ANAMT, Dr. Francisco Cortes Fernandes, se reuniu com a Associa\u00e7\u00e3o Goiana de Medicina do Trabalho (AGOMT), federada da ANAMT em Goi\u00e1s. O encontro teve como tema o 22\u00ba Congresso Nacional ANAMT, que ocorrer\u00e1 em Goi\u00e2nia (GO) entre os dias 1\u00ba e 4 de outubro. As inscri\u00e7\u00f5es e a programa\u00e7\u00e3o do evento est\u00e3o dispon\u00edveis em <a href=\"https:\/\/congresso2025.anamt.org.br\/\" target=\"_blank\" rel=\"noopener\">https:\/\/congresso2025.anamt.org.br\/<\/a><\/p>\n<p><img decoding=\"async\" class=\"aligncenter wp-image-52104 size-fusion-400\" src=\"https:\/\/www.anamt.org.br\/portal\/wp-content\/uploads\/2025\/08\/WhatsApp-Image-2025-08-13-at-20.27.53-400x533.jpeg\" alt=\"\" width=\"400\" height=\"533\" srcset=\"https:\/\/www.anamt.org.br\/portal\/wp-content\/uploads\/2025\/08\/WhatsApp-Image-2025-08-13-at-20.27.53-200x267.jpeg 200w, https:\/\/www.anamt.org.br\/portal\/wp-content\/uploads\/2025\/08\/WhatsApp-Image-2025-08-13-at-20.27.53-225x300.jpeg 225w, https:\/\/www.anamt.org.br\/portal\/wp-content\/uploads\/2025\/08\/WhatsApp-Image-2025-08-13-at-20.27.53-400x533.jpeg 400w, https:\/\/www.anamt.org.br\/portal\/wp-content\/uploads\/2025\/08\/WhatsApp-Image-2025-08-13-at-20.27.53-600x800.jpeg 600w, https:\/\/www.anamt.org.br\/portal\/wp-content\/uploads\/2025\/08\/WhatsApp-Image-2025-08-13-at-20.27.53-768x1024.jpeg 768w, https:\/\/www.anamt.org.br\/portal\/wp-content\/uploads\/2025\/08\/WhatsApp-Image-2025-08-13-at-20.27.53-800x1067.jpeg 800w, https:\/\/www.anamt.org.br\/portal\/wp-content\/uploads\/2025\/08\/WhatsApp-Image-2025-08-13-at-20.27.53-1152x1536.jpeg 1152w, https:\/\/www.anamt.org.br\/portal\/wp-content\/uploads\/2025\/08\/WhatsApp-Image-2025-08-13-at-20.27.53.jpeg 1200w\" sizes=\"(max-width: 400px) 100vw, 400px\" \/> <img decoding=\"async\" class=\"aligncenter wp-image-52105 size-fusion-600\" src=\"https:\/\/www.anamt.org.br\/portal\/wp-content\/uploads\/2025\/08\/WhatsApp-Image-2025-08-13-at-20.27.16-600x277.jpeg\" alt=\"\" width=\"600\" height=\"277\" srcset=\"https:\/\/www.anamt.org.br\/portal\/wp-content\/uploads\/2025\/08\/WhatsApp-Image-2025-08-13-at-20.27.16-200x92.jpeg 200w, https:\/\/www.anamt.org.br\/portal\/wp-content\/uploads\/2025\/08\/WhatsApp-Image-2025-08-13-at-20.27.16-300x139.jpeg 300w, https:\/\/www.anamt.org.br\/portal\/wp-content\/uploads\/2025\/08\/WhatsApp-Image-2025-08-13-at-20.27.16-400x185.jpeg 400w, https:\/\/www.anamt.org.br\/portal\/wp-content\/uploads\/2025\/08\/WhatsApp-Image-2025-08-13-at-20.27.16-600x277.jpeg 600w, https:\/\/www.anamt.org.br\/portal\/wp-content\/uploads\/2025\/08\/WhatsApp-Image-2025-08-13-at-20.27.16-768x355.jpeg 768w, https:\/\/www.anamt.org.br\/portal\/wp-content\/uploads\/2025\/08\/WhatsApp-Image-2025-08-13-at-20.27.16-800x369.jpeg 800w, https:\/\/www.anamt.org.br\/portal\/wp-content\/uploads\/2025\/08\/WhatsApp-Image-2025-08-13-at-20.27.16-1024x473.jpeg 1024w, https:\/\/www.anamt.org.br\/portal\/wp-content\/uploads\/2025\/08\/WhatsApp-Image-2025-08-13-at-20.27.16-1200x554.jpeg 1200w, https:\/\/www.anamt.org.br\/portal\/wp-content\/uploads\/2025\/08\/WhatsApp-Image-2025-08-13-at-20.27.16.jpeg 1280w\" sizes=\"(max-width: 600px) 100vw, 600px\" \/><\/p>\n","protected":false},"excerpt":{"rendered":"<p>No dia 13 de agosto, o presidente da ANAMT, Dr. Francisco Cortes Fernandes, se reuniu com a Associa\u00e7\u00e3o Goiana de Medicina do Trabalho (AGOMT), federada da ANAMT em Goi\u00e1s. O encontro teve como tema o 22\u00ba Congresso Nacional ANAMT, que ocorrer\u00e1 em Goi\u00e2nia (GO) entre os dias 1\u00ba e 4 de outubro. As inscri\u00e7\u00f5es e [&hellip;]<\/p>\n","protected":false},"author":5,"featured_media":52106,"comment_status":"closed","ping_status":"closed","sticky":false,"template":"","format":"standard","meta":{"footnotes":""},"categories":[77,8],"tags":[],"_links":{"self":[{"href":"https:\/\/www.anamt.org.br\/portal\/wp-json\/wp\/v2\/posts\/52103"}],"collection":[{"href":"https:\/\/www.anamt.org.br\/portal\/wp-json\/wp\/v2\/posts"}],"about":[{"href":"https:\/\/www.anamt.org.br\/portal\/wp-json\/wp\/v2\/types\/post"}],"author":[{"embeddable":true,"href":"https:\/\/www.anamt.org.br\/portal\/wp-json\/wp\/v2\/users\/5"}],"replies":[{"embeddable":true,"href":"https:\/\/www.anamt.org.br\/portal\/wp-json\/wp\/v2\/comments?post=52103"}],"version-history":[{"count":1,"href":"https:\/\/www.anamt.org.br\/portal\/wp-json\/wp\/v2\/posts\/52103\/revisions"}],"predecessor-version":[{"id":52107,"href":"https:\/\/www.anamt.org.br\/portal\/wp-json\/wp\/v2\/posts\/52103\/revisions\/52107"}],"wp:featuredmedia":[{"embeddable":true,"href":"https:\/\/www.anamt.org.br\/portal\/wp-json\/wp\/v2\/media\/52106"}],"wp:attachment":[{"href":"https:\/\/www.anamt.org.br\/portal\/wp-json\/wp\/v2\/media?parent=52103"}],"wp:term":[{"taxonomy":"category","embeddable":true,"href":"https:\/\/www.anamt.org.br\/portal\/wp-json\/wp\/v2\/categories?post=52103"},{"taxonomy":"post_tag","embeddable":true,"href":"https:\/\/www.anamt.org.br\/portal\/wp-json\/wp\/v2\/tags?post=52103"}],"curies":[{"name":"wp","href":"https:\/\/api.w.org\/{rel}","templated":true}]}}