{"id":52096,"date":"2025-08-20T14:45:00","date_gmt":"2025-08-20T17:45:00","guid":{"rendered":"https:\/\/www.anamt.org.br\/portal\/?p=52096"},"modified":"2025-09-01T09:13:19","modified_gmt":"2025-09-01T12:13:19","slug":"eleicoes-anamt-veja-as-principais-informacoes-sobre-o-pleito","status":"publish","type":"post","link":"https:\/\/www.anamt.org.br\/portal\/2025\/08\/20\/eleicoes-anamt-veja-as-principais-informacoes-sobre-o-pleito\/","title":{"rendered":"Elei\u00e7\u00f5es ANAMT: veja as principais informa\u00e7\u00f5es sobre o pleito"},"content":{"rendered":"<p>No dia 26 de agosto de 2025, das 0h00 \u00e0s23h59, ocorrer\u00e1 a elei\u00e7\u00e3o para Diretoria Executiva e Conselho Fiscal da ANAMT para o tri\u00eanio 2026\/2029. <strong>O pleito ser\u00e1 realizado exclusivamente de forma eletr\u00f4nica. Para participar, os associados adimplentes da Associa\u00e7\u00e3o receber\u00e3o as orienta\u00e7\u00f5es, al\u00e9m de login e senha que dar\u00e3o acesso de vota\u00e7\u00e3o<\/strong>.<\/p>\n<p><strong><a href=\"https:\/\/www.anamt.org.br\/portal\/wp-content\/uploads\/2025\/08\/ANAMT-2025-Tutorial-de-Votacao.pdf\" target=\"_blank\" rel=\"noopener\">Veja o tutorial para vota\u00e7\u00e3o aqui<\/a>. <a href=\"https:\/\/www.anamt.org.br\/portal\/wp-content\/uploads\/2025\/08\/ANAMT-quem-pode-votar-2.pdf\" target=\"_blank\" rel=\"noopener\">Confira quem pode votar aqui<\/a>. Passo a passo para vota\u00e7\u00e3o:<\/strong><\/p>\n<p>A vota\u00e7\u00e3o ter\u00e1 in\u00edcio \u00e0s 0h00 e finalizar\u00e1 \u00e1s 23:59 do dia 26\/08\/2025, no hor\u00e1rio de Bras\u00edlia\/DF.<br \/>\nComo votar:<br \/>\n1. Acesse o site <a href=\"https:\/\/anamt.eleicaonet.com.br\" target=\"_blank\" rel=\"noopener\">https:\/\/anamt.eleicaonet.com.br<\/a> e clique em &#8220;VOTE AQUI&#8221;;<br \/>\n2. Na tela seguinte, fa\u00e7a o login com seu CPF (somente n\u00fameros) e a senha acima informada;<br \/>\n3. Na p\u00e1gina seguinte, informe sua DATA DE NASCIMENTO, no formato dd\/mm\/aaaa<br \/>\n4. Para votar, clique sobre o nome da chapa para a Diretoria da Associa\u00e7\u00e3o Nacional de Medicina do Trabalho e sobre o nome do candidato para o Conselho Fiscal. Em seguida, clique no bot\u00e3o &#8220;CONFIRMAR&#8221;. Voc\u00ea tamb\u00e9m pode votar &#8220;BRANCO&#8221; ou &#8220;NULO&#8221;, caso queira.<br \/>\n5. Na tela de confirma\u00e7\u00e3o, conclua a vota\u00e7\u00e3o clicando no bot\u00e3o &#8220;CONFIRMA&#8221; para finalizar. Voc\u00ea tamb\u00e9m pode clicar em &#8220;CORRIGIR&#8221; para retornar o processo de vota\u00e7\u00e3o. Voc\u00ea ter\u00e1 5 (cinco) minutos, a partir do momento de login, para concluir o seu voto. Esgotado esse prazo, reinicie o processo,<br \/>\n6. Ao registrar o voto, o comprovante de vota\u00e7\u00e3o ser\u00e1 exibido na tela.<\/p>\n<p>Chapas participantes:<\/p>\n<p><img decoding=\"async\" class=\"aligncenter wp-image-52154 size-fusion-400\" src=\"https:\/\/www.anamt.org.br\/portal\/wp-content\/uploads\/2025\/08\/eleicao1-400x400.png\" alt=\"\" width=\"400\" height=\"400\" srcset=\"https:\/\/www.anamt.org.br\/portal\/wp-content\/uploads\/2025\/08\/eleicao1-66x66.png 66w, https:\/\/www.anamt.org.br\/portal\/wp-content\/uploads\/2025\/08\/eleicao1-150x150.png 150w, https:\/\/www.anamt.org.br\/portal\/wp-content\/uploads\/2025\/08\/eleicao1-200x200.png 200w, https:\/\/www.anamt.org.br\/portal\/wp-content\/uploads\/2025\/08\/eleicao1-300x300.png 300w, https:\/\/www.anamt.org.br\/portal\/wp-content\/uploads\/2025\/08\/eleicao1-400x400.png 400w, https:\/\/www.anamt.org.br\/portal\/wp-content\/uploads\/2025\/08\/eleicao1.png 539w\" sizes=\"(max-width: 400px) 100vw, 400px\" \/><\/p>\n<p><img decoding=\"async\" class=\"aligncenter wp-image-52155 size-fusion-400\" src=\"https:\/\/www.anamt.org.br\/portal\/wp-content\/uploads\/2025\/08\/eleicao2-400x403.png\" alt=\"\" width=\"400\" height=\"403\" srcset=\"https:\/\/www.anamt.org.br\/portal\/wp-content\/uploads\/2025\/08\/eleicao2-66x66.png 66w, https:\/\/www.anamt.org.br\/portal\/wp-content\/uploads\/2025\/08\/eleicao2-150x150.png 150w, https:\/\/www.anamt.org.br\/portal\/wp-content\/uploads\/2025\/08\/eleicao2-200x201.png 200w, https:\/\/www.anamt.org.br\/portal\/wp-content\/uploads\/2025\/08\/eleicao2-298x300.png 298w, https:\/\/www.anamt.org.br\/portal\/wp-content\/uploads\/2025\/08\/eleicao2-400x403.png 400w, https:\/\/www.anamt.org.br\/portal\/wp-content\/uploads\/2025\/08\/eleicao2.png 534w\" sizes=\"(max-width: 400px) 100vw, 400px\" \/><\/p>\n<p><img decoding=\"async\" class=\"aligncenter wp-image-52156 size-fusion-400\" src=\"https:\/\/www.anamt.org.br\/portal\/wp-content\/uploads\/2025\/08\/eleicao3-400x401.png\" alt=\"\" width=\"400\" height=\"401\" srcset=\"https:\/\/www.anamt.org.br\/portal\/wp-content\/uploads\/2025\/08\/eleicao3-66x66.png 66w, https:\/\/www.anamt.org.br\/portal\/wp-content\/uploads\/2025\/08\/eleicao3-150x150.png 150w, https:\/\/www.anamt.org.br\/portal\/wp-content\/uploads\/2025\/08\/eleicao3-200x200.png 200w, https:\/\/www.anamt.org.br\/portal\/wp-content\/uploads\/2025\/08\/eleicao3-300x300.png 300w, https:\/\/www.anamt.org.br\/portal\/wp-content\/uploads\/2025\/08\/eleicao3-400x401.png 400w, https:\/\/www.anamt.org.br\/portal\/wp-content\/uploads\/2025\/08\/eleicao3.png 540w\" sizes=\"(max-width: 400px) 100vw, 400px\" \/><img decoding=\"async\" class=\"aligncenter wp-image-52157 size-fusion-400\" src=\"https:\/\/www.anamt.org.br\/portal\/wp-content\/uploads\/2025\/08\/eleicao4-400x401.png\" alt=\"\" width=\"400\" height=\"401\" srcset=\"https:\/\/www.anamt.org.br\/portal\/wp-content\/uploads\/2025\/08\/eleicao4-66x66.png 66w, https:\/\/www.anamt.org.br\/portal\/wp-content\/uploads\/2025\/08\/eleicao4-150x150.png 150w, https:\/\/www.anamt.org.br\/portal\/wp-content\/uploads\/2025\/08\/eleicao4-200x200.png 200w, https:\/\/www.anamt.org.br\/portal\/wp-content\/uploads\/2025\/08\/eleicao4-300x300.png 300w, https:\/\/www.anamt.org.br\/portal\/wp-content\/uploads\/2025\/08\/eleicao4-400x401.png 400w, https:\/\/www.anamt.org.br\/portal\/wp-content\/uploads\/2025\/08\/eleicao4.png 537w\" sizes=\"(max-width: 400px) 100vw, 400px\" \/><img decoding=\"async\" class=\"aligncenter wp-image-52158 size-fusion-400\" src=\"https:\/\/www.anamt.org.br\/portal\/wp-content\/uploads\/2025\/08\/eleicao5-400x399.png\" alt=\"\" width=\"400\" height=\"399\" srcset=\"https:\/\/www.anamt.org.br\/portal\/wp-content\/uploads\/2025\/08\/eleicao5-66x66.png 66w, https:\/\/www.anamt.org.br\/portal\/wp-content\/uploads\/2025\/08\/eleicao5-150x150.png 150w, https:\/\/www.anamt.org.br\/portal\/wp-content\/uploads\/2025\/08\/eleicao5-200x199.png 200w, https:\/\/www.anamt.org.br\/portal\/wp-content\/uploads\/2025\/08\/eleicao5-300x300.png 300w, https:\/\/www.anamt.org.br\/portal\/wp-content\/uploads\/2025\/08\/eleicao5-400x399.png 400w, https:\/\/www.anamt.org.br\/portal\/wp-content\/uploads\/2025\/08\/eleicao5.png 540w\" sizes=\"(max-width: 400px) 100vw, 400px\" \/><\/p>\n<p><img decoding=\"async\" class=\"aligncenter wp-image-52159 size-fusion-400\" src=\"https:\/\/www.anamt.org.br\/portal\/wp-content\/uploads\/2025\/08\/eleicao6-400x399.png\" alt=\"\" width=\"400\" height=\"399\" srcset=\"https:\/\/www.anamt.org.br\/portal\/wp-content\/uploads\/2025\/08\/eleicao6-66x66.png 66w, https:\/\/www.anamt.org.br\/portal\/wp-content\/uploads\/2025\/08\/eleicao6-150x150.png 150w, https:\/\/www.anamt.org.br\/portal\/wp-content\/uploads\/2025\/08\/eleicao6-200x199.png 200w, https:\/\/www.anamt.org.br\/portal\/wp-content\/uploads\/2025\/08\/eleicao6-300x300.png 300w, https:\/\/www.anamt.org.br\/portal\/wp-content\/uploads\/2025\/08\/eleicao6-400x399.png 400w, https:\/\/www.anamt.org.br\/portal\/wp-content\/uploads\/2025\/08\/eleicao6.png 539w\" sizes=\"(max-width: 400px) 100vw, 400px\" \/><\/p>\n<p><img decoding=\"async\" class=\"aligncenter wp-image-52160 size-fusion-400\" src=\"https:\/\/www.anamt.org.br\/portal\/wp-content\/uploads\/2025\/08\/eleicao7-400x399.png\" alt=\"\" width=\"400\" height=\"399\" srcset=\"https:\/\/www.anamt.org.br\/portal\/wp-content\/uploads\/2025\/08\/eleicao7-66x66.png 66w, https:\/\/www.anamt.org.br\/portal\/wp-content\/uploads\/2025\/08\/eleicao7-150x150.png 150w, https:\/\/www.anamt.org.br\/portal\/wp-content\/uploads\/2025\/08\/eleicao7-200x200.png 200w, https:\/\/www.anamt.org.br\/portal\/wp-content\/uploads\/2025\/08\/eleicao7-300x300.png 300w, https:\/\/www.anamt.org.br\/portal\/wp-content\/uploads\/2025\/08\/eleicao7-400x399.png 400w, https:\/\/www.anamt.org.br\/portal\/wp-content\/uploads\/2025\/08\/eleicao7.png 540w\" sizes=\"(max-width: 400px) 100vw, 400px\" \/><\/p>\n<p><img decoding=\"async\" class=\"aligncenter wp-image-52161 size-fusion-400\" src=\"https:\/\/www.anamt.org.br\/portal\/wp-content\/uploads\/2025\/08\/eleicao8-400x399.png\" alt=\"\" width=\"400\" height=\"399\" srcset=\"https:\/\/www.anamt.org.br\/portal\/wp-content\/uploads\/2025\/08\/eleicao8-66x66.png 66w, https:\/\/www.anamt.org.br\/portal\/wp-content\/uploads\/2025\/08\/eleicao8-150x150.png 150w, https:\/\/www.anamt.org.br\/portal\/wp-content\/uploads\/2025\/08\/eleicao8-200x199.png 200w, https:\/\/www.anamt.org.br\/portal\/wp-content\/uploads\/2025\/08\/eleicao8-300x300.png 300w, https:\/\/www.anamt.org.br\/portal\/wp-content\/uploads\/2025\/08\/eleicao8-400x399.png 400w, https:\/\/www.anamt.org.br\/portal\/wp-content\/uploads\/2025\/08\/eleicao8.png 541w\" sizes=\"(max-width: 400px) 100vw, 400px\" \/><\/p>\n<p><img decoding=\"async\" class=\"aligncenter wp-image-52162 size-fusion-400\" src=\"https:\/\/www.anamt.org.br\/portal\/wp-content\/uploads\/2025\/08\/eleicao9-400x400.png\" alt=\"\" width=\"400\" height=\"400\" srcset=\"https:\/\/www.anamt.org.br\/portal\/wp-content\/uploads\/2025\/08\/eleicao9-66x66.png 66w, https:\/\/www.anamt.org.br\/portal\/wp-content\/uploads\/2025\/08\/eleicao9-150x150.png 150w, https:\/\/www.anamt.org.br\/portal\/wp-content\/uploads\/2025\/08\/eleicao9-200x200.png 200w, https:\/\/www.anamt.org.br\/portal\/wp-content\/uploads\/2025\/08\/eleicao9-300x300.png 300w, https:\/\/www.anamt.org.br\/portal\/wp-content\/uploads\/2025\/08\/eleicao9-400x400.png 400w, https:\/\/www.anamt.org.br\/portal\/wp-content\/uploads\/2025\/08\/eleicao9.png 540w\" sizes=\"(max-width: 400px) 100vw, 400px\" \/><\/p>\n<p><img decoding=\"async\" class=\"aligncenter wp-image-52163 size-fusion-400\" src=\"https:\/\/www.anamt.org.br\/portal\/wp-content\/uploads\/2025\/08\/eleicao10-400x401.png\" alt=\"\" width=\"400\" height=\"401\" srcset=\"https:\/\/www.anamt.org.br\/portal\/wp-content\/uploads\/2025\/08\/eleicao10-66x66.png 66w, https:\/\/www.anamt.org.br\/portal\/wp-content\/uploads\/2025\/08\/eleicao10-150x150.png 150w, https:\/\/www.anamt.org.br\/portal\/wp-content\/uploads\/2025\/08\/eleicao10-200x200.png 200w, https:\/\/www.anamt.org.br\/portal\/wp-content\/uploads\/2025\/08\/eleicao10-300x300.png 300w, https:\/\/www.anamt.org.br\/portal\/wp-content\/uploads\/2025\/08\/eleicao10-400x401.png 400w, https:\/\/www.anamt.org.br\/portal\/wp-content\/uploads\/2025\/08\/eleicao10.png 540w\" sizes=\"(max-width: 400px) 100vw, 400px\" \/><\/p>\n<p><img decoding=\"async\" class=\"aligncenter wp-image-52164 size-fusion-400\" src=\"https:\/\/www.anamt.org.br\/portal\/wp-content\/uploads\/2025\/08\/eleicao11-400x405.png\" alt=\"\" width=\"400\" height=\"405\" srcset=\"https:\/\/www.anamt.org.br\/portal\/wp-content\/uploads\/2025\/08\/eleicao11-66x66.png 66w, https:\/\/www.anamt.org.br\/portal\/wp-content\/uploads\/2025\/08\/eleicao11-200x202.png 200w, https:\/\/www.anamt.org.br\/portal\/wp-content\/uploads\/2025\/08\/eleicao11-297x300.png 297w, https:\/\/www.anamt.org.br\/portal\/wp-content\/uploads\/2025\/08\/eleicao11-400x405.png 400w, https:\/\/www.anamt.org.br\/portal\/wp-content\/uploads\/2025\/08\/eleicao11.png 529w\" sizes=\"(max-width: 400px) 100vw, 400px\" \/><\/p>\n<p>Confira a seguir os principais documentos j\u00e1 divulgados sobre a elei\u00e7\u00e3o:<\/p>\n<p><a href=\"https:\/\/www.anamt.org.br\/portal\/wp-content\/uploads\/2025\/08\/ANAMT-Ata-assinada-reuniao-Comissao-Eleitoral-Instrucao-Zerezima-22.08.2025.pdf\" target=\"_blank\" rel=\"noopener\">Ata da Reuni\u00e3o da Comiss\u00e3o Eleitoral da ANAMT &#8211; 22\/08\/2025<\/a><\/p>\n<p><a href=\"https:\/\/www.anamt.org.br\/portal\/wp-content\/uploads\/2025\/08\/ANAMT-Ata-assinada-reuniao-Comissao-Eleitoral-Zerezima.pdf\" target=\"_blank\" rel=\"noopener\">Ata da Reuni\u00e3o da Comiss\u00e3o Eleitoral da ANAMT &#8211; 25\/08\/2025<\/a><\/p>\n<p><a href=\"https:\/\/www.anamt.org.br\/portal\/wp-content\/uploads\/2025\/08\/ANAMT-Ata-reuniao-Conselho-de-Ex-Presidentes-Comissao-Eleitoral.pdf\" target=\"_blank\" rel=\"noopener\">Ata da reuni\u00e3o de Conselho de ex-presidentes da ANAMT<\/a><\/p>\n<p><a href=\"https:\/\/www.anamt.org.br\/portal\/wp-content\/uploads\/2025\/08\/ANAMT-Ata-reuniao-Conselho-Deliberativo-Comissao-Eleitoral.pdf\" target=\"_blank\" rel=\"noopener\">Ata da reuni\u00e3o do Conselho Deliberativo da ANAMT<\/a><\/p>\n<p><a href=\"https:\/\/www.anamt.org.br\/portal\/wp-content\/uploads\/2025\/08\/ANAMT-Ata-reuniao-Comissao-Eleitoral-Sistema-de-Votacao.pdf\" target=\"_blank\" rel=\"noopener\">Ata da Reuni\u00e3o da Comiss\u00e3o Eleitoral da ANAMT<\/a><\/p>\n<p><a href=\"https:\/\/www.anamt.org.br\/portal\/wp-content\/uploads\/2025\/06\/ANAMT-Divulgacao-Chapas-aprovadas-004.pdf\" target=\"_blank\" rel=\"noopener\">Chapas homologadas<\/a><\/p>\n<p><a href=\"https:\/\/www.anamt.org.br\/portal\/wp-content\/uploads\/2025\/05\/Ficha_de_inscricao_e_Termo_de_Aceite_para_inscricao_das_Chapas_-_Eleicao_2025-Retificado-23.05.25.pdf\" target=\"_blank\" rel=\"noopener\">Ficha de inscri\u00e7\u00e3o e Termo de Aceite para inscri\u00e7\u00e3o das Chapas<\/a><\/p>\n<p><a href=\"https:\/\/www.anamt.org.br\/portal\/wp-content\/uploads\/2025\/05\/Ficha-de-inscricao-e-Termo-de-Aceite-para-inscricao-do-candidato-ao-Conselho-Fiscal-Eleicao-2025_.pdf\" target=\"_blank\" rel=\"noopener\">Ficha de inscri\u00e7\u00e3o e Termo de Aceite para inscri\u00e7\u00e3o do candidato ao Conselho Fiscal<\/a><\/p>\n<p><a href=\"https:\/\/www.anamt.org.br\/portal\/wp-content\/uploads\/2025\/05\/ANAMT-Edital-Eleicoes-2025.pdf\" target=\"_blank\" rel=\"noopener\">Edital de convoca\u00e7\u00e3o<\/a><\/p>\n<p>As not\u00edcias publicadas sobre o processo eleitoral podem ser vistas <a href=\"https:\/\/www.anamt.org.br\/portal\/category\/noticias\/eleicoes\/\" target=\"_blank\" rel=\"noopener\">aqui.<\/a><\/p>\n","protected":false},"excerpt":{"rendered":"<p>No dia 26 de agosto de 2025, das 0h00 \u00e0s23h59, ocorrer\u00e1 a elei\u00e7\u00e3o para Diretoria Executiva e Conselho Fiscal da ANAMT para o tri\u00eanio 2026\/2029. O pleito ser\u00e1 realizado exclusivamente de forma eletr\u00f4nica. Para participar, os associados adimplentes da Associa\u00e7\u00e3o receber\u00e3o as orienta\u00e7\u00f5es, al\u00e9m de login e senha que dar\u00e3o acesso de vota\u00e7\u00e3o. Veja o [&hellip;]<\/p>\n","protected":false},"author":5,"featured_media":51847,"comment_status":"closed","ping_status":"closed","sticky":false,"template":"","format":"standard","meta":{"footnotes":""},"categories":[269,77,8],"tags":[],"_links":{"self":[{"href":"https:\/\/www.anamt.org.br\/portal\/wp-json\/wp\/v2\/posts\/52096"}],"collection":[{"href":"https:\/\/www.anamt.org.br\/portal\/wp-json\/wp\/v2\/posts"}],"about":[{"href":"https:\/\/www.anamt.org.br\/portal\/wp-json\/wp\/v2\/types\/post"}],"author":[{"embeddable":true,"href":"https:\/\/www.anamt.org.br\/portal\/wp-json\/wp\/v2\/users\/5"}],"replies":[{"embeddable":true,"href":"https:\/\/www.anamt.org.br\/portal\/wp-json\/wp\/v2\/comments?post=52096"}],"version-history":[{"count":3,"href":"https:\/\/www.anamt.org.br\/portal\/wp-json\/wp\/v2\/posts\/52096\/revisions"}],"predecessor-version":[{"id":52202,"href":"https:\/\/www.anamt.org.br\/portal\/wp-json\/wp\/v2\/posts\/52096\/revisions\/52202"}],"wp:featuredmedia":[{"embeddable":true,"href":"https:\/\/www.anamt.org.br\/portal\/wp-json\/wp\/v2\/media\/51847"}],"wp:attachment":[{"href":"https:\/\/www.anamt.org.br\/portal\/wp-json\/wp\/v2\/media?parent=52096"}],"wp:term":[{"taxonomy":"category","embeddable":true,"href":"https:\/\/www.anamt.org.br\/portal\/wp-json\/wp\/v2\/categories?post=52096"},{"taxonomy":"post_tag","embeddable":true,"href":"https:\/\/www.anamt.org.br\/portal\/wp-json\/wp\/v2\/tags?post=52096"}],"curies":[{"name":"wp","href":"https:\/\/api.w.org\/{rel}","templated":true}]}}