{"id":52069,"date":"2025-08-01T10:18:57","date_gmt":"2025-08-01T13:18:57","guid":{"rendered":"https:\/\/www.anamt.org.br\/portal\/?p=52069"},"modified":"2025-08-01T12:20:48","modified_gmt":"2025-08-01T15:20:48","slug":"i-congresso-mineiro-de-medicina-do-trabalho-anamt-participa-do-evento","status":"publish","type":"post","link":"https:\/\/www.anamt.org.br\/portal\/2025\/08\/01\/i-congresso-mineiro-de-medicina-do-trabalho-anamt-participa-do-evento\/","title":{"rendered":"I Congresso Mineiro de Medicina do Trabalho: ANAMT participa do evento"},"content":{"rendered":"<p>O presidente da ANAMT, Dr. Francisco Fernandes, participa em Belo Horizonte (MG) do I Congresso Mineiro de Medicina do Trabalho e a 38\u00aa Jornada da AMIMT, eventos da Associa\u00e7\u00e3o Mineira de Medicina do Trabalho (AMIMT) que ocorre at\u00e9 este s\u00e1bado, 2 de agosto. Dr. Francisco realizou nesta sexta (1\u00ba) a confer\u00eancia A Forma\u00e7\u00e3o do M\u00e9dico do Trabalho no Brasil e a Interface com o Mercado de Trabalho.<\/p>\n<p><img decoding=\"async\" class=\"aligncenter wp-image-52070 size-fusion-600\" src=\"https:\/\/www.anamt.org.br\/portal\/wp-content\/uploads\/2025\/08\/WhatsApp-Image-2025-08-01-at-09.45.17-600x400.jpeg\" alt=\"\" width=\"600\" height=\"400\" srcset=\"https:\/\/www.anamt.org.br\/portal\/wp-content\/uploads\/2025\/08\/WhatsApp-Image-2025-08-01-at-09.45.17-200x133.jpeg 200w, https:\/\/www.anamt.org.br\/portal\/wp-content\/uploads\/2025\/08\/WhatsApp-Image-2025-08-01-at-09.45.17-300x200.jpeg 300w, https:\/\/www.anamt.org.br\/portal\/wp-content\/uploads\/2025\/08\/WhatsApp-Image-2025-08-01-at-09.45.17-400x267.jpeg 400w, https:\/\/www.anamt.org.br\/portal\/wp-content\/uploads\/2025\/08\/WhatsApp-Image-2025-08-01-at-09.45.17-600x400.jpeg 600w, https:\/\/www.anamt.org.br\/portal\/wp-content\/uploads\/2025\/08\/WhatsApp-Image-2025-08-01-at-09.45.17-768x512.jpeg 768w, https:\/\/www.anamt.org.br\/portal\/wp-content\/uploads\/2025\/08\/WhatsApp-Image-2025-08-01-at-09.45.17-800x533.jpeg 800w, https:\/\/www.anamt.org.br\/portal\/wp-content\/uploads\/2025\/08\/WhatsApp-Image-2025-08-01-at-09.45.17-1024x682.jpeg 1024w, https:\/\/www.anamt.org.br\/portal\/wp-content\/uploads\/2025\/08\/WhatsApp-Image-2025-08-01-at-09.45.17-1200x800.jpeg 1200w, https:\/\/www.anamt.org.br\/portal\/wp-content\/uploads\/2025\/08\/WhatsApp-Image-2025-08-01-at-09.45.17.jpeg 1280w\" sizes=\"(max-width: 600px) 100vw, 600px\" \/><\/p>\n<p><img decoding=\"async\" class=\"aligncenter wp-image-52071 size-fusion-600\" src=\"https:\/\/www.anamt.org.br\/portal\/wp-content\/uploads\/2025\/08\/WhatsApp-Image-2025-08-01-at-09.45.16-600x400.jpeg\" alt=\"\" width=\"600\" height=\"400\" srcset=\"https:\/\/www.anamt.org.br\/portal\/wp-content\/uploads\/2025\/08\/WhatsApp-Image-2025-08-01-at-09.45.16-200x133.jpeg 200w, https:\/\/www.anamt.org.br\/portal\/wp-content\/uploads\/2025\/08\/WhatsApp-Image-2025-08-01-at-09.45.16-300x200.jpeg 300w, https:\/\/www.anamt.org.br\/portal\/wp-content\/uploads\/2025\/08\/WhatsApp-Image-2025-08-01-at-09.45.16-400x267.jpeg 400w, https:\/\/www.anamt.org.br\/portal\/wp-content\/uploads\/2025\/08\/WhatsApp-Image-2025-08-01-at-09.45.16-600x400.jpeg 600w, https:\/\/www.anamt.org.br\/portal\/wp-content\/uploads\/2025\/08\/WhatsApp-Image-2025-08-01-at-09.45.16-768x512.jpeg 768w, https:\/\/www.anamt.org.br\/portal\/wp-content\/uploads\/2025\/08\/WhatsApp-Image-2025-08-01-at-09.45.16-800x533.jpeg 800w, https:\/\/www.anamt.org.br\/portal\/wp-content\/uploads\/2025\/08\/WhatsApp-Image-2025-08-01-at-09.45.16-1024x682.jpeg 1024w, https:\/\/www.anamt.org.br\/portal\/wp-content\/uploads\/2025\/08\/WhatsApp-Image-2025-08-01-at-09.45.16-1200x800.jpeg 1200w, https:\/\/www.anamt.org.br\/portal\/wp-content\/uploads\/2025\/08\/WhatsApp-Image-2025-08-01-at-09.45.16.jpeg 1280w\" sizes=\"(max-width: 600px) 100vw, 600px\" \/><\/p>\n<p><img decoding=\"async\" class=\"aligncenter wp-image-52072 size-fusion-600\" src=\"https:\/\/www.anamt.org.br\/portal\/wp-content\/uploads\/2025\/08\/WhatsApp-Image-2025-08-01-at-09.45.15-600x400.jpeg\" alt=\"\" width=\"600\" height=\"400\" srcset=\"https:\/\/www.anamt.org.br\/portal\/wp-content\/uploads\/2025\/08\/WhatsApp-Image-2025-08-01-at-09.45.15-200x133.jpeg 200w, https:\/\/www.anamt.org.br\/portal\/wp-content\/uploads\/2025\/08\/WhatsApp-Image-2025-08-01-at-09.45.15-300x200.jpeg 300w, https:\/\/www.anamt.org.br\/portal\/wp-content\/uploads\/2025\/08\/WhatsApp-Image-2025-08-01-at-09.45.15-400x267.jpeg 400w, https:\/\/www.anamt.org.br\/portal\/wp-content\/uploads\/2025\/08\/WhatsApp-Image-2025-08-01-at-09.45.15-600x400.jpeg 600w, https:\/\/www.anamt.org.br\/portal\/wp-content\/uploads\/2025\/08\/WhatsApp-Image-2025-08-01-at-09.45.15-768x512.jpeg 768w, https:\/\/www.anamt.org.br\/portal\/wp-content\/uploads\/2025\/08\/WhatsApp-Image-2025-08-01-at-09.45.15-800x533.jpeg 800w, https:\/\/www.anamt.org.br\/portal\/wp-content\/uploads\/2025\/08\/WhatsApp-Image-2025-08-01-at-09.45.15-1024x682.jpeg 1024w, https:\/\/www.anamt.org.br\/portal\/wp-content\/uploads\/2025\/08\/WhatsApp-Image-2025-08-01-at-09.45.15-1200x800.jpeg 1200w, https:\/\/www.anamt.org.br\/portal\/wp-content\/uploads\/2025\/08\/WhatsApp-Image-2025-08-01-at-09.45.15.jpeg 1280w\" sizes=\"(max-width: 600px) 100vw, 600px\" \/><\/p>\n<p><img decoding=\"async\" class=\"aligncenter wp-image-52076 size-fusion-600\" src=\"https:\/\/www.anamt.org.br\/portal\/wp-content\/uploads\/2025\/08\/WhatsApp-Image-2025-08-01-at-12.04.28-1-600x398.jpeg\" alt=\"\" width=\"600\" height=\"398\" srcset=\"https:\/\/www.anamt.org.br\/portal\/wp-content\/uploads\/2025\/08\/WhatsApp-Image-2025-08-01-at-12.04.28-1-200x133.jpeg 200w, https:\/\/www.anamt.org.br\/portal\/wp-content\/uploads\/2025\/08\/WhatsApp-Image-2025-08-01-at-12.04.28-1-300x199.jpeg 300w, https:\/\/www.anamt.org.br\/portal\/wp-content\/uploads\/2025\/08\/WhatsApp-Image-2025-08-01-at-12.04.28-1-400x265.jpeg 400w, https:\/\/www.anamt.org.br\/portal\/wp-content\/uploads\/2025\/08\/WhatsApp-Image-2025-08-01-at-12.04.28-1-600x398.jpeg 600w, https:\/\/www.anamt.org.br\/portal\/wp-content\/uploads\/2025\/08\/WhatsApp-Image-2025-08-01-at-12.04.28-1-768x509.jpeg 768w, https:\/\/www.anamt.org.br\/portal\/wp-content\/uploads\/2025\/08\/WhatsApp-Image-2025-08-01-at-12.04.28-1-800x531.jpeg 800w, https:\/\/www.anamt.org.br\/portal\/wp-content\/uploads\/2025\/08\/WhatsApp-Image-2025-08-01-at-12.04.28-1-1024x679.jpeg 1024w, https:\/\/www.anamt.org.br\/portal\/wp-content\/uploads\/2025\/08\/WhatsApp-Image-2025-08-01-at-12.04.28-1-1200x796.jpeg 1200w, https:\/\/www.anamt.org.br\/portal\/wp-content\/uploads\/2025\/08\/WhatsApp-Image-2025-08-01-at-12.04.28-1.jpeg 1280w\" sizes=\"(max-width: 600px) 100vw, 600px\" \/><\/p>\n<p><img decoding=\"async\" class=\"aligncenter wp-image-52077 size-fusion-600\" src=\"https:\/\/www.anamt.org.br\/portal\/wp-content\/uploads\/2025\/08\/WhatsApp-Image-2025-08-01-at-12.04.28-600x400.jpeg\" alt=\"\" width=\"600\" height=\"400\" srcset=\"https:\/\/www.anamt.org.br\/portal\/wp-content\/uploads\/2025\/08\/WhatsApp-Image-2025-08-01-at-12.04.28-200x133.jpeg 200w, https:\/\/www.anamt.org.br\/portal\/wp-content\/uploads\/2025\/08\/WhatsApp-Image-2025-08-01-at-12.04.28-300x200.jpeg 300w, https:\/\/www.anamt.org.br\/portal\/wp-content\/uploads\/2025\/08\/WhatsApp-Image-2025-08-01-at-12.04.28-400x267.jpeg 400w, https:\/\/www.anamt.org.br\/portal\/wp-content\/uploads\/2025\/08\/WhatsApp-Image-2025-08-01-at-12.04.28-600x400.jpeg 600w, https:\/\/www.anamt.org.br\/portal\/wp-content\/uploads\/2025\/08\/WhatsApp-Image-2025-08-01-at-12.04.28-768x512.jpeg 768w, https:\/\/www.anamt.org.br\/portal\/wp-content\/uploads\/2025\/08\/WhatsApp-Image-2025-08-01-at-12.04.28-800x533.jpeg 800w, https:\/\/www.anamt.org.br\/portal\/wp-content\/uploads\/2025\/08\/WhatsApp-Image-2025-08-01-at-12.04.28-1024x682.jpeg 1024w, https:\/\/www.anamt.org.br\/portal\/wp-content\/uploads\/2025\/08\/WhatsApp-Image-2025-08-01-at-12.04.28-1200x800.jpeg 1200w, https:\/\/www.anamt.org.br\/portal\/wp-content\/uploads\/2025\/08\/WhatsApp-Image-2025-08-01-at-12.04.28.jpeg 1280w\" sizes=\"(max-width: 600px) 100vw, 600px\" \/><\/p>\n","protected":false},"excerpt":{"rendered":"<p>O presidente da ANAMT, Dr. Francisco Fernandes, participa em Belo Horizonte (MG) do I Congresso Mineiro de Medicina do Trabalho e a 38\u00aa Jornada da AMIMT, eventos da Associa\u00e7\u00e3o Mineira de Medicina do Trabalho (AMIMT) que ocorre at\u00e9 este s\u00e1bado, 2 de agosto. Dr. Francisco realizou nesta sexta (1\u00ba) a confer\u00eancia A Forma\u00e7\u00e3o do M\u00e9dico [&hellip;]<\/p>\n","protected":false},"author":5,"featured_media":52073,"comment_status":"closed","ping_status":"closed","sticky":false,"template":"","format":"standard","meta":{"footnotes":""},"categories":[78,77,8],"tags":[],"_links":{"self":[{"href":"https:\/\/www.anamt.org.br\/portal\/wp-json\/wp\/v2\/posts\/52069"}],"collection":[{"href":"https:\/\/www.anamt.org.br\/portal\/wp-json\/wp\/v2\/posts"}],"about":[{"href":"https:\/\/www.anamt.org.br\/portal\/wp-json\/wp\/v2\/types\/post"}],"author":[{"embeddable":true,"href":"https:\/\/www.anamt.org.br\/portal\/wp-json\/wp\/v2\/users\/5"}],"replies":[{"embeddable":true,"href":"https:\/\/www.anamt.org.br\/portal\/wp-json\/wp\/v2\/comments?post=52069"}],"version-history":[{"count":2,"href":"https:\/\/www.anamt.org.br\/portal\/wp-json\/wp\/v2\/posts\/52069\/revisions"}],"predecessor-version":[{"id":52078,"href":"https:\/\/www.anamt.org.br\/portal\/wp-json\/wp\/v2\/posts\/52069\/revisions\/52078"}],"wp:featuredmedia":[{"embeddable":true,"href":"https:\/\/www.anamt.org.br\/portal\/wp-json\/wp\/v2\/media\/52073"}],"wp:attachment":[{"href":"https:\/\/www.anamt.org.br\/portal\/wp-json\/wp\/v2\/media?parent=52069"}],"wp:term":[{"taxonomy":"category","embeddable":true,"href":"https:\/\/www.anamt.org.br\/portal\/wp-json\/wp\/v2\/categories?post=52069"},{"taxonomy":"post_tag","embeddable":true,"href":"https:\/\/www.anamt.org.br\/portal\/wp-json\/wp\/v2\/tags?post=52069"}],"curies":[{"name":"wp","href":"https:\/\/api.w.org\/{rel}","templated":true}]}}