{"id":52049,"date":"2025-07-28T17:02:39","date_gmt":"2025-07-28T20:02:39","guid":{"rendered":"https:\/\/www.anamt.org.br\/portal\/?p=52049"},"modified":"2025-07-28T17:02:39","modified_gmt":"2025-07-28T20:02:39","slug":"anamt-participa-de-live-sobre-a-canpat-2025","status":"publish","type":"post","link":"https:\/\/www.anamt.org.br\/portal\/2025\/07\/28\/anamt-participa-de-live-sobre-a-canpat-2025\/","title":{"rendered":"ANAMT participa de live sobre a Canpat 2025"},"content":{"rendered":"<p><img decoding=\"async\" class=\"aligncenter wp-image-52050 size-fusion-600\" src=\"https:\/\/www.anamt.org.br\/portal\/wp-content\/uploads\/2025\/07\/canpat2025-600x290.png\" alt=\"\" width=\"600\" height=\"290\" srcset=\"https:\/\/www.anamt.org.br\/portal\/wp-content\/uploads\/2025\/07\/canpat2025-200x97.png 200w, https:\/\/www.anamt.org.br\/portal\/wp-content\/uploads\/2025\/07\/canpat2025-300x145.png 300w, https:\/\/www.anamt.org.br\/portal\/wp-content\/uploads\/2025\/07\/canpat2025-400x193.png 400w, https:\/\/www.anamt.org.br\/portal\/wp-content\/uploads\/2025\/07\/canpat2025-600x290.png 600w, https:\/\/www.anamt.org.br\/portal\/wp-content\/uploads\/2025\/07\/canpat2025-768x371.png 768w, https:\/\/www.anamt.org.br\/portal\/wp-content\/uploads\/2025\/07\/canpat2025-800x387.png 800w, https:\/\/www.anamt.org.br\/portal\/wp-content\/uploads\/2025\/07\/canpat2025.png 838w\" sizes=\"(max-width: 600px) 100vw, 600px\" \/><\/p>\n<p>O presidente da ANAMT, Dr. Francisco Cortes Fernandes, participou, nesta segunda-feira, 28 de julho, da live promovida pela Campanha Nacional de Preven\u00e7\u00e3o de Acidentes do Trabalho (Canpat) pelo Dia Nacional de Preven\u00e7\u00e3o ao Acidente de Trabalho, cuja data oficial \u00e9 27 de julho. Dr. Francisco destacou a import\u00e2ncia da Medicina do Trabalho para a preven\u00e7\u00e3o de doen\u00e7as ocupacionais e abordou a\u00e7\u00f5es da Associa\u00e7\u00e3o para a educa\u00e7\u00e3o continuada dos m\u00e9dicos especialistas.<\/p>\n<p>Ele enfatizou a import\u00e2ncia do encontro, visto cono fundamental e base de apoio para a\u00e7\u00f5es e est\u00edmulo \u00e0 cultura prevencionistas no Brasil. O presidente fez um panorama geral sobre a Associa\u00e7\u00e3o. &#8220;A ANAMT \u00e9 uma entidade com 57 anos. Atualmente no Brasil temos 21 mil m\u00e9dicos do trabalho e cuidamos de 45 milh\u00f5es de brasileiros, aproximadamente, correspondente \u00e0 popula\u00e7\u00e3o economicamente ativa no pa\u00eds. Temos, no entanto, outros 45 milh\u00f5es de trabalhadores precarizados, que n\u00e3o tem esse suporte dos trabalhadores celetistas&#8221;, analisou.<\/p>\n<p>Dr. Francisco falou tamb\u00e9m sobre como os m\u00e9dicos do trabalho atuam em prol dos trabalhadores, ressaltando que a principal ferramenta de atua\u00e7\u00e3o dos m\u00e9dicos da especialidade \u00e9 o exame ocupacional.<\/p>\n<p>&#8220;O exame ocupacional \u00e9 onde extra\u00edmos dados da nossa popula\u00e7\u00e3o geral de trabalhadores e onde diagnosticamos precocemente as poss\u00edveis patologias relacionadas ao trabalho, sequelas, e como vamos encaminhar o retorno ao trabalho e como ele vai se comportar. Obviamente que isso exige uma avalia\u00e7\u00e3o muito criteriosa pois trata da vida do trabalhador e sua sobreviv\u00eancia no mercado de trabalho, bem como o seu desempenho na empresa onde atua&#8221;, detalhou Dr. Francisco.<\/p>\n<p>Ao abordar as a\u00e7\u00f5es da ANAMT para a melhoria da qualidade dos exames, Dr. Francisco explicou que os m\u00e9dicos do trabalho atendem \u00e0s diretrizes do CFM que imp\u00f5em a realiza\u00e7\u00e3o presencial do exame ocupacional, vedado o exame \u00e0 dist\u00e2ncia, por telemedicina.<\/p>\n<p>&#8220;N\u00e3o \u00e9 n\u00e3o utilizar a telemedicina. Usamos para algumas fun\u00e7\u00f5es exceto para o exame ocupacional&#8221;, frisou. &#8220;\u00c0 dist\u00e2ncia n\u00e3o conseguir\u00edamos avaliar uma s\u00e9rie de detalhes que s\u00e3o importantes no exame ocupacional, primordiais para uma perfeita conclus\u00e3o em rela\u00e7\u00e3o \u00e0 aptid\u00e3o ou inadequa\u00e7\u00e3o do trabalhador ao posto de trabalho&#8221;, esclareceu o presidente da ANAMT.<\/p>\n<p>Dr. Franciscou resumiu a contribui\u00e7\u00e3o da Associa\u00e7\u00e3o para o aperfei\u00e7oamento profissional dos m\u00e9dicos do trabalho. Falou sobre o canal de educa\u00e7\u00e3o \u00e0 dist\u00e2ncia, a <a href=\"http:\/\/anamtvirtual.org.br\" target=\"_blank\" rel=\"noopener\">anamtvirtual.org.br<\/a>, onde s\u00e3o transmitidos webin\u00e1rios, cursos entrevistas, eventos e outros.<\/p>\n<p>&#8220;Nos pr\u00f3ximos dias lan\u00e7aremos um curso de epidemiologia e tratamento de dados estat\u00edsticos, porque estamos preocupados com esse problema de dados, que \u00e9 cr\u00f4nico no Brasil. Queremos instrumentalizar os m\u00e9dicos do trabalho para saberem como extrair dados, gerenciar e transform\u00e1-los em informa\u00e7\u00e3o pertinente para a gest\u00e3o da medicina do trabalho nas empresas&#8221;, pontuou.<\/p>\n<p>Ao concluir sua fala, Dr. Francisco destacou a edi\u00e7\u00e3o dos Podcasts publicados no canal da Associa\u00e7\u00e3o no Spotify. Foram editados at\u00e9 o momento 130 edi\u00e7\u00f5es com informa\u00e7\u00f5es b\u00e1sicas, em forma de p\u00edlulas para os m\u00e9dicos se atualizarem de diversos temas relacionados \u00e0 medicina do trabalho. &#8220;Temos uma grande fun\u00e7\u00e3o na ANAMT para melhorar a qualidade do nosso exame ocupacional e promover a educac\u00e3o continuada&#8221;, finalizou o Dr. Francisco, destacando o compromisso da ANAMT no aprimoramento do conhecimento.<\/p>\n<p>O encontro virtual foi transmitido pelo Youtube e coordenado por Jos\u00e9 Almeida Jr., reunindo outros oito representantes de entidades estrat\u00e9gicas ligadas \u00e0 preven\u00e7\u00e3o de acidentes do trabalho. Participaram da live, al\u00e9m da ANAMT: Lucy Mara Ba\u00fa (Abergo), Juliane Mombelli (MPT), Guilherme Silva Ara\u00fajo, Eduardo Marcatto (Abresst), Viviane Forte (AFT), Tatiana Melo (Cofen) e Cl\u00f3vis Queiroz (CNSa\u00fade).<\/p>\n<p>Confira a transmiss\u00e3o na \u00edntegra abaixo:<\/p>\n<div class=\"video-shortcode\"><iframe title=\"Dia Nacional de Preven\u00e7\u00e3o de Acidentes do Trabalho - Canpat 2025\" width=\"1500\" height=\"844\" src=\"https:\/\/www.youtube.com\/embed\/T2rey5DkATU?feature=oembed\" frameborder=\"0\" allow=\"accelerometer; autoplay; clipboard-write; encrypted-media; gyroscope; picture-in-picture; web-share\" referrerpolicy=\"strict-origin-when-cross-origin\" allowfullscreen><\/iframe><\/div>\n","protected":false},"excerpt":{"rendered":"<p>O presidente da ANAMT, Dr. Francisco Cortes Fernandes, participou, nesta segunda-feira, 28 de julho, da live promovida pela Campanha Nacional de Preven\u00e7\u00e3o de Acidentes do Trabalho (Canpat) pelo Dia Nacional de Preven\u00e7\u00e3o ao Acidente de Trabalho, cuja data oficial \u00e9 27 de julho. Dr. Francisco destacou a import\u00e2ncia da Medicina do Trabalho para a preven\u00e7\u00e3o [&hellip;]<\/p>\n","protected":false},"author":5,"featured_media":52051,"comment_status":"closed","ping_status":"closed","sticky":false,"template":"","format":"standard","meta":{"footnotes":""},"categories":[77,8],"tags":[],"_links":{"self":[{"href":"https:\/\/www.anamt.org.br\/portal\/wp-json\/wp\/v2\/posts\/52049"}],"collection":[{"href":"https:\/\/www.anamt.org.br\/portal\/wp-json\/wp\/v2\/posts"}],"about":[{"href":"https:\/\/www.anamt.org.br\/portal\/wp-json\/wp\/v2\/types\/post"}],"author":[{"embeddable":true,"href":"https:\/\/www.anamt.org.br\/portal\/wp-json\/wp\/v2\/users\/5"}],"replies":[{"embeddable":true,"href":"https:\/\/www.anamt.org.br\/portal\/wp-json\/wp\/v2\/comments?post=52049"}],"version-history":[{"count":1,"href":"https:\/\/www.anamt.org.br\/portal\/wp-json\/wp\/v2\/posts\/52049\/revisions"}],"predecessor-version":[{"id":52052,"href":"https:\/\/www.anamt.org.br\/portal\/wp-json\/wp\/v2\/posts\/52049\/revisions\/52052"}],"wp:featuredmedia":[{"embeddable":true,"href":"https:\/\/www.anamt.org.br\/portal\/wp-json\/wp\/v2\/media\/52051"}],"wp:attachment":[{"href":"https:\/\/www.anamt.org.br\/portal\/wp-json\/wp\/v2\/media?parent=52049"}],"wp:term":[{"taxonomy":"category","embeddable":true,"href":"https:\/\/www.anamt.org.br\/portal\/wp-json\/wp\/v2\/categories?post=52049"},{"taxonomy":"post_tag","embeddable":true,"href":"https:\/\/www.anamt.org.br\/portal\/wp-json\/wp\/v2\/tags?post=52049"}],"curies":[{"name":"wp","href":"https:\/\/api.w.org\/{rel}","templated":true}]}}