{"id":51945,"date":"2025-06-18T12:27:57","date_gmt":"2025-06-18T15:27:57","guid":{"rendered":"https:\/\/www.anamt.org.br\/portal\/?p=51945"},"modified":"2025-06-18T12:27:57","modified_gmt":"2025-06-18T15:27:57","slug":"forum-sobre-prevencao-de-acidentes-e-o-controle-dos-exames-toxicologicos-gera-debate-e-levanta-duvidas-sobre-responsabilidades","status":"publish","type":"post","link":"https:\/\/www.anamt.org.br\/portal\/2025\/06\/18\/forum-sobre-prevencao-de-acidentes-e-o-controle-dos-exames-toxicologicos-gera-debate-e-levanta-duvidas-sobre-responsabilidades\/","title":{"rendered":"F\u00f3rum sobre &#8216;Preven\u00e7\u00e3o de acidentes e o controle dos exames toxicol\u00f3gicos&#8217; gera debate e levanta d\u00favidas sobre responsabilidades"},"content":{"rendered":"<p>Os limites da legisla\u00e7\u00e3o, os dilemas \u00e9ticos e as d\u00favidas foram os pontos de destaque em painel, mesas-redondas e confer\u00eancia apresentados no F\u00f3rum presencial e virtual sobre &#8216;Preven\u00e7\u00e3o de acidentes e o controle dos exames toxicol\u00f3gicos. O encontro foi organizado em parceria entre a ANAMT e a Sociedade Bahiana de Medicina do Trabalho (SBMT) e realizado no dia 14 de maio, no audit\u00f3rio da Associa\u00e7\u00e3o Bahiana de Medicina (ABM), em Salvador (BA), e transmitido ao vivo pela plataforma ANAMT Virtual. A abertura contou com Dr. Augusto Di Tullio Santos, presidente da SBMT, e com a Dra. Rosylane Rocha, diretora cient\u00edfica da ANAMT.<\/p>\n<p><img decoding=\"async\" class=\"aligncenter wp-image-51955 size-fusion-600\" src=\"https:\/\/www.anamt.org.br\/portal\/wp-content\/uploads\/2025\/06\/forumsbmt-600x314.png\" alt=\"\" width=\"600\" height=\"314\" srcset=\"https:\/\/www.anamt.org.br\/portal\/wp-content\/uploads\/2025\/06\/forumsbmt-200x105.png 200w, https:\/\/www.anamt.org.br\/portal\/wp-content\/uploads\/2025\/06\/forumsbmt-300x157.png 300w, https:\/\/www.anamt.org.br\/portal\/wp-content\/uploads\/2025\/06\/forumsbmt-400x210.png 400w, https:\/\/www.anamt.org.br\/portal\/wp-content\/uploads\/2025\/06\/forumsbmt-600x314.png 600w, https:\/\/www.anamt.org.br\/portal\/wp-content\/uploads\/2025\/06\/forumsbmt-768x403.png 768w, https:\/\/www.anamt.org.br\/portal\/wp-content\/uploads\/2025\/06\/forumsbmt-800x419.png 800w, https:\/\/www.anamt.org.br\/portal\/wp-content\/uploads\/2025\/06\/forumsbmt.png 933w\" sizes=\"(max-width: 600px) 100vw, 600px\" \/><br \/>\nDr. Augusto Di Tullio pontuou a import\u00e2ncia do tema tratado no F\u00f3rum. &#8220;\u00c9 bastante interessante e pol\u00eamico. N\u00f3s m\u00e9dicos do trabalho somos eticamente, legalmente proibidos de realizar tais exames no ambiente laboral e isso pode causar danos \u00e0 pessoa sobre uso de subst\u00e2ncia psicoativas no ambiente de trabalho&#8221;, ressaltou ao dar como exemplo os riscos de uma planta petroqu\u00edmica, onde um acidente pode provocar consequ\u00eancias imprevis\u00edveis. &#8220;Realizar ou n\u00e3o realizar&#8221;, indagou o m\u00e9dico. &#8220;esse \u00e9 o mote desse nosso F\u00f3rum&#8221;, pontuou.<\/p>\n<p>Por sua vez, Dra. Rosylane Rocha apresentou o Dr. Pascoal Gomes, vice-presidente da Regional Nordeste da ANAMT, como representante no evento do Dr. Francisco Cortes Fernandes, presidente da Associa\u00e7\u00e3o. Ao falar da relev\u00e2ncia do F\u00f3rum, Dr. Pascoal destacou que o assunto suscita d\u00favidas e faz parte do cotidiano dos m\u00e9dicos do trabalho. &#8220;Que todos possam aproveitar esse momento de discuss\u00e3o j\u00e1 que temos aqui participantes, colegas renomados e entendedores do assunto que requer muita aten\u00e7\u00e3o por parte do m\u00e9dico do trabalho, que tem que ser gestor e n\u00e3o se limitar apenas a realiza\u00e7\u00e3o de exames m\u00e9dicos ocupacionais&#8221;, salientou.<\/p>\n<p><img decoding=\"async\" class=\"aligncenter wp-image-51936 size-fusion-600\" src=\"https:\/\/www.anamt.org.br\/portal\/wp-content\/uploads\/2025\/06\/DSC02790-600x400.jpg\" alt=\"\" width=\"600\" height=\"400\" srcset=\"https:\/\/www.anamt.org.br\/portal\/wp-content\/uploads\/2025\/06\/DSC02790-200x133.jpg 200w, https:\/\/www.anamt.org.br\/portal\/wp-content\/uploads\/2025\/06\/DSC02790-300x200.jpg 300w, https:\/\/www.anamt.org.br\/portal\/wp-content\/uploads\/2025\/06\/DSC02790-400x267.jpg 400w, https:\/\/www.anamt.org.br\/portal\/wp-content\/uploads\/2025\/06\/DSC02790-600x400.jpg 600w, https:\/\/www.anamt.org.br\/portal\/wp-content\/uploads\/2025\/06\/DSC02790-768x512.jpg 768w, https:\/\/www.anamt.org.br\/portal\/wp-content\/uploads\/2025\/06\/DSC02790-800x533.jpg 800w, https:\/\/www.anamt.org.br\/portal\/wp-content\/uploads\/2025\/06\/DSC02790-1024x683.jpg 1024w, https:\/\/www.anamt.org.br\/portal\/wp-content\/uploads\/2025\/06\/DSC02790-1200x800.jpg 1200w, https:\/\/www.anamt.org.br\/portal\/wp-content\/uploads\/2025\/06\/DSC02790-1536x1024.jpg 1536w\" sizes=\"(max-width: 600px) 100vw, 600px\" \/><\/p>\n<p>Dra. Rosylane tra\u00e7ou um painel sobre a import\u00e2ncia dos m\u00e9dicos do trabalho e tamb\u00e9m do aprimoramento profissional por meio de estudos acad\u00eamicos, participa\u00e7\u00e3o em eventos cient\u00edficos, cursos de extens\u00e3o entre outras atividades formais.<\/p>\n<p>Parecer do Cremeb<\/p>\n<p>O primeiro painel tratou sobre &#8220;Impedimento do m\u00e9dico do trabalho executar ou coordenar a realiza\u00e7\u00e3o dos testes toxicol\u00f3gicos relacionados \u00e0 Portaria MTE 612\/2024&#8221;. O palestrante, Dr. Guilherme Lazzari (BA), abordou o Parecer Cremeb 04\/2024 com a interpreta\u00e7\u00e3o da entidade sobre a portaria. O painel contou com dois debatedores, Dr. Ricardo Hegele (RS) e a Dra. Geiza Nu\u00f1ez (BA).<\/p>\n<p><img decoding=\"async\" class=\"aligncenter wp-image-51941 size-fusion-600\" src=\"https:\/\/www.anamt.org.br\/portal\/wp-content\/uploads\/2025\/06\/DSC02932-600x400.jpg\" alt=\"\" width=\"600\" height=\"400\" srcset=\"https:\/\/www.anamt.org.br\/portal\/wp-content\/uploads\/2025\/06\/DSC02932-200x133.jpg 200w, https:\/\/www.anamt.org.br\/portal\/wp-content\/uploads\/2025\/06\/DSC02932-300x200.jpg 300w, https:\/\/www.anamt.org.br\/portal\/wp-content\/uploads\/2025\/06\/DSC02932-400x267.jpg 400w, https:\/\/www.anamt.org.br\/portal\/wp-content\/uploads\/2025\/06\/DSC02932-600x400.jpg 600w, https:\/\/www.anamt.org.br\/portal\/wp-content\/uploads\/2025\/06\/DSC02932-768x512.jpg 768w, https:\/\/www.anamt.org.br\/portal\/wp-content\/uploads\/2025\/06\/DSC02932-800x533.jpg 800w, https:\/\/www.anamt.org.br\/portal\/wp-content\/uploads\/2025\/06\/DSC02932-1024x683.jpg 1024w, https:\/\/www.anamt.org.br\/portal\/wp-content\/uploads\/2025\/06\/DSC02932-1200x800.jpg 1200w, https:\/\/www.anamt.org.br\/portal\/wp-content\/uploads\/2025\/06\/DSC02932-1536x1024.jpg 1536w\" sizes=\"(max-width: 600px) 100vw, 600px\" \/><\/p>\n<p>Dr. Jos\u00e9 Carlos Ribeiro, diretor da SBMT e conselheiro do Cremeb, presidiu a mesa do painel. &#8220;\u00c9 um dia de conhecimento, de muita troca de experi\u00eancia. Vamos conseguir sensibilizar os \u00f3rg\u00e3os que regem essa legisla\u00e7\u00e3o a respeito da medicina do trabalho e principalmente no foco de hoje, na quest\u00e3o dos exames toxicol\u00f3gicos&#8221;, enfatizou.<\/p>\n<p>Dr. Guilherme Lazzari abordou o embasamento t\u00e9cnico e legal do Parecer do Cremeb 04\/2024, que trata do impedimento do m\u00e9dico do trabalho de executar os testes toxicol\u00f3gicos, conforme determina a Portaria MTE 612\/2024, que alterou a Portaria 672\/2021, com destaque para o cap\u00edtulo II, sec\u00e3o II, artigo 61, \u00a72, que diz que os exames toxicol\u00f3gicos n\u00e3o devem integrar o PCMSO, constar do ASO e estar vinculado \u00e0 defini\u00e7\u00e3o de aptid\u00e3o do trabalhador. A nova portaria retirou a al\u00ednea 1 do \u00a72 e, com isso, surgiram as d\u00favidas.<\/p>\n<p><img decoding=\"async\" class=\"aligncenter wp-image-51938 size-fusion-600\" src=\"https:\/\/www.anamt.org.br\/portal\/wp-content\/uploads\/2025\/06\/DSC02810-600x400.jpg\" alt=\"\" width=\"600\" height=\"400\" srcset=\"https:\/\/www.anamt.org.br\/portal\/wp-content\/uploads\/2025\/06\/DSC02810-200x133.jpg 200w, https:\/\/www.anamt.org.br\/portal\/wp-content\/uploads\/2025\/06\/DSC02810-300x200.jpg 300w, https:\/\/www.anamt.org.br\/portal\/wp-content\/uploads\/2025\/06\/DSC02810-400x267.jpg 400w, https:\/\/www.anamt.org.br\/portal\/wp-content\/uploads\/2025\/06\/DSC02810-600x400.jpg 600w, https:\/\/www.anamt.org.br\/portal\/wp-content\/uploads\/2025\/06\/DSC02810-768x512.jpg 768w, https:\/\/www.anamt.org.br\/portal\/wp-content\/uploads\/2025\/06\/DSC02810-800x533.jpg 800w, https:\/\/www.anamt.org.br\/portal\/wp-content\/uploads\/2025\/06\/DSC02810-1024x683.jpg 1024w, https:\/\/www.anamt.org.br\/portal\/wp-content\/uploads\/2025\/06\/DSC02810-1200x800.jpg 1200w, https:\/\/www.anamt.org.br\/portal\/wp-content\/uploads\/2025\/06\/DSC02810-1536x1024.jpg 1536w\" sizes=\"(max-width: 600px) 100vw, 600px\" \/><\/p>\n<p>Ele explicou que o assunto foi amplamente debatido e estudado no Conselho e o parecer foi aprovado por unanimidade. Isso come\u00e7ou com a chegada de uma consulta em busca de um parecer diante dos dilemas \u00e9ticos da profiss\u00e3o, explicou o m\u00e9dico, que \u00e9 membro da c\u00e2mara t\u00e9cnica de Medicina do Trabalho do CFM e conselheiro do Cremeb.<\/p>\n<p>O Parecer do Cremeb destaca, entre outros pontos, que \u00e9 vedado ao m\u00e9dico do trabalho a realiza\u00e7\u00e3o dos exames toxicol\u00f3gicos relacionados \u00e0 Portaria 612\/2024 do MTE, incluindo baf\u00f4metro ou coordena\u00e7\u00e3o dos mesmos servi\u00e7os de sa\u00fade ocupacional por violar os postulados \u00e9ticos e ultrapassar os limites legais do exposto na NR 7.<\/p>\n<p>&#8220;A solicita\u00e7\u00e3o do exame toxicol\u00f3gico n\u00e3o \u00e9 restrita ao m\u00e9dico. A informa\u00e7\u00e3o vinda do RH da empresa para o m\u00e9dico, por exemplo, n\u00e3o configura rompimento de sigilo,&#8221; esclarece o especialista.<\/p>\n<p>Debate<\/p>\n<p><img decoding=\"async\" class=\"aligncenter wp-image-51939 size-fusion-600\" src=\"https:\/\/www.anamt.org.br\/portal\/wp-content\/uploads\/2025\/06\/DSC02873-600x400.jpg\" alt=\"\" width=\"600\" height=\"400\" srcset=\"https:\/\/www.anamt.org.br\/portal\/wp-content\/uploads\/2025\/06\/DSC02873-200x133.jpg 200w, https:\/\/www.anamt.org.br\/portal\/wp-content\/uploads\/2025\/06\/DSC02873-300x200.jpg 300w, https:\/\/www.anamt.org.br\/portal\/wp-content\/uploads\/2025\/06\/DSC02873-400x267.jpg 400w, https:\/\/www.anamt.org.br\/portal\/wp-content\/uploads\/2025\/06\/DSC02873-600x400.jpg 600w, https:\/\/www.anamt.org.br\/portal\/wp-content\/uploads\/2025\/06\/DSC02873-768x512.jpg 768w, https:\/\/www.anamt.org.br\/portal\/wp-content\/uploads\/2025\/06\/DSC02873-800x533.jpg 800w, https:\/\/www.anamt.org.br\/portal\/wp-content\/uploads\/2025\/06\/DSC02873-1024x683.jpg 1024w, https:\/\/www.anamt.org.br\/portal\/wp-content\/uploads\/2025\/06\/DSC02873-1200x800.jpg 1200w, https:\/\/www.anamt.org.br\/portal\/wp-content\/uploads\/2025\/06\/DSC02873-1536x1024.jpg 1536w\" sizes=\"(max-width: 600px) 100vw, 600px\" \/><\/p>\n<p>Dr. Ricardo Hegele (RS), um dos debatedores, m\u00e9dico do tr\u00e1fego, destacou a necessidade de avan\u00e7o na discuss\u00e3o do assunto, especialmente na produtividade do m\u00e9dico do trabalho, que est\u00e1 proibido de solicitar o exame. &#8220;Quando estivermos em situa\u00e7\u00e3o de motoristas vamos ficar entre a cruz e a espada,&#8221; pontuou. &#8220;O m\u00e9dico do trabalho sabedor da informa\u00e7\u00e3o de que um motorista est\u00e1 em uso de uma subst\u00e2ncia psicoativa, l\u00edcita ou il\u00edcita, e houver um sinistro de tr\u00e2nsito, ele pode ser responsabilizado? Isso \u00e9 um problema muito s\u00e9rio e que \u00e9 uma preocupa\u00e7\u00e3o de outros colegas. S\u00e3o situa\u00e7\u00f5es complexas que precisam de um olhar apurado&#8221;, ponderou o m\u00e9dico.<\/p>\n<p><img decoding=\"async\" class=\"aligncenter wp-image-51940 size-fusion-600\" src=\"https:\/\/www.anamt.org.br\/portal\/wp-content\/uploads\/2025\/06\/DSC02888-600x400.jpg\" alt=\"\" width=\"600\" height=\"400\" srcset=\"https:\/\/www.anamt.org.br\/portal\/wp-content\/uploads\/2025\/06\/DSC02888-200x133.jpg 200w, https:\/\/www.anamt.org.br\/portal\/wp-content\/uploads\/2025\/06\/DSC02888-300x200.jpg 300w, https:\/\/www.anamt.org.br\/portal\/wp-content\/uploads\/2025\/06\/DSC02888-400x267.jpg 400w, https:\/\/www.anamt.org.br\/portal\/wp-content\/uploads\/2025\/06\/DSC02888-600x400.jpg 600w, https:\/\/www.anamt.org.br\/portal\/wp-content\/uploads\/2025\/06\/DSC02888-768x512.jpg 768w, https:\/\/www.anamt.org.br\/portal\/wp-content\/uploads\/2025\/06\/DSC02888-800x533.jpg 800w, https:\/\/www.anamt.org.br\/portal\/wp-content\/uploads\/2025\/06\/DSC02888-1024x683.jpg 1024w, https:\/\/www.anamt.org.br\/portal\/wp-content\/uploads\/2025\/06\/DSC02888-1200x800.jpg 1200w, https:\/\/www.anamt.org.br\/portal\/wp-content\/uploads\/2025\/06\/DSC02888-1536x1024.jpg 1536w\" sizes=\"(max-width: 600px) 100vw, 600px\" \/><\/p>\n<p>Dra. Geiza Ribeiro iniciou suas pondera\u00e7\u00f5es sobre os impedimentos do M\u00e9dico do Trabalho para realizar os testes toxicol\u00f3gicos, conforme a Portaria 612\/2014, destacando aspectos que durante a elabora\u00e7\u00e3o na C\u00e2mara T\u00e9cnica do Parecer do Cremeb foram discutidos. &#8220;Imaginei que se dentro da C\u00e2mara ocorreu essa discuss\u00e3o, acredito que boa parte dos m\u00e9dicos ter\u00e3o essa d\u00favida&#8221;, pontuou a especialista. Ela fez um breve percurso no tempo desde os primeiros debates sobre os exames toxicol\u00f3gicos integrarem o PCMSO ou n\u00e3o, apresentou d\u00favidas e dilemas \u00e9ticos, al\u00e9m de estat\u00edsticas e pontos relevantes sobre o acompanhamento toxicol\u00f3gico pelos m\u00e9dicos do trabalho.<\/p>\n<p>Confer\u00eancia<\/p>\n<p>Em seguida ocorreu a confer\u00eancia sobre &#8220;Atua\u00e7\u00e3o fundamental dos m\u00e9dicos do trabalho na preven\u00e7\u00e3o dos acidentes e adoecimento dos trabalhadores&#8221;. A mesa foi presidida pelo Dr. Pascoal Gomes da Costa Neto (PI) e a palestra foi realizada pela Dra. Emilyanna Gon\u00e7alves (DF).<\/p>\n<p><img decoding=\"async\" class=\"aligncenter wp-image-51957 size-fusion-600\" src=\"https:\/\/www.anamt.org.br\/portal\/wp-content\/uploads\/2025\/06\/forumsbmt3-600x341.png\" alt=\"\" width=\"600\" height=\"341\" srcset=\"https:\/\/www.anamt.org.br\/portal\/wp-content\/uploads\/2025\/06\/forumsbmt3-200x114.png 200w, https:\/\/www.anamt.org.br\/portal\/wp-content\/uploads\/2025\/06\/forumsbmt3-300x170.png 300w, https:\/\/www.anamt.org.br\/portal\/wp-content\/uploads\/2025\/06\/forumsbmt3-400x227.png 400w, https:\/\/www.anamt.org.br\/portal\/wp-content\/uploads\/2025\/06\/forumsbmt3-600x341.png 600w, https:\/\/www.anamt.org.br\/portal\/wp-content\/uploads\/2025\/06\/forumsbmt3-768x436.png 768w, https:\/\/www.anamt.org.br\/portal\/wp-content\/uploads\/2025\/06\/forumsbmt3-800x455.png 800w, https:\/\/www.anamt.org.br\/portal\/wp-content\/uploads\/2025\/06\/forumsbmt3.png 917w\" sizes=\"(max-width: 600px) 100vw, 600px\" \/><\/p>\n<p><img decoding=\"async\" class=\"aligncenter wp-image-51956 size-fusion-600\" src=\"https:\/\/www.anamt.org.br\/portal\/wp-content\/uploads\/2025\/06\/forumsbmt9-600x338.png\" alt=\"\" width=\"600\" height=\"338\" srcset=\"https:\/\/www.anamt.org.br\/portal\/wp-content\/uploads\/2025\/06\/forumsbmt9-200x113.png 200w, https:\/\/www.anamt.org.br\/portal\/wp-content\/uploads\/2025\/06\/forumsbmt9-300x169.png 300w, https:\/\/www.anamt.org.br\/portal\/wp-content\/uploads\/2025\/06\/forumsbmt9-400x225.png 400w, https:\/\/www.anamt.org.br\/portal\/wp-content\/uploads\/2025\/06\/forumsbmt9-600x338.png 600w, https:\/\/www.anamt.org.br\/portal\/wp-content\/uploads\/2025\/06\/forumsbmt9-768x432.png 768w, https:\/\/www.anamt.org.br\/portal\/wp-content\/uploads\/2025\/06\/forumsbmt9-800x450.png 800w, https:\/\/www.anamt.org.br\/portal\/wp-content\/uploads\/2025\/06\/forumsbmt9-1024x576.png 1024w, https:\/\/www.anamt.org.br\/portal\/wp-content\/uploads\/2025\/06\/forumsbmt9.png 1029w\" sizes=\"(max-width: 600px) 100vw, 600px\" \/><\/p>\n<p>No in\u00edcio da apresenta\u00e7\u00e3o, Dra. Emilyanna destacou a import\u00e2ncia do m\u00e9dico do trabalho para o sucesso das empresas. A seu ver, a especialidade tem papel de gestor nas organiza\u00e7\u00f5es. &#8220;\u00c9 o especialista que est\u00e1 dentro do consult\u00f3rio todos os dias, que tem escuta ativa, consegue identificar as queixas dos trabalhadores para conseguir avaliar onde melhor ser\u00e3o destinados os recursos de sa\u00fade ocupacional&#8221;, ressalta a especialista ao frisar que &#8220;o m\u00e9dico do trabalho impacta na sa\u00fade e bem-estar dos funcion\u00e1rios e tamb\u00e9m impacta na sa\u00fade financeira da empresa.&#8221;<\/p>\n<p>Exames Toxicol\u00f3gicos: Aspectos cl\u00ednicos, administrativo e da seguran\u00e7a no tr\u00e2nsito foi o tema da mesa-redonda realizada em seguida no F\u00f3rum Presencial e On-line ANAMT e SBMT. Dr. Ricardo Hegele abordou o assunto A Import\u00e2ncia dos testes toxicol\u00f3gicos na redu\u00e7\u00e3o de acidentes no tr\u00e2nsito e nas empresas. Ele falou sobre o hist\u00f3rico legislativo da aplica\u00e7\u00e3o do exame, o consumo de drogas l\u00edcitas e il\u00edcitas no Brasil e os sinistros de tr\u00e2nsito. Segundo dados apresentados pelo palestrante, em 2024, foram registradas mais de 70 mil ocorr\u00eancias deste tipo em estradas federais, o que resulta em R$ 50 bilh\u00f5es em gastos com tratamentos hospitalares, reabilita\u00e7\u00e3o, seguridade social, entre outros aspectos. Al\u00e9m disso, o Brasil \u00e9 o segundo maior consumidor de coca\u00edna e derivados no mundo.<\/p>\n<p><img decoding=\"async\" class=\"aligncenter wp-image-51939 size-fusion-600\" src=\"https:\/\/www.anamt.org.br\/portal\/wp-content\/uploads\/2025\/06\/DSC02873-600x400.jpg\" alt=\"\" width=\"600\" height=\"400\" srcset=\"https:\/\/www.anamt.org.br\/portal\/wp-content\/uploads\/2025\/06\/DSC02873-200x133.jpg 200w, https:\/\/www.anamt.org.br\/portal\/wp-content\/uploads\/2025\/06\/DSC02873-300x200.jpg 300w, https:\/\/www.anamt.org.br\/portal\/wp-content\/uploads\/2025\/06\/DSC02873-400x267.jpg 400w, https:\/\/www.anamt.org.br\/portal\/wp-content\/uploads\/2025\/06\/DSC02873-600x400.jpg 600w, https:\/\/www.anamt.org.br\/portal\/wp-content\/uploads\/2025\/06\/DSC02873-768x512.jpg 768w, https:\/\/www.anamt.org.br\/portal\/wp-content\/uploads\/2025\/06\/DSC02873-800x533.jpg 800w, https:\/\/www.anamt.org.br\/portal\/wp-content\/uploads\/2025\/06\/DSC02873-1024x683.jpg 1024w, https:\/\/www.anamt.org.br\/portal\/wp-content\/uploads\/2025\/06\/DSC02873-1200x800.jpg 1200w, https:\/\/www.anamt.org.br\/portal\/wp-content\/uploads\/2025\/06\/DSC02873-1536x1024.jpg 1536w\" sizes=\"(max-width: 600px) 100vw, 600px\" \/><\/p>\n<p>O especialista pontuou que, de acordo com o Contran, 1,86% dos exames toxicol\u00f3gicos realizados em mar\u00e7o de 2025 deram positivo. \u201cO risco dessas pessoas estarem dirigindo \u00e9 muito grande, mesmo com o percentual pequeno\u201d, ressaltou. Ele ainda destacou a import\u00e2ncia da realiza\u00e7\u00e3o desses testes para aspectos como conscientiza\u00e7\u00e3o e educa\u00e7\u00e3o dos usu\u00e1rios, redu\u00e7\u00e3o de custos e seguran\u00e7a no trabalho, j\u00e1 que n\u00e3o exp\u00f5e o motorista e outras pessoas \u00e0 risco de sinistros no tr\u00e2nsito.<\/p>\n<p>Interpreta\u00e7\u00e3o de exames toxicol\u00f3gicos<\/p>\n<p><img decoding=\"async\" class=\"aligncenter wp-image-51946 size-fusion-600\" src=\"https:\/\/www.anamt.org.br\/portal\/wp-content\/uploads\/2025\/06\/forumsbmt12-600x335.png\" alt=\"\" width=\"600\" height=\"335\" srcset=\"https:\/\/www.anamt.org.br\/portal\/wp-content\/uploads\/2025\/06\/forumsbmt12-200x112.png 200w, https:\/\/www.anamt.org.br\/portal\/wp-content\/uploads\/2025\/06\/forumsbmt12-300x167.png 300w, https:\/\/www.anamt.org.br\/portal\/wp-content\/uploads\/2025\/06\/forumsbmt12-400x223.png 400w, https:\/\/www.anamt.org.br\/portal\/wp-content\/uploads\/2025\/06\/forumsbmt12-600x335.png 600w, https:\/\/www.anamt.org.br\/portal\/wp-content\/uploads\/2025\/06\/forumsbmt12.png 665w\" sizes=\"(max-width: 600px) 100vw, 600px\" \/><\/p>\n<p>Em seguida, Dr. Amaury Prieto falou sobre Tudo que o M\u00e9dico do Trabalho precisa saber para interpretar os testes toxicol\u00f3gicos. Ele esclareceu sobre o prazo de validade dos exames, que \u00e9 de 60 dias, e a base legal para an\u00e1lise do teste, como a Lei do Caminhoneiro (Lei 13.103\/2015) e a Resolu\u00e7\u00e3o Contran 923\/2024, al\u00e9m dos procedimentos adotados em caso de resultado positivo ou negativo. O palestrante ainda falou sobre a realiza\u00e7\u00e3o de sorteio rand\u00f4mico para os testes e o encaminhamento do trabalhador para m\u00e9dico revisor, no caso de resultado positivo.<\/p>\n<p>Na palestra seguinte, o assunto Fluxo Administrativo no Departamento de Recursos Humanos foi tratado por Gladyz Cazumb\u00e1. Ela destacou que o RH \u00e9 o \u201cguardi\u00e3o da sa\u00fade ocupacional, seguran\u00e7a e legalidade\u201d e que trabalha com mitiga\u00e7\u00e3o dos riscos conforme os princ\u00edpios legais. No caso de contrata\u00e7\u00f5es feitas por Pessoa Jur\u00eddica, ela pontuou que deve-se ter a comprova\u00e7\u00e3o de exames m\u00e9dicos atualizados, inclusive exame toxicol\u00f3gico, se for o caso, inclus\u00e3o do PGR como parte de terceiros expostos a riscos, al\u00e9m de treinamentos de seguran\u00e7a.<\/p>\n<p><img decoding=\"async\" class=\"aligncenter wp-image-51942 size-fusion-600\" src=\"https:\/\/www.anamt.org.br\/portal\/wp-content\/uploads\/2025\/06\/DSC02989-600x400.jpg\" alt=\"\" width=\"600\" height=\"400\" srcset=\"https:\/\/www.anamt.org.br\/portal\/wp-content\/uploads\/2025\/06\/DSC02989-200x133.jpg 200w, https:\/\/www.anamt.org.br\/portal\/wp-content\/uploads\/2025\/06\/DSC02989-300x200.jpg 300w, https:\/\/www.anamt.org.br\/portal\/wp-content\/uploads\/2025\/06\/DSC02989-400x267.jpg 400w, https:\/\/www.anamt.org.br\/portal\/wp-content\/uploads\/2025\/06\/DSC02989-600x400.jpg 600w, https:\/\/www.anamt.org.br\/portal\/wp-content\/uploads\/2025\/06\/DSC02989-768x512.jpg 768w, https:\/\/www.anamt.org.br\/portal\/wp-content\/uploads\/2025\/06\/DSC02989-800x533.jpg 800w, https:\/\/www.anamt.org.br\/portal\/wp-content\/uploads\/2025\/06\/DSC02989-1024x683.jpg 1024w, https:\/\/www.anamt.org.br\/portal\/wp-content\/uploads\/2025\/06\/DSC02989-1200x800.jpg 1200w, https:\/\/www.anamt.org.br\/portal\/wp-content\/uploads\/2025\/06\/DSC02989-1536x1024.jpg 1536w\" sizes=\"(max-width: 600px) 100vw, 600px\" \/><\/p>\n<p>Sobre o PCMSO, ela destacou a import\u00e2ncia da inclus\u00e3o do exame toxicol\u00f3gico no mesmo e a integra\u00e7\u00e3o do mesmo com a rotina administrativa da empresa, assim como o RH deve ler e compreender o PGR.<\/p>\n<p>A mesa-redonda foi encerrada por Jo\u00e3o Santos, que falou sobre o tema Premissas de um programa corporativo de \u00e1lcool e drogas bem sucedido. Ele apresentou o Programa Vc 100%, que tem entre suas premissas transpar\u00eancia, confidencialidade, credibilidade e isonomia. Treinamento, documenta\u00e7\u00e3o, aplica\u00e7\u00e3o dos testes toxicol\u00f3gicos e suporte multidisciplinar para os participantes est\u00e3o entre os principais elementos do mesmo.<\/p>\n<p><img decoding=\"async\" class=\"aligncenter wp-image-51947 size-fusion-600\" src=\"https:\/\/www.anamt.org.br\/portal\/wp-content\/uploads\/2025\/06\/forumsbmt14-600x338.png\" alt=\"\" width=\"600\" height=\"338\" srcset=\"https:\/\/www.anamt.org.br\/portal\/wp-content\/uploads\/2025\/06\/forumsbmt14-200x113.png 200w, https:\/\/www.anamt.org.br\/portal\/wp-content\/uploads\/2025\/06\/forumsbmt14-300x169.png 300w, https:\/\/www.anamt.org.br\/portal\/wp-content\/uploads\/2025\/06\/forumsbmt14-400x225.png 400w, https:\/\/www.anamt.org.br\/portal\/wp-content\/uploads\/2025\/06\/forumsbmt14-600x338.png 600w, https:\/\/www.anamt.org.br\/portal\/wp-content\/uploads\/2025\/06\/forumsbmt14-768x433.png 768w, https:\/\/www.anamt.org.br\/portal\/wp-content\/uploads\/2025\/06\/forumsbmt14-800x451.png 800w, https:\/\/www.anamt.org.br\/portal\/wp-content\/uploads\/2025\/06\/forumsbmt14-1024x577.png 1024w, https:\/\/www.anamt.org.br\/portal\/wp-content\/uploads\/2025\/06\/forumsbmt14.png 1035w\" sizes=\"(max-width: 600px) 100vw, 600px\" \/><\/p>\n<p>Depend\u00eancia Qu\u00edmica<\/p>\n<p>As atividades do F\u00f3rum Presencial e On-line ANAMT e SBMT seguiram com a mesa-redonda sobre Depend\u00eancia Qu\u00edmica. A Cons\u00aa. Moema Britto abordou o tema Ferramentas para preven\u00e7\u00e3o e detec\u00e7\u00e3o precoce de agravos \u00e0 sa\u00fade por abuso de \u00e1lcool e drogas nas empresas. Ela destacou que a cultura das empresas deve abranger a promo\u00e7\u00e3o da sa\u00fade para reduzir o incentivo ao consumo de subst\u00e2ncias psicoativas. Ela tamb\u00e9m pontuou que, de acordo com o INSS, em 2024 ocorreram mais de 21 mil afastamentos por depend\u00eancia de drogas.<\/p>\n<p><img decoding=\"async\" class=\"aligncenter wp-image-51944 size-fusion-600\" src=\"https:\/\/www.anamt.org.br\/portal\/wp-content\/uploads\/2025\/06\/DSC03163-1-600x400.jpg\" alt=\"\" width=\"600\" height=\"400\" srcset=\"https:\/\/www.anamt.org.br\/portal\/wp-content\/uploads\/2025\/06\/DSC03163-1-200x133.jpg 200w, https:\/\/www.anamt.org.br\/portal\/wp-content\/uploads\/2025\/06\/DSC03163-1-300x200.jpg 300w, https:\/\/www.anamt.org.br\/portal\/wp-content\/uploads\/2025\/06\/DSC03163-1-400x267.jpg 400w, https:\/\/www.anamt.org.br\/portal\/wp-content\/uploads\/2025\/06\/DSC03163-1-600x400.jpg 600w, https:\/\/www.anamt.org.br\/portal\/wp-content\/uploads\/2025\/06\/DSC03163-1-768x512.jpg 768w, https:\/\/www.anamt.org.br\/portal\/wp-content\/uploads\/2025\/06\/DSC03163-1-800x533.jpg 800w, https:\/\/www.anamt.org.br\/portal\/wp-content\/uploads\/2025\/06\/DSC03163-1-1024x683.jpg 1024w, https:\/\/www.anamt.org.br\/portal\/wp-content\/uploads\/2025\/06\/DSC03163-1-1200x800.jpg 1200w, https:\/\/www.anamt.org.br\/portal\/wp-content\/uploads\/2025\/06\/DSC03163-1-1536x1024.jpg 1536w\" sizes=\"(max-width: 600px) 100vw, 600px\" \/><\/p>\n<p>Nesse contexto, a palestrante falou sobre os desafios do tratamento dos dependentes qu\u00edmicos e identificadores, como absente\u00edsmo, atrasos frequentes, queda de produtividade, isolamento dos colegas, entre outros ind\u00edcios. Para identifica\u00e7\u00e3o, ela enumerou ferramentas como entrevista familiar e resultado de exames cl\u00ednicos peri\u00f3dicos. Em rela\u00e7\u00e3o ao local de trabalho, al\u00e9m de deixar claro que o uso de drogas no trabalho \u00e9 proibido, ela ressaltou a import\u00e2ncia do olhar human\u00edstico e a implementa\u00e7\u00e3o de um programa de preven\u00e7\u00e3o de depend\u00eancia qu\u00edmica.<\/p>\n<p>Preven\u00e7\u00e3o<\/p>\n<p>Em seguida, Dr. Ricardo Turenko falou sobre Programa de Preven\u00e7\u00e3o de Depend\u00eancia Qu\u00edmica. Para estabelecer um, ele falou sobre buscar modelos baseados em evid\u00eancias, com abordagem hol\u00edstica e evitar modelos de amedrontamento. Al\u00e9m disso, para garantir a sustentabilidade do programa, ter um bom monitoramento dos dados.<\/p>\n<p><img decoding=\"async\" class=\"aligncenter wp-image-51948 size-fusion-600\" src=\"https:\/\/www.anamt.org.br\/portal\/wp-content\/uploads\/2025\/06\/forumsbmt16-600x310.png\" alt=\"\" width=\"600\" height=\"310\" srcset=\"https:\/\/www.anamt.org.br\/portal\/wp-content\/uploads\/2025\/06\/forumsbmt16-200x103.png 200w, https:\/\/www.anamt.org.br\/portal\/wp-content\/uploads\/2025\/06\/forumsbmt16-300x155.png 300w, https:\/\/www.anamt.org.br\/portal\/wp-content\/uploads\/2025\/06\/forumsbmt16-400x207.png 400w, https:\/\/www.anamt.org.br\/portal\/wp-content\/uploads\/2025\/06\/forumsbmt16-600x310.png 600w, https:\/\/www.anamt.org.br\/portal\/wp-content\/uploads\/2025\/06\/forumsbmt16-768x397.png 768w, https:\/\/www.anamt.org.br\/portal\/wp-content\/uploads\/2025\/06\/forumsbmt16-800x414.png 800w, https:\/\/www.anamt.org.br\/portal\/wp-content\/uploads\/2025\/06\/forumsbmt16.png 1023w\" sizes=\"(max-width: 600px) 100vw, 600px\" \/><\/p>\n<p>O palestrante ainda falou sobre n\u00edveis de preven\u00e7\u00e3o, estabelecimento de parcerias, como com ONGs, e da personaliza\u00e7\u00e3o do programa de acordo com a popula\u00e7\u00e3o. Em rela\u00e7\u00e3o \u00e0 empresa, ele ressaltou a import\u00e2ncia dos indicadores para mostrar o retorno efetivo da iniciativa e seu impacto na empresa em aspectos como produtividade, redu\u00e7\u00e3o de presente\u00edsmo e acidentes de trabalho.<\/p>\n<p>O tema Cuidados na condu\u00e7\u00e3o de casos atendidos com teste reagente positivo e restri\u00e7\u00f5es laborativas para dependentes qu\u00edmicos foi tratado pela Dra. Miriam Gorender. Ela explicou formas como as drogas comprometem as fun\u00e7\u00f5es corporais, como percep\u00e7\u00e3o do espa\u00e7o e controle motor, e os riscos de acidente de tr\u00e2nsito ou de trabalho que isso pode causar.<\/p>\n<p><img decoding=\"async\" class=\"aligncenter wp-image-51950 size-fusion-600\" src=\"https:\/\/www.anamt.org.br\/portal\/wp-content\/uploads\/2025\/06\/forumsbmt17-600x330.png\" alt=\"\" width=\"600\" height=\"330\" srcset=\"https:\/\/www.anamt.org.br\/portal\/wp-content\/uploads\/2025\/06\/forumsbmt17-200x110.png 200w, https:\/\/www.anamt.org.br\/portal\/wp-content\/uploads\/2025\/06\/forumsbmt17-300x165.png 300w, https:\/\/www.anamt.org.br\/portal\/wp-content\/uploads\/2025\/06\/forumsbmt17-400x220.png 400w, https:\/\/www.anamt.org.br\/portal\/wp-content\/uploads\/2025\/06\/forumsbmt17-600x330.png 600w, https:\/\/www.anamt.org.br\/portal\/wp-content\/uploads\/2025\/06\/forumsbmt17-768x423.png 768w, https:\/\/www.anamt.org.br\/portal\/wp-content\/uploads\/2025\/06\/forumsbmt17-800x440.png 800w, https:\/\/www.anamt.org.br\/portal\/wp-content\/uploads\/2025\/06\/forumsbmt17-1024x563.png 1024w, https:\/\/www.anamt.org.br\/portal\/wp-content\/uploads\/2025\/06\/forumsbmt17.png 1027w\" sizes=\"(max-width: 600px) 100vw, 600px\" \/><\/p>\n<p>A especialista tamb\u00e9m pontuou os tipos diferentes de usu\u00e1rios, formas de identificar cada um e caracter\u00edsticas do uso das subst\u00e2ncias em cada caso, como perman\u00eancia de consumo mesmo com consequ\u00eancias nocivas no caso de um dependente qu\u00edmico. Ela alertou ainda para outros casos de comportamento de adi\u00e7\u00e3o, como uso de redes sociais e apostas online. Dra. Miriam tamb\u00e9m abordou a patologia dual, quando o transtorno por uso de subst\u00e2ncias est\u00e1 associado a uma patologia psiqui\u00e1trica. Segundo ela, os dois devem ser tratados conjuntamente e representam mais da metade dos casos de depend\u00eancia. Ela ainda falou sobre casos em que interna\u00e7\u00f5es s\u00e3o necess\u00e1rias e o atual contexto estrutural dos hospitais psiqui\u00e1tricos.<\/p>\n","protected":false},"excerpt":{"rendered":"<p>Os limites da legisla\u00e7\u00e3o, os dilemas \u00e9ticos e as d\u00favidas foram os pontos de destaque em painel, mesas-redondas e confer\u00eancia apresentados no F\u00f3rum presencial e virtual sobre &#8216;Preven\u00e7\u00e3o de acidentes e o controle dos exames toxicol\u00f3gicos. O encontro foi organizado em parceria entre a ANAMT e a Sociedade Bahiana de Medicina do Trabalho (SBMT) e [&hellip;]<\/p>\n","protected":false},"author":5,"featured_media":51854,"comment_status":"closed","ping_status":"closed","sticky":false,"template":"","format":"standard","meta":{"footnotes":""},"categories":[271,270,77],"tags":[],"_links":{"self":[{"href":"https:\/\/www.anamt.org.br\/portal\/wp-json\/wp\/v2\/posts\/51945"}],"collection":[{"href":"https:\/\/www.anamt.org.br\/portal\/wp-json\/wp\/v2\/posts"}],"about":[{"href":"https:\/\/www.anamt.org.br\/portal\/wp-json\/wp\/v2\/types\/post"}],"author":[{"embeddable":true,"href":"https:\/\/www.anamt.org.br\/portal\/wp-json\/wp\/v2\/users\/5"}],"replies":[{"embeddable":true,"href":"https:\/\/www.anamt.org.br\/portal\/wp-json\/wp\/v2\/comments?post=51945"}],"version-history":[{"count":2,"href":"https:\/\/www.anamt.org.br\/portal\/wp-json\/wp\/v2\/posts\/51945\/revisions"}],"predecessor-version":[{"id":51958,"href":"https:\/\/www.anamt.org.br\/portal\/wp-json\/wp\/v2\/posts\/51945\/revisions\/51958"}],"wp:featuredmedia":[{"embeddable":true,"href":"https:\/\/www.anamt.org.br\/portal\/wp-json\/wp\/v2\/media\/51854"}],"wp:attachment":[{"href":"https:\/\/www.anamt.org.br\/portal\/wp-json\/wp\/v2\/media?parent=51945"}],"wp:term":[{"taxonomy":"category","embeddable":true,"href":"https:\/\/www.anamt.org.br\/portal\/wp-json\/wp\/v2\/categories?post=51945"},{"taxonomy":"post_tag","embeddable":true,"href":"https:\/\/www.anamt.org.br\/portal\/wp-json\/wp\/v2\/tags?post=51945"}],"curies":[{"name":"wp","href":"https:\/\/api.w.org\/{rel}","templated":true}]}}