{"id":51922,"date":"2025-06-12T16:05:07","date_gmt":"2025-06-12T19:05:07","guid":{"rendered":"https:\/\/www.anamt.org.br\/portal\/?p=51922"},"modified":"2025-06-13T08:26:04","modified_gmt":"2025-06-13T11:26:04","slug":"webinarios-anamt-nova-edicao-aborda-boas-praticas-da-conduta-medica-nos-dort-do-diagnostico-a-pratica-ocupacional-e-pericial","status":"publish","type":"post","link":"https:\/\/www.anamt.org.br\/portal\/2025\/06\/12\/webinarios-anamt-nova-edicao-aborda-boas-praticas-da-conduta-medica-nos-dort-do-diagnostico-a-pratica-ocupacional-e-pericial\/","title":{"rendered":"Webin\u00e1rios ANAMT: nova edi\u00e7\u00e3o aborda Boas Pr\u00e1ticas da Conduta M\u00e9dica nas DORT: do Diagn\u00f3stico \u00e0 Pr\u00e1tica Ocupacional e Pericial"},"content":{"rendered":"<p>No dia 17 de junho, a ANAMT realizar\u00e1 uma nova edi\u00e7\u00e3o do Webin\u00e1rios ANAMT, \u00e0s 20h. A transmiss\u00e3o abordar\u00e1 o tema Boas Pr\u00e1ticas da Conduta M\u00e9dica nas DORT: do Diagn\u00f3stico \u00e0 Pr\u00e1tica Ocupacional e Pericial. Participar\u00e3o Dra. Ana Paula Esper, Dr. Eduardo Costa S\u00e1, Dr. Jo\u00e3o de Oliveira e Dr. Francisco Cortes Fernandes, presidente da ANAMT.<\/p>\n<p>O evento ser\u00e1 transmitido ao vivo pela ANAMT Virtual, plataforma de educa\u00e7\u00e3o continuada da Associa\u00e7\u00e3o.<\/p>\n<p>O acesso \u00e0 ANAMT Virtual \u00e9 um benef\u00edcio exclusivo de todos os associados adimplentes da entidade. Para acompanhar, acesse: <a href=\"http:\/\/www.anamt.virtual.org.br\" target=\"_blank\" rel=\"noopener\">www.anamt.virtual.org.br<\/a>.<\/p>\n","protected":false},"excerpt":{"rendered":"<p>No dia 17 de junho, a ANAMT realizar\u00e1 uma nova edi\u00e7\u00e3o do Webin\u00e1rios ANAMT, \u00e0s 20h. A transmiss\u00e3o abordar\u00e1 o tema Boas Pr\u00e1ticas da Conduta M\u00e9dica nas DORT: do Diagn\u00f3stico \u00e0 Pr\u00e1tica Ocupacional e Pericial. Participar\u00e3o Dra. Ana Paula Esper, Dr. Eduardo Costa S\u00e1, Dr. Jo\u00e3o de Oliveira e Dr. Francisco Cortes Fernandes, presidente da [&hellip;]<\/p>\n","protected":false},"author":5,"featured_media":48059,"comment_status":"closed","ping_status":"closed","sticky":false,"template":"","format":"standard","meta":{"footnotes":""},"categories":[77,8],"tags":[],"_links":{"self":[{"href":"https:\/\/www.anamt.org.br\/portal\/wp-json\/wp\/v2\/posts\/51922"}],"collection":[{"href":"https:\/\/www.anamt.org.br\/portal\/wp-json\/wp\/v2\/posts"}],"about":[{"href":"https:\/\/www.anamt.org.br\/portal\/wp-json\/wp\/v2\/types\/post"}],"author":[{"embeddable":true,"href":"https:\/\/www.anamt.org.br\/portal\/wp-json\/wp\/v2\/users\/5"}],"replies":[{"embeddable":true,"href":"https:\/\/www.anamt.org.br\/portal\/wp-json\/wp\/v2\/comments?post=51922"}],"version-history":[{"count":2,"href":"https:\/\/www.anamt.org.br\/portal\/wp-json\/wp\/v2\/posts\/51922\/revisions"}],"predecessor-version":[{"id":51924,"href":"https:\/\/www.anamt.org.br\/portal\/wp-json\/wp\/v2\/posts\/51922\/revisions\/51924"}],"wp:featuredmedia":[{"embeddable":true,"href":"https:\/\/www.anamt.org.br\/portal\/wp-json\/wp\/v2\/media\/48059"}],"wp:attachment":[{"href":"https:\/\/www.anamt.org.br\/portal\/wp-json\/wp\/v2\/media?parent=51922"}],"wp:term":[{"taxonomy":"category","embeddable":true,"href":"https:\/\/www.anamt.org.br\/portal\/wp-json\/wp\/v2\/categories?post=51922"},{"taxonomy":"post_tag","embeddable":true,"href":"https:\/\/www.anamt.org.br\/portal\/wp-json\/wp\/v2\/tags?post=51922"}],"curies":[{"name":"wp","href":"https:\/\/api.w.org\/{rel}","templated":true}]}}