{"id":51885,"date":"2025-06-02T17:27:41","date_gmt":"2025-06-02T20:27:41","guid":{"rendered":"https:\/\/www.anamt.org.br\/portal\/?p=51885"},"modified":"2025-06-02T17:32:54","modified_gmt":"2025-06-02T20:32:54","slug":"anamt-participa-de-reuniao-da-camara-tecnica-de-medicina-do-trabalho-do-cfm","status":"publish","type":"post","link":"https:\/\/www.anamt.org.br\/portal\/2025\/06\/02\/anamt-participa-de-reuniao-da-camara-tecnica-de-medicina-do-trabalho-do-cfm\/","title":{"rendered":"ANAMT participa de reuni\u00e3o da C\u00e2mara T\u00e9cnica de Medicina do Trabalho do CFM"},"content":{"rendered":"<p>O presidente da ANAMT, Dr. Francisco Cortes Fernandes, participou no dia 30 de maio da primeira reuni\u00e3o da C\u00e2mara T\u00e9cnica de Medicina do Trabalho do Conselho Federal de Medicina (CFM). Responsabilidade t\u00e9cnica dos m\u00e9dicos do trabalho, uso da telemedicina nas consultas e pareceres sobre a emiss\u00e3o de ru\u00eddos foram alguns dos temas tratados.<\/p>\n<p>A 2\u00aa vice-presidente do Conselho e diretora cient\u00edfica da ANAMT, Dra. Rosylane Rocha, tamb\u00e9m participou da reuni\u00e3o, assim como Alberto de Almeida; Amaury Prieto; Brunno Goes; Eltes Paulino; Fl\u00e1vio Barbosa; Guilherme Lazzari; Jo\u00e3o Rogerio da Silveira; Jos\u00e9 Carlos Ribeiro; Neimar de Souza e Ruddy Cesar Facci tamb\u00e9m participaram presencialmente. Por videoconfer\u00eancia, estiveram Carlos Magno Dalapicola; V\u00e2nia Maria Pimentel; Walneia Moreira; e Williams da Silva.<\/p>\n<p><img decoding=\"async\" class=\"aligncenter wp-image-51886 size-fusion-600\" src=\"https:\/\/www.anamt.org.br\/portal\/wp-content\/uploads\/2025\/06\/WhatsApp-Image-2025-06-02-at-17.07.56-600x537.jpeg\" alt=\"\" width=\"600\" height=\"537\" srcset=\"https:\/\/www.anamt.org.br\/portal\/wp-content\/uploads\/2025\/06\/WhatsApp-Image-2025-06-02-at-17.07.56-200x179.jpeg 200w, https:\/\/www.anamt.org.br\/portal\/wp-content\/uploads\/2025\/06\/WhatsApp-Image-2025-06-02-at-17.07.56-300x268.jpeg 300w, https:\/\/www.anamt.org.br\/portal\/wp-content\/uploads\/2025\/06\/WhatsApp-Image-2025-06-02-at-17.07.56-400x358.jpeg 400w, https:\/\/www.anamt.org.br\/portal\/wp-content\/uploads\/2025\/06\/WhatsApp-Image-2025-06-02-at-17.07.56-600x537.jpeg 600w, https:\/\/www.anamt.org.br\/portal\/wp-content\/uploads\/2025\/06\/WhatsApp-Image-2025-06-02-at-17.07.56-768x687.jpeg 768w, https:\/\/www.anamt.org.br\/portal\/wp-content\/uploads\/2025\/06\/WhatsApp-Image-2025-06-02-at-17.07.56-800x716.jpeg 800w, https:\/\/www.anamt.org.br\/portal\/wp-content\/uploads\/2025\/06\/WhatsApp-Image-2025-06-02-at-17.07.56-1024x916.jpeg 1024w, https:\/\/www.anamt.org.br\/portal\/wp-content\/uploads\/2025\/06\/WhatsApp-Image-2025-06-02-at-17.07.56.jpeg 1199w\" sizes=\"(max-width: 600px) 100vw, 600px\" \/><\/p>\n","protected":false},"excerpt":{"rendered":"<p>O presidente da ANAMT, Dr. Francisco Cortes Fernandes, participou no dia 30 de maio da primeira reuni\u00e3o da C\u00e2mara T\u00e9cnica de Medicina do Trabalho do Conselho Federal de Medicina (CFM). Responsabilidade t\u00e9cnica dos m\u00e9dicos do trabalho, uso da telemedicina nas consultas e pareceres sobre a emiss\u00e3o de ru\u00eddos foram alguns dos temas tratados. A 2\u00aa [&hellip;]<\/p>\n","protected":false},"author":5,"featured_media":51887,"comment_status":"closed","ping_status":"closed","sticky":false,"template":"","format":"standard","meta":{"footnotes":""},"categories":[77,8],"tags":[],"_links":{"self":[{"href":"https:\/\/www.anamt.org.br\/portal\/wp-json\/wp\/v2\/posts\/51885"}],"collection":[{"href":"https:\/\/www.anamt.org.br\/portal\/wp-json\/wp\/v2\/posts"}],"about":[{"href":"https:\/\/www.anamt.org.br\/portal\/wp-json\/wp\/v2\/types\/post"}],"author":[{"embeddable":true,"href":"https:\/\/www.anamt.org.br\/portal\/wp-json\/wp\/v2\/users\/5"}],"replies":[{"embeddable":true,"href":"https:\/\/www.anamt.org.br\/portal\/wp-json\/wp\/v2\/comments?post=51885"}],"version-history":[{"count":2,"href":"https:\/\/www.anamt.org.br\/portal\/wp-json\/wp\/v2\/posts\/51885\/revisions"}],"predecessor-version":[{"id":51889,"href":"https:\/\/www.anamt.org.br\/portal\/wp-json\/wp\/v2\/posts\/51885\/revisions\/51889"}],"wp:featuredmedia":[{"embeddable":true,"href":"https:\/\/www.anamt.org.br\/portal\/wp-json\/wp\/v2\/media\/51887"}],"wp:attachment":[{"href":"https:\/\/www.anamt.org.br\/portal\/wp-json\/wp\/v2\/media?parent=51885"}],"wp:term":[{"taxonomy":"category","embeddable":true,"href":"https:\/\/www.anamt.org.br\/portal\/wp-json\/wp\/v2\/categories?post=51885"},{"taxonomy":"post_tag","embeddable":true,"href":"https:\/\/www.anamt.org.br\/portal\/wp-json\/wp\/v2\/tags?post=51885"}],"curies":[{"name":"wp","href":"https:\/\/api.w.org\/{rel}","templated":true}]}}