{"id":51853,"date":"2025-06-14T08:29:36","date_gmt":"2025-06-14T11:29:36","guid":{"rendered":"https:\/\/www.anamt.org.br\/portal\/?p=51853"},"modified":"2025-06-14T08:46:23","modified_gmt":"2025-06-14T11:46:23","slug":"anamt-e-sbmt-realizam-forum-presencial-e-on-line-sobre-prevencao-de-acidentes-e-controle-dos-exames-toxicologicos","status":"publish","type":"post","link":"https:\/\/www.anamt.org.br\/portal\/2025\/06\/14\/anamt-e-sbmt-realizam-forum-presencial-e-on-line-sobre-prevencao-de-acidentes-e-controle-dos-exames-toxicologicos\/","title":{"rendered":"ANAMT e SBMT realizam F\u00f3rum Presencial e On-line sobre Preven\u00e7\u00e3o de Acidentes e Controle dos Exames Toxicol\u00f3gicos"},"content":{"rendered":"<p>No dia 14 de junho, a ANAMT e a Sociedade Bahiana de Medicina do Trabalho (SBMT) realizar\u00e3o o F\u00f3rum Presencial e On-line, cujo tema central ser\u00e1 A Preven\u00e7\u00e3o de Acidentes e o Controle dos Exames Toxicol\u00f3gicos. O evento ocorrer\u00e1 na Associa\u00e7\u00e3o Bahiana de Medicina do Trabalho (Rua Baependi, 162, Ondina, Salvador, Bahia), com transmiss\u00e3o online pela ANAMT Virtual, plataforma de educa\u00e7\u00e3o continuada da ANAMT.<\/p>\n<p>Para participa\u00e7\u00e3o online, as inscri\u00e7\u00f5es podem ser feitas <a href=\"https:\/\/sistemasanamt.org.br\/anamt\/inscricoeseventos\/inscricoes\/cad_inscricao.aspx?proid=125\" target=\"_blank\" rel=\"noopener\"><strong>aqui<\/strong><\/a>. No caso de comparecimento presencial, as inscri\u00e7\u00f5es podem ser feitas <a href=\"https:\/\/sistemasanamt.org.br\/anamt\/inscricoeseventos\/inscricoes\/cad_inscricao.aspx?proid=126\" target=\"_blank\" rel=\"noopener\"><strong>aqui<\/strong><\/a>. A participa\u00e7\u00e3o no evento pontua em 5 pontos na Prova de T\u00edtulo de Especialista em Medicina do Trabalho. Al\u00e9m das inscri\u00e7\u00f5es neste evento, \u00e9 poss\u00edvel adquirir o combo dos quatro f\u00f3runs j\u00e1 realizados com desconto, dispon\u00edvel <a href=\"https:\/\/sistemasanamt.org.br\/anamt\/inscricoeseventos\/inscricoes\/cad_inscricao.aspx?proid=121\" target=\"_blank\" rel=\"noopener\"><strong>aqui<\/strong><\/a>.<\/p>\n<p>A programa\u00e7\u00e3o est\u00e1 dispon\u00edvel abaixo:<\/p>\n<p>8h45 \u00e0s 09h<br \/>\nAbertura<\/p>\n<p>9h \u00e0s 10h<br \/>\nPainel: Impedimento do m\u00e9dico do trabalho executar ou coordenar a realiza\u00e7\u00e3o dos testes toxicol\u00f3gicos relacionados \u00e0 Portaria MTE 612\/2024<br \/>\nTema: Parecer Cremeb 04\/2025<br \/>\nCoordenador: Dr. Jos\u00e9 Carlos Ribeiro\/BA<\/p>\n<p>Palestrante: Dr. Guilherme Alegretti Lazzari\/BA<br \/>\nDebatedor: Dr. Ricardo Hegele\/RS<br \/>\nDebatedora: Dra. Geiza Ribeiro Nu\u00f1ez\/BA<\/p>\n<p>Debate<\/p>\n<p>10h \u00e0s 10h30<br \/>\nConfer\u00eancia: Atua\u00e7\u00e3o Fundamental dos M\u00e9dicos do Trabalho na Preven\u00e7\u00e3o dos Acidentes e Adoecimento dos Trabalhadores<br \/>\nPresidente: Dr. Pascoal Gomes da Costa Neto\/PI<br \/>\nConferencista: Dra. Emilyanna Rodrigues Cavalcante Gon\u00e7alves\/DF<\/p>\n<p>10h30 \u00e0s 12h<br \/>\nMesa-Redonda: Exames Toxicol\u00f3gicos: Aspectos cl\u00ednicos, administrativo e da seguran\u00e7a no tr\u00e2nsito<br \/>\nCoordena\u00e7\u00e3o: Dr. Carlos Fernando de S\u00e1 Santana (BA)<\/p>\n<p>Tema: A Import\u00e2ncia dos testes toxicol\u00f3gicos na redu\u00e7\u00e3o de acidentes no tr\u00e2nsito e nas empresas<br \/>\nDr. Ricardo Hegele (RS)<\/p>\n<p>Tema: Tudo que o M\u00e9dico do Trabalho precisa saber para interpretar os testes toxicol\u00f3gicos<br \/>\nDr. Amaury do Lago Prieto (RS)<\/p>\n<p>Fluxo Administrativo no Departamento de Recursos Humanos<br \/>\nEsp. Gladyz Cazumb\u00e1 (BA)<\/p>\n<p>Tema: Premissas de um programa corporativo de \u00e1lcool e drogas bem sucedido<br \/>\nM.e. Jo\u00e3o David Santos (RJ)<\/p>\n<p>Debatedora: Dra. Geiza Ribeiro Nu\u00f1ez (BA)Debate<\/p>\n<p>12h \u00e0s 13h<br \/>\nIntervalo<\/p>\n<p>13h \u00e0s 14h30<br \/>\nMesa-Redonda: Depend\u00eancia Qu\u00edmica<br \/>\nCoordenador: Dr. Luis Henrique Braga Gomes\/BA<\/p>\n<p>Tema: Ferramentas para preven\u00e7\u00e3o e detec\u00e7\u00e3o precoce de agravos \u00e0 sa\u00fade por abuso de \u00e1lcool e drogas nas empresas<br \/>\nPalestrante: Cons\u00aa. Moema Britto Raquelo\/BA<\/p>\n<p>Tema: Programa de Preven\u00e7\u00e3o de Depend\u00eancia Qu\u00edmica<br \/>\nPalestrante: Dr. Ricardo Ant\u00f4nio Turenko Be\u00e7a\/AM<\/p>\n<p>Tema: Cuidados na condu\u00e7\u00e3o de casos atendidos com teste reagente positivo e restri\u00e7\u00f5es laborativas para dependentes qu\u00edmicos<br \/>\nPalestrante: Dra. Miriam Elza Gorender\/BA<\/p>\n<p>Debate<\/p>\n<p>15h<br \/>\nEncerramento<\/p>\n<p>*Programa\u00e7\u00e3o Sujeita a Altera\u00e7\u00e3o<\/p>\n","protected":false},"excerpt":{"rendered":"<p>No dia 14 de junho, a ANAMT e a Sociedade Bahiana de Medicina do Trabalho (SBMT) realizar\u00e3o o F\u00f3rum Presencial e On-line, cujo tema central ser\u00e1 A Preven\u00e7\u00e3o de Acidentes e o Controle dos Exames Toxicol\u00f3gicos. O evento ocorrer\u00e1 na Associa\u00e7\u00e3o Bahiana de Medicina do Trabalho (Rua Baependi, 162, Ondina, Salvador, Bahia), com transmiss\u00e3o online [&hellip;]<\/p>\n","protected":false},"author":5,"featured_media":51854,"comment_status":"closed","ping_status":"closed","sticky":false,"template":"","format":"standard","meta":{"footnotes":""},"categories":[77,8],"tags":[],"_links":{"self":[{"href":"https:\/\/www.anamt.org.br\/portal\/wp-json\/wp\/v2\/posts\/51853"}],"collection":[{"href":"https:\/\/www.anamt.org.br\/portal\/wp-json\/wp\/v2\/posts"}],"about":[{"href":"https:\/\/www.anamt.org.br\/portal\/wp-json\/wp\/v2\/types\/post"}],"author":[{"embeddable":true,"href":"https:\/\/www.anamt.org.br\/portal\/wp-json\/wp\/v2\/users\/5"}],"replies":[{"embeddable":true,"href":"https:\/\/www.anamt.org.br\/portal\/wp-json\/wp\/v2\/comments?post=51853"}],"version-history":[{"count":3,"href":"https:\/\/www.anamt.org.br\/portal\/wp-json\/wp\/v2\/posts\/51853\/revisions"}],"predecessor-version":[{"id":51921,"href":"https:\/\/www.anamt.org.br\/portal\/wp-json\/wp\/v2\/posts\/51853\/revisions\/51921"}],"wp:featuredmedia":[{"embeddable":true,"href":"https:\/\/www.anamt.org.br\/portal\/wp-json\/wp\/v2\/media\/51854"}],"wp:attachment":[{"href":"https:\/\/www.anamt.org.br\/portal\/wp-json\/wp\/v2\/media?parent=51853"}],"wp:term":[{"taxonomy":"category","embeddable":true,"href":"https:\/\/www.anamt.org.br\/portal\/wp-json\/wp\/v2\/categories?post=51853"},{"taxonomy":"post_tag","embeddable":true,"href":"https:\/\/www.anamt.org.br\/portal\/wp-json\/wp\/v2\/tags?post=51853"}],"curies":[{"name":"wp","href":"https:\/\/api.w.org\/{rel}","templated":true}]}}