{"id":51844,"date":"2025-05-21T10:39:24","date_gmt":"2025-05-21T13:39:24","guid":{"rendered":"https:\/\/www.anamt.org.br\/portal\/?p=51844"},"modified":"2025-05-21T10:48:30","modified_gmt":"2025-05-21T13:48:30","slug":"eleicoes-anamt-divulga-edital-de-convocacao","status":"publish","type":"post","link":"https:\/\/www.anamt.org.br\/portal\/2025\/05\/21\/eleicoes-anamt-divulga-edital-de-convocacao\/","title":{"rendered":"Elei\u00e7\u00f5es: ANAMT divulga edital de convoca\u00e7\u00e3o"},"content":{"rendered":"<p>A ANAMT divulgou o Edital de Convoca\u00e7\u00e3o do Processo Eleitoral para a Diretoria e Conselho Fiscal da ANAMT &#8211; Gest\u00e3o 2026\/2029. O prazo para registro das chapas ser\u00e1 entre 23 e 28 de maio de 2025.<\/p>\n<p>Mais informa\u00e7\u00f5es sobre o pleito, <a href=\"https:\/\/www.anamt.org.br\/portal\/wp-content\/uploads\/2025\/05\/ANAMT-Edital-Eleicoes-2025.pdf\" target=\"_blank\" rel=\"noopener\"><strong>no documento<\/strong><\/a>.<\/p>\n","protected":false},"excerpt":{"rendered":"<p>A ANAMT divulgou o Edital de Convoca\u00e7\u00e3o do Processo Eleitoral para a Diretoria e Conselho Fiscal da ANAMT &#8211; Gest\u00e3o 2026\/2029. O prazo para registro das chapas ser\u00e1 entre 23 e 28 de maio de 2025. Mais informa\u00e7\u00f5es sobre o pleito, no documento.<\/p>\n","protected":false},"author":5,"featured_media":51847,"comment_status":"closed","ping_status":"closed","sticky":false,"template":"","format":"standard","meta":{"footnotes":""},"categories":[269,77,8],"tags":[],"_links":{"self":[{"href":"https:\/\/www.anamt.org.br\/portal\/wp-json\/wp\/v2\/posts\/51844"}],"collection":[{"href":"https:\/\/www.anamt.org.br\/portal\/wp-json\/wp\/v2\/posts"}],"about":[{"href":"https:\/\/www.anamt.org.br\/portal\/wp-json\/wp\/v2\/types\/post"}],"author":[{"embeddable":true,"href":"https:\/\/www.anamt.org.br\/portal\/wp-json\/wp\/v2\/users\/5"}],"replies":[{"embeddable":true,"href":"https:\/\/www.anamt.org.br\/portal\/wp-json\/wp\/v2\/comments?post=51844"}],"version-history":[{"count":1,"href":"https:\/\/www.anamt.org.br\/portal\/wp-json\/wp\/v2\/posts\/51844\/revisions"}],"predecessor-version":[{"id":51846,"href":"https:\/\/www.anamt.org.br\/portal\/wp-json\/wp\/v2\/posts\/51844\/revisions\/51846"}],"wp:featuredmedia":[{"embeddable":true,"href":"https:\/\/www.anamt.org.br\/portal\/wp-json\/wp\/v2\/media\/51847"}],"wp:attachment":[{"href":"https:\/\/www.anamt.org.br\/portal\/wp-json\/wp\/v2\/media?parent=51844"}],"wp:term":[{"taxonomy":"category","embeddable":true,"href":"https:\/\/www.anamt.org.br\/portal\/wp-json\/wp\/v2\/categories?post=51844"},{"taxonomy":"post_tag","embeddable":true,"href":"https:\/\/www.anamt.org.br\/portal\/wp-json\/wp\/v2\/tags?post=51844"}],"curies":[{"name":"wp","href":"https:\/\/api.w.org\/{rel}","templated":true}]}}