{"id":51817,"date":"2025-05-13T16:52:30","date_gmt":"2025-05-13T19:52:30","guid":{"rendered":"https:\/\/www.anamt.org.br\/portal\/?p=51817"},"modified":"2025-05-13T16:55:39","modified_gmt":"2025-05-13T19:55:39","slug":"universidade-tor-vergata-associado-da-anamt-e-aprovado-para-intercambio-na-italia","status":"publish","type":"post","link":"https:\/\/www.anamt.org.br\/portal\/2025\/05\/13\/universidade-tor-vergata-associado-da-anamt-e-aprovado-para-intercambio-na-italia\/","title":{"rendered":"Universidade Tor Vergata: associado da ANAMT \u00e9 aprovado para interc\u00e2mbio na It\u00e1lia"},"content":{"rendered":"<p>A parceria firmada entre a ANAMT e a Universidade Roma Tor Vergata, terceira maior universidade da capital italiana, come\u00e7ou a produzir resultados positivos. O Dr. Pedro Haick \u00e9 o primeiro aprovado para interc\u00e2mbio de est\u00e1gio em Roma, com in\u00edcio em outubro e um m\u00eas de dura\u00e7\u00e3o. Ele ser\u00e1 recebido pelo Departamento de Medicina Ocupacional da institui\u00e7\u00e3o italiana, conforme acordo de colabora\u00e7\u00e3o cultural e cient\u00edfica.<\/p>\n<p>&#8220;Sempre tive muito interesse em ter uma perspectiva internacional, saber como \u00e9 feita a \u00e1rea de medicina do trabalho no exterior, ainda mais na It\u00e1lia, ber\u00e7o da medicina do trabalho&#8221;, destacou Dr. Pedro. O est\u00e1gio na Universidade Roma Tor Vergata ser\u00e1 na \u00e1rea de ergoftalmologia. &#8220;Planejo dar seguimento nesta mat\u00e9ria para o meu doutorado, que espero vincul\u00e1-lo \u00e0 faculdade l\u00e1 na It\u00e1lia tamb\u00e9m&#8221;, acrescentou.<\/p>\n<p>Para Dr. Pedro Haick, participar do est\u00e1gio na universidade italiana ser\u00e1 uma experi\u00eancia enriquecedora tanto do ponto de vista acad\u00eamico como cultural. &#8220;Al\u00e9m de ter contato com professores super renomados, em uma institui\u00e7\u00e3o de ponta, ser\u00e1 uma oportunidade de conviver com uma cultura n\u00e3o s\u00f3 social mas dos trabalhadores de outro pa\u00eds, de outro continente, da Europa. \u00c9 um momento de conhecer as tend\u00eancias para depois trazer para o Brasil&#8221;, estima.<\/p>\n<p>Inscri\u00e7\u00e3o<\/p>\n<p>A oportunidade, surgiu ao navegar no site da ANAMT. &#8220;Assisti um webin\u00e1rio com o Dr. Bruno Picolli, m\u00e9dico do trabalho da Universidade Tor Vergata. Tomei conhecimento dessa oportunidade e prontamente entrei em contato com a ANAMT e me colocaram em contato com o Dr. Francisco, presidente da Associa\u00e7\u00e3o, que me ajudou a ter contato com o Dr Picolli. O Dr. Ruddy Facci tamb\u00e9m tem me auxiliado bastante em todo o processo&#8221;, acrescentou o Dr. Pedro Haick.<\/p>\n<p>Parceria<\/p>\n<p>O acordo da Roma Tor Vergata com a ANAMT foi firmado em 2023 e \u00e9 o primeiro acordo internacional. Os contatos com as institui\u00e7\u00f5es estrangeiras tiveram in\u00edcio em 2022. A parceria firmada compreende interc\u00e2mbio de est\u00e1gios e pesquisas, al\u00e9m de realiza\u00e7\u00f5es de eventos e outras agendas acad\u00eamicas, dispon\u00edveis para os associados da entidade.<\/p>\n<p>Dra. Rosylane Rocha, diretora cient\u00edfica da ANAMT, disse na ocasi\u00e3o da assinatura da parceria que &#8220;o acordo torna poss\u00edvel a troca de experi\u00eancia e grande aprendizado, al\u00e9m de colocar em evid\u00eancia os m\u00e9dicos do trabalho do Brasil&#8221;. A Universidade italiana foi fundada em 1982. Entre os cursos de gradua\u00e7\u00e3o e p\u00f3s-gradua\u00e7\u00e3o oferecidos, destaca-se o de Medicina e Cirurgia. Os associados da ANAMT que tiverem interesse em conhecer mais detalhes sobre a parceria com a Tor Vergata podem acessar o webin\u00e1rio gravado na plataforma ANAMT Virtual.<\/p>\n","protected":false},"excerpt":{"rendered":"<p>A parceria firmada entre a ANAMT e a Universidade Roma Tor Vergata, terceira maior universidade da capital italiana, come\u00e7ou a produzir resultados positivos. O Dr. Pedro Haick \u00e9 o primeiro aprovado para interc\u00e2mbio de est\u00e1gio em Roma, com in\u00edcio em outubro e um m\u00eas de dura\u00e7\u00e3o. Ele ser\u00e1 recebido pelo Departamento de Medicina Ocupacional da [&hellip;]<\/p>\n","protected":false},"author":5,"featured_media":47992,"comment_status":"closed","ping_status":"closed","sticky":false,"template":"","format":"standard","meta":{"footnotes":""},"categories":[77,8,1],"tags":[],"_links":{"self":[{"href":"https:\/\/www.anamt.org.br\/portal\/wp-json\/wp\/v2\/posts\/51817"}],"collection":[{"href":"https:\/\/www.anamt.org.br\/portal\/wp-json\/wp\/v2\/posts"}],"about":[{"href":"https:\/\/www.anamt.org.br\/portal\/wp-json\/wp\/v2\/types\/post"}],"author":[{"embeddable":true,"href":"https:\/\/www.anamt.org.br\/portal\/wp-json\/wp\/v2\/users\/5"}],"replies":[{"embeddable":true,"href":"https:\/\/www.anamt.org.br\/portal\/wp-json\/wp\/v2\/comments?post=51817"}],"version-history":[{"count":1,"href":"https:\/\/www.anamt.org.br\/portal\/wp-json\/wp\/v2\/posts\/51817\/revisions"}],"predecessor-version":[{"id":51818,"href":"https:\/\/www.anamt.org.br\/portal\/wp-json\/wp\/v2\/posts\/51817\/revisions\/51818"}],"wp:featuredmedia":[{"embeddable":true,"href":"https:\/\/www.anamt.org.br\/portal\/wp-json\/wp\/v2\/media\/47992"}],"wp:attachment":[{"href":"https:\/\/www.anamt.org.br\/portal\/wp-json\/wp\/v2\/media?parent=51817"}],"wp:term":[{"taxonomy":"category","embeddable":true,"href":"https:\/\/www.anamt.org.br\/portal\/wp-json\/wp\/v2\/categories?post=51817"},{"taxonomy":"post_tag","embeddable":true,"href":"https:\/\/www.anamt.org.br\/portal\/wp-json\/wp\/v2\/tags?post=51817"}],"curies":[{"name":"wp","href":"https:\/\/api.w.org\/{rel}","templated":true}]}}