{"id":51798,"date":"2025-05-09T15:58:35","date_gmt":"2025-05-09T18:58:35","guid":{"rendered":"https:\/\/www.anamt.org.br\/portal\/?p=51798"},"modified":"2025-05-12T19:10:35","modified_gmt":"2025-05-12T22:10:35","slug":"anamt-participa-de-sessao-em-homenagem-ao-dia-do-trabalhador-e-da-trabalhadora-no-senado-federal","status":"publish","type":"post","link":"https:\/\/www.anamt.org.br\/portal\/2025\/05\/09\/anamt-participa-de-sessao-em-homenagem-ao-dia-do-trabalhador-e-da-trabalhadora-no-senado-federal\/","title":{"rendered":"ANAMT participa de Sess\u00e3o em homenagem ao Dia do Trabalhador e da Trabalhadora no Senado Federal"},"content":{"rendered":"<p>A ANAMT participou nesta sexta (9) da Sess\u00e3o em homenagem ao Dia do Trabalhador e da Trabalhadora, realizada no Senado Federal, em Bras\u00edlia (DF). O presidente da Associa\u00e7\u00e3o, Dr. Francisco Cortes Fernandes, representou a entidade na solenidade.<\/p>\n<p>Tamb\u00e9m compuseram a mesa solene o senador Paulo Paim, o ministro do Trabalho e Emprego, Luiz Marinho, o diretor do Escrit\u00f3rio da OIT para o Brasil, Vin\u00edcius Carvalho Pinheiro, a Procuradora do Trabalho e Coordenadora Nacional da Defesa do Meio Ambiente do Trabalho e da Sa\u00fade do Trabalhador e da Trabalhadora, Cirlene\u00a0 Zimmermann, e a Presidente da Associa\u00e7\u00e3o Nacional das Magistradas e dos Magistrados da Justi\u00e7a do Trabalho (Anamatra), Luciana Conforti.<\/p>\n<p><img decoding=\"async\" class=\"wp-image-51801 size-fusion-600 aligncenter\" src=\"https:\/\/www.anamt.org.br\/portal\/wp-content\/uploads\/2025\/05\/senado-600x337.png\" alt=\"\" width=\"600\" height=\"337\" srcset=\"https:\/\/www.anamt.org.br\/portal\/wp-content\/uploads\/2025\/05\/senado-200x112.png 200w, https:\/\/www.anamt.org.br\/portal\/wp-content\/uploads\/2025\/05\/senado-300x169.png 300w, https:\/\/www.anamt.org.br\/portal\/wp-content\/uploads\/2025\/05\/senado-400x225.png 400w, https:\/\/www.anamt.org.br\/portal\/wp-content\/uploads\/2025\/05\/senado-600x337.png 600w, https:\/\/www.anamt.org.br\/portal\/wp-content\/uploads\/2025\/05\/senado-768x432.png 768w, https:\/\/www.anamt.org.br\/portal\/wp-content\/uploads\/2025\/05\/senado-800x450.png 800w, https:\/\/www.anamt.org.br\/portal\/wp-content\/uploads\/2025\/05\/senado.png 838w\" sizes=\"(max-width: 600px) 100vw, 600px\" \/><\/p>\n<p>Dr. Francisco Fernandes, em sua apresenta\u00e7\u00e3o, destacou a import\u00e2ncia dos m\u00e9dicos do trabalho no cuidado com a sa\u00fade e seguran\u00e7a dos trabalhadores do pa\u00eds. &#8220;Somos 21 mil m\u00e9dicos do trabalho no Brasil atualmente e cuidamos da sa\u00fade de 45 milh\u00f5es de trabalhadores celetistas,&#8221; pontuou o presidente da ANAMT.<\/p>\n<p>De acordo ele, tamb\u00e9m \u00e9 preciso dar assist\u00eancia \u00e0 sa\u00fade dos trabalhadores informais. &#8220;Existem 45 milh\u00f5es de trabalhadores informais, muitos deles precarizados, e temos que fazer alguma a\u00e7\u00e3o pol\u00edtica para assistir a essa popula\u00e7\u00e3o. S\u00e3o pessoas que trabalham n\u00e3o 44 horas semanais, mas 12, 14 horas por dia. Essas a\u00e7\u00f5es s\u00e3o necess\u00e1rias e urgentes&#8221;, ressaltou Dr. Francisco Fernandes, ao acrescentar que os m\u00e9dicos do trabalho avaliam as repercuss\u00f5es dos riscos a que est\u00e3o submetidos os trabalhadores nos locais de trabalho, como os riscos f\u00edsicos, qu\u00edmicos, biol\u00f3gicos, ergon\u00f4micos e psicossociais.<\/p>\n<p><img decoding=\"async\" class=\"wp-image-51800 size-fusion-600 aligncenter\" src=\"https:\/\/www.anamt.org.br\/portal\/wp-content\/uploads\/2025\/05\/senado2-600x337.png\" alt=\"\" width=\"600\" height=\"337\" srcset=\"https:\/\/www.anamt.org.br\/portal\/wp-content\/uploads\/2025\/05\/senado2-200x112.png 200w, https:\/\/www.anamt.org.br\/portal\/wp-content\/uploads\/2025\/05\/senado2-300x169.png 300w, https:\/\/www.anamt.org.br\/portal\/wp-content\/uploads\/2025\/05\/senado2-400x225.png 400w, https:\/\/www.anamt.org.br\/portal\/wp-content\/uploads\/2025\/05\/senado2-600x337.png 600w, https:\/\/www.anamt.org.br\/portal\/wp-content\/uploads\/2025\/05\/senado2-768x432.png 768w, https:\/\/www.anamt.org.br\/portal\/wp-content\/uploads\/2025\/05\/senado2-800x450.png 800w, https:\/\/www.anamt.org.br\/portal\/wp-content\/uploads\/2025\/05\/senado2.png 845w\" sizes=\"(max-width: 600px) 100vw, 600px\" \/><\/p>\n<p>O presidente da ANAMT tamb\u00e9m abordou as transforma\u00e7\u00f5es dos problemas de sa\u00fade dos trabalhadores. H\u00e1 40 anos era a perda auditiva e com o seu controle, come\u00e7aram a surgir os dist\u00farbios osteomusculares relacionados ao trabalho. Atualmente, s\u00e3o os dist\u00farbios psicossociais que mais preocupam.<\/p>\n<p>&#8220;Nos \u00faltimos anos a quest\u00e3o da depress\u00e3o burnout, e ass\u00e9dio moral tem sido uma parte preponderante nas queixas que recebemos no dia a dia como m\u00e9dicos do trabalho e precisamos, obviamente, que tenhamos um sustent\u00e1culo judicial. Acredito que uma a\u00e7\u00e3o conjunta, incluindo o legislativo, a fiscaliza\u00e7\u00e3o e a atua\u00e7\u00e3o dos m\u00e9dicos do trabalho e outros pares, leve a uma melhoria da sa\u00fade dos trabalhadores&#8221;, acrescentou o Dr. Francisco Fernandes.<\/p>\n<p><img decoding=\"async\" class=\"aligncenter wp-image-51805 size-fusion-600\" src=\"https:\/\/www.anamt.org.br\/portal\/wp-content\/uploads\/2025\/05\/WhatsApp-Image-2025-05-09-at-16.23.40-600x400.jpeg\" alt=\"\" width=\"600\" height=\"400\" srcset=\"https:\/\/www.anamt.org.br\/portal\/wp-content\/uploads\/2025\/05\/WhatsApp-Image-2025-05-09-at-16.23.40-200x133.jpeg 200w, https:\/\/www.anamt.org.br\/portal\/wp-content\/uploads\/2025\/05\/WhatsApp-Image-2025-05-09-at-16.23.40-300x200.jpeg 300w, https:\/\/www.anamt.org.br\/portal\/wp-content\/uploads\/2025\/05\/WhatsApp-Image-2025-05-09-at-16.23.40-400x267.jpeg 400w, https:\/\/www.anamt.org.br\/portal\/wp-content\/uploads\/2025\/05\/WhatsApp-Image-2025-05-09-at-16.23.40-600x400.jpeg 600w, https:\/\/www.anamt.org.br\/portal\/wp-content\/uploads\/2025\/05\/WhatsApp-Image-2025-05-09-at-16.23.40-768x512.jpeg 768w, https:\/\/www.anamt.org.br\/portal\/wp-content\/uploads\/2025\/05\/WhatsApp-Image-2025-05-09-at-16.23.40-800x533.jpeg 800w, https:\/\/www.anamt.org.br\/portal\/wp-content\/uploads\/2025\/05\/WhatsApp-Image-2025-05-09-at-16.23.40-1024x683.jpeg 1024w, https:\/\/www.anamt.org.br\/portal\/wp-content\/uploads\/2025\/05\/WhatsApp-Image-2025-05-09-at-16.23.40-1200x800.jpeg 1200w, https:\/\/www.anamt.org.br\/portal\/wp-content\/uploads\/2025\/05\/WhatsApp-Image-2025-05-09-at-16.23.40-1536x1024.jpeg 1536w\" sizes=\"(max-width: 600px) 100vw, 600px\" \/><\/p>\n<p>Ao finalizar seu discurso, o presidente da ANAMT colocou os estudos da Associa\u00e7\u00e3o \u00e0 disposi\u00e7\u00e3o do Minist\u00e9rio do Trabalho e Emprego para auxiliar na elabora\u00e7\u00e3o de atos legislativos que sejam compat\u00edveis com o conhecimento cient\u00edfico atual da \u00e1rea m\u00e9dica. &#8220;Acredito que seja uma a\u00e7\u00e3o que deve evoluir para que os trabalhadores estejam com a sa\u00fade melhor e possam prestar seus servi\u00e7os dignamente&#8221;, concluiu o dirigente.<\/p>\n<p>O senador Paulo Paim, ao dar in\u00edcio \u00e0 Sess\u00e3o, falou da import\u00e2ncia da Consolida\u00e7\u00e3o das Leis Trabalhistas (CLT) para os trabalhadores brasileiros. Ele enfatizou os desafios impostos frente \u00e0s mudan\u00e7as no mundo do trabalho advindas das novas tecnologias e da Intelig\u00eancia Artificial. &#8220;Podemos atualizar a CLT, sim. Esses direitos precisam ser aprimorados mas jamais abandonados&#8221;, destacou o senador ao prosseguir tratando de diversos pontos de interesse dos trabalhadores.<\/p>\n<p>Por sua vez, o titular do MTE, ministro Luiz Marinho, apresentou uma panorama do trabalho no Brasil, salientando a estat\u00edstica de ocupa\u00e7\u00e3o. S\u00e3o cerca de 103 milh\u00f5es de ocupados, disse Paim. Destes, 48 milh\u00f5es s\u00e3o CLT, mais servidores, e mais de 30 milh\u00f5es na informalidade, detalhou o ministro.<\/p>\n<p>Entre outros assuntos, falou da import\u00e2ncia e urg\u00eancia de combater e acabar com o trabalho precarizado, o trabalho an\u00e1logo \u00e0 escravid\u00e3o, \u00e0 explora\u00e7\u00e3o do trabalho infantil e dos trabalhos degradantes no pa\u00eds e defendeu a reconstru\u00e7\u00e3o de pol\u00edticas p\u00fablicas para gera\u00e7\u00e3o de trabalho e renda, entre outras frentes de a\u00e7\u00e3o.<\/p>\n<p><img decoding=\"async\" class=\"aligncenter wp-image-51806 size-fusion-600\" src=\"https:\/\/www.anamt.org.br\/portal\/wp-content\/uploads\/2025\/05\/WhatsApp-Image-2025-05-09-at-16.23.39-600x400.jpeg\" alt=\"\" width=\"600\" height=\"400\" srcset=\"https:\/\/www.anamt.org.br\/portal\/wp-content\/uploads\/2025\/05\/WhatsApp-Image-2025-05-09-at-16.23.39-200x133.jpeg 200w, https:\/\/www.anamt.org.br\/portal\/wp-content\/uploads\/2025\/05\/WhatsApp-Image-2025-05-09-at-16.23.39-300x200.jpeg 300w, https:\/\/www.anamt.org.br\/portal\/wp-content\/uploads\/2025\/05\/WhatsApp-Image-2025-05-09-at-16.23.39-400x267.jpeg 400w, https:\/\/www.anamt.org.br\/portal\/wp-content\/uploads\/2025\/05\/WhatsApp-Image-2025-05-09-at-16.23.39-600x400.jpeg 600w, https:\/\/www.anamt.org.br\/portal\/wp-content\/uploads\/2025\/05\/WhatsApp-Image-2025-05-09-at-16.23.39-768x512.jpeg 768w, https:\/\/www.anamt.org.br\/portal\/wp-content\/uploads\/2025\/05\/WhatsApp-Image-2025-05-09-at-16.23.39-800x533.jpeg 800w, https:\/\/www.anamt.org.br\/portal\/wp-content\/uploads\/2025\/05\/WhatsApp-Image-2025-05-09-at-16.23.39-1024x683.jpeg 1024w, https:\/\/www.anamt.org.br\/portal\/wp-content\/uploads\/2025\/05\/WhatsApp-Image-2025-05-09-at-16.23.39-1200x800.jpeg 1200w, https:\/\/www.anamt.org.br\/portal\/wp-content\/uploads\/2025\/05\/WhatsApp-Image-2025-05-09-at-16.23.39-1536x1024.jpeg 1536w\" sizes=\"(max-width: 600px) 100vw, 600px\" \/><\/p>\n<p>&nbsp;<\/p>\n","protected":false},"excerpt":{"rendered":"<p>A ANAMT participou nesta sexta (9) da Sess\u00e3o em homenagem ao Dia do Trabalhador e da Trabalhadora, realizada no Senado Federal, em Bras\u00edlia (DF). O presidente da Associa\u00e7\u00e3o, Dr. Francisco Cortes Fernandes, representou a entidade na solenidade. Tamb\u00e9m compuseram a mesa solene o senador Paulo Paim, o ministro do Trabalho e Emprego, Luiz Marinho, o [&hellip;]<\/p>\n","protected":false},"author":5,"featured_media":51799,"comment_status":"closed","ping_status":"closed","sticky":false,"template":"","format":"standard","meta":{"footnotes":""},"categories":[77,8],"tags":[],"_links":{"self":[{"href":"https:\/\/www.anamt.org.br\/portal\/wp-json\/wp\/v2\/posts\/51798"}],"collection":[{"href":"https:\/\/www.anamt.org.br\/portal\/wp-json\/wp\/v2\/posts"}],"about":[{"href":"https:\/\/www.anamt.org.br\/portal\/wp-json\/wp\/v2\/types\/post"}],"author":[{"embeddable":true,"href":"https:\/\/www.anamt.org.br\/portal\/wp-json\/wp\/v2\/users\/5"}],"replies":[{"embeddable":true,"href":"https:\/\/www.anamt.org.br\/portal\/wp-json\/wp\/v2\/comments?post=51798"}],"version-history":[{"count":2,"href":"https:\/\/www.anamt.org.br\/portal\/wp-json\/wp\/v2\/posts\/51798\/revisions"}],"predecessor-version":[{"id":51808,"href":"https:\/\/www.anamt.org.br\/portal\/wp-json\/wp\/v2\/posts\/51798\/revisions\/51808"}],"wp:featuredmedia":[{"embeddable":true,"href":"https:\/\/www.anamt.org.br\/portal\/wp-json\/wp\/v2\/media\/51799"}],"wp:attachment":[{"href":"https:\/\/www.anamt.org.br\/portal\/wp-json\/wp\/v2\/media?parent=51798"}],"wp:term":[{"taxonomy":"category","embeddable":true,"href":"https:\/\/www.anamt.org.br\/portal\/wp-json\/wp\/v2\/categories?post=51798"},{"taxonomy":"post_tag","embeddable":true,"href":"https:\/\/www.anamt.org.br\/portal\/wp-json\/wp\/v2\/tags?post=51798"}],"curies":[{"name":"wp","href":"https:\/\/api.w.org\/{rel}","templated":true}]}}