{"id":51764,"date":"2025-05-02T16:19:56","date_gmt":"2025-05-02T19:19:56","guid":{"rendered":"https:\/\/www.anamt.org.br\/portal\/?p=51764"},"modified":"2025-05-02T16:19:56","modified_gmt":"2025-05-02T19:19:56","slug":"anad-realiza-29o-congresso-brasileiro-multidisciplinar-em-diabetes","status":"publish","type":"post","link":"https:\/\/www.anamt.org.br\/portal\/2025\/05\/02\/anad-realiza-29o-congresso-brasileiro-multidisciplinar-em-diabetes\/","title":{"rendered":"ANAD realiza 29\u00ba Congresso Brasileiro Multidisciplinar em Diabetes"},"content":{"rendered":"<p>A Associa\u00e7\u00e3o Nacional de Aten\u00e7\u00e3o ao Diabetes (ANAD) realizar\u00e1, entre os dias 24 e 27 de julho, o 29\u00ba Congresso Brasileiro Multidisciplinar em Diabetes. O evento, voltado para m\u00e9dicos e demais profissionais de sa\u00fade com N\u00edvel Superior, ser\u00e1 em S\u00e3o Paulo (SP).<\/p>\n<p>A programa\u00e7\u00e3o completa e as inscri\u00e7\u00f5es est\u00e3o dispon\u00edveis no site <a href=\"https:\/\/www.anad.org.br\/congresso\/\" target=\"_blank\" rel=\"noopener\">https:\/\/www.anad.org.br\/congresso\/<\/a><\/p>\n","protected":false},"excerpt":{"rendered":"<p>A Associa\u00e7\u00e3o Nacional de Aten\u00e7\u00e3o ao Diabetes (ANAD) realizar\u00e1, entre os dias 24 e 27 de julho, o 29\u00ba Congresso Brasileiro Multidisciplinar em Diabetes. O evento, voltado para m\u00e9dicos e demais profissionais de sa\u00fade com N\u00edvel Superior, ser\u00e1 em S\u00e3o Paulo (SP). A programa\u00e7\u00e3o completa e as inscri\u00e7\u00f5es est\u00e3o dispon\u00edveis no site https:\/\/www.anad.org.br\/congresso\/<\/p>\n","protected":false},"author":5,"featured_media":51765,"comment_status":"closed","ping_status":"closed","sticky":false,"template":"","format":"standard","meta":{"footnotes":""},"categories":[77,8],"tags":[],"_links":{"self":[{"href":"https:\/\/www.anamt.org.br\/portal\/wp-json\/wp\/v2\/posts\/51764"}],"collection":[{"href":"https:\/\/www.anamt.org.br\/portal\/wp-json\/wp\/v2\/posts"}],"about":[{"href":"https:\/\/www.anamt.org.br\/portal\/wp-json\/wp\/v2\/types\/post"}],"author":[{"embeddable":true,"href":"https:\/\/www.anamt.org.br\/portal\/wp-json\/wp\/v2\/users\/5"}],"replies":[{"embeddable":true,"href":"https:\/\/www.anamt.org.br\/portal\/wp-json\/wp\/v2\/comments?post=51764"}],"version-history":[{"count":1,"href":"https:\/\/www.anamt.org.br\/portal\/wp-json\/wp\/v2\/posts\/51764\/revisions"}],"predecessor-version":[{"id":51766,"href":"https:\/\/www.anamt.org.br\/portal\/wp-json\/wp\/v2\/posts\/51764\/revisions\/51766"}],"wp:featuredmedia":[{"embeddable":true,"href":"https:\/\/www.anamt.org.br\/portal\/wp-json\/wp\/v2\/media\/51765"}],"wp:attachment":[{"href":"https:\/\/www.anamt.org.br\/portal\/wp-json\/wp\/v2\/media?parent=51764"}],"wp:term":[{"taxonomy":"category","embeddable":true,"href":"https:\/\/www.anamt.org.br\/portal\/wp-json\/wp\/v2\/categories?post=51764"},{"taxonomy":"post_tag","embeddable":true,"href":"https:\/\/www.anamt.org.br\/portal\/wp-json\/wp\/v2\/tags?post=51764"}],"curies":[{"name":"wp","href":"https:\/\/api.w.org\/{rel}","templated":true}]}}