{"id":51752,"date":"2025-04-29T15:25:07","date_gmt":"2025-04-29T18:25:07","guid":{"rendered":"https:\/\/www.anamt.org.br\/portal\/?p=51752"},"modified":"2025-04-29T15:25:07","modified_gmt":"2025-04-29T18:25:07","slug":"anamt-concede-entrevista-sobre-o-abril-verde","status":"publish","type":"post","link":"https:\/\/www.anamt.org.br\/portal\/2025\/04\/29\/anamt-concede-entrevista-sobre-o-abril-verde\/","title":{"rendered":"ANAMT concede entrevista sobre o Abril Verde"},"content":{"rendered":"<p>O presidente da ANAMT, Dr. Francisco Cortes Fernandes, concedeu entrevista ao Jornal da Tarde, da TV Cultura, nesta ter\u00e7a (29). A mat\u00e9ria abordou o Abril Verde e contexto atual da aten\u00e7\u00e3o \u00e0 sa\u00fade dos trabalhadores .<\/p>\n<p>&#8220;O engenheiro de seguran\u00e7a prop\u00f5e m\u00e9todos para que haja diminui\u00e7\u00e3o desse ambiente danoso \u00e0 sa\u00fade do trabalhador e meios de proteg\u00ea-lo. Cabe ao m\u00e9dico do trabalho avaliar se esse ambiente de trabalho est\u00e1 levando a problemas de sa\u00fade do trabalhador. Isso leva a realiza\u00e7\u00e3o de exames f\u00edsicos anualmente ou mais frequentemente nesses trabalhadores&#8221;, pontuou Dr. Francisco em trecho da entrevista.<\/p>\n<p>A entrevista na \u00edntegra est\u00e1 dispon\u00edvel abaixo:<\/p>\n<div class=\"video-shortcode\"><iframe title=\"Francisco Cortes fala sobre sa\u00fade mental no trabalho\" width=\"1500\" height=\"844\" src=\"https:\/\/www.youtube.com\/embed\/TJuAnRs4900?feature=oembed\" frameborder=\"0\" allow=\"accelerometer; autoplay; clipboard-write; encrypted-media; gyroscope; picture-in-picture; web-share\" referrerpolicy=\"strict-origin-when-cross-origin\" allowfullscreen><\/iframe><\/div>\n<p>&nbsp;<\/p>\n","protected":false},"excerpt":{"rendered":"<p>O presidente da ANAMT, Dr. Francisco Cortes Fernandes, concedeu entrevista ao Jornal da Tarde, da TV Cultura, nesta ter\u00e7a (29). A mat\u00e9ria abordou o Abril Verde e contexto atual da aten\u00e7\u00e3o \u00e0 sa\u00fade dos trabalhadores . &#8220;O engenheiro de seguran\u00e7a prop\u00f5e m\u00e9todos para que haja diminui\u00e7\u00e3o desse ambiente danoso \u00e0 sa\u00fade do trabalhador e meios [&hellip;]<\/p>\n","protected":false},"author":5,"featured_media":51753,"comment_status":"closed","ping_status":"closed","sticky":false,"template":"","format":"standard","meta":{"footnotes":""},"categories":[77,8],"tags":[],"_links":{"self":[{"href":"https:\/\/www.anamt.org.br\/portal\/wp-json\/wp\/v2\/posts\/51752"}],"collection":[{"href":"https:\/\/www.anamt.org.br\/portal\/wp-json\/wp\/v2\/posts"}],"about":[{"href":"https:\/\/www.anamt.org.br\/portal\/wp-json\/wp\/v2\/types\/post"}],"author":[{"embeddable":true,"href":"https:\/\/www.anamt.org.br\/portal\/wp-json\/wp\/v2\/users\/5"}],"replies":[{"embeddable":true,"href":"https:\/\/www.anamt.org.br\/portal\/wp-json\/wp\/v2\/comments?post=51752"}],"version-history":[{"count":1,"href":"https:\/\/www.anamt.org.br\/portal\/wp-json\/wp\/v2\/posts\/51752\/revisions"}],"predecessor-version":[{"id":51754,"href":"https:\/\/www.anamt.org.br\/portal\/wp-json\/wp\/v2\/posts\/51752\/revisions\/51754"}],"wp:featuredmedia":[{"embeddable":true,"href":"https:\/\/www.anamt.org.br\/portal\/wp-json\/wp\/v2\/media\/51753"}],"wp:attachment":[{"href":"https:\/\/www.anamt.org.br\/portal\/wp-json\/wp\/v2\/media?parent=51752"}],"wp:term":[{"taxonomy":"category","embeddable":true,"href":"https:\/\/www.anamt.org.br\/portal\/wp-json\/wp\/v2\/categories?post=51752"},{"taxonomy":"post_tag","embeddable":true,"href":"https:\/\/www.anamt.org.br\/portal\/wp-json\/wp\/v2\/tags?post=51752"}],"curies":[{"name":"wp","href":"https:\/\/api.w.org\/{rel}","templated":true}]}}