{"id":51743,"date":"2025-04-28T08:26:33","date_gmt":"2025-04-28T11:26:33","guid":{"rendered":"https:\/\/www.anamt.org.br\/portal\/?p=51743"},"modified":"2025-04-28T08:26:33","modified_gmt":"2025-04-28T11:26:33","slug":"anamt-participa-do-i-curso-da-abramt","status":"publish","type":"post","link":"https:\/\/www.anamt.org.br\/portal\/2025\/04\/28\/anamt-participa-do-i-curso-da-abramt\/","title":{"rendered":"ANAMT participa do I Curso da ABRAMT"},"content":{"rendered":"<p>Dr. Francisco Cortes Fernandes, presidente da ANAMT, Dra. Gilvana Campos, diretora de Legisla\u00e7\u00e3o da Associa\u00e7\u00e3o, e Dr. Ruddy Facci, ex-presidente da Associa\u00e7\u00e3o, foram alguns dos participantes do I Curso da ABRAMT, realizado pela ABRAMT nos dias 25 e 26 de abril em Bras\u00edlia (DF). A atividade abordou os temas Ferramentas para a Gest\u00e3o dos Riscos Psicossociais e Ergonomia Hospitalar.<\/p>\n<p><img decoding=\"async\" class=\"aligncenter wp-image-51744 size-fusion-400\" src=\"https:\/\/www.anamt.org.br\/portal\/wp-content\/uploads\/2025\/04\/WhatsApp-Image-2025-04-25-at-22.33.57-400x711.jpeg\" alt=\"\" width=\"400\" height=\"711\" srcset=\"https:\/\/www.anamt.org.br\/portal\/wp-content\/uploads\/2025\/04\/WhatsApp-Image-2025-04-25-at-22.33.57-169x300.jpeg 169w, https:\/\/www.anamt.org.br\/portal\/wp-content\/uploads\/2025\/04\/WhatsApp-Image-2025-04-25-at-22.33.57-200x356.jpeg 200w, https:\/\/www.anamt.org.br\/portal\/wp-content\/uploads\/2025\/04\/WhatsApp-Image-2025-04-25-at-22.33.57-400x711.jpeg 400w, https:\/\/www.anamt.org.br\/portal\/wp-content\/uploads\/2025\/04\/WhatsApp-Image-2025-04-25-at-22.33.57-576x1024.jpeg 576w, https:\/\/www.anamt.org.br\/portal\/wp-content\/uploads\/2025\/04\/WhatsApp-Image-2025-04-25-at-22.33.57-600x1067.jpeg 600w, https:\/\/www.anamt.org.br\/portal\/wp-content\/uploads\/2025\/04\/WhatsApp-Image-2025-04-25-at-22.33.57-768x1365.jpeg 768w, https:\/\/www.anamt.org.br\/portal\/wp-content\/uploads\/2025\/04\/WhatsApp-Image-2025-04-25-at-22.33.57-800x1422.jpeg 800w, https:\/\/www.anamt.org.br\/portal\/wp-content\/uploads\/2025\/04\/WhatsApp-Image-2025-04-25-at-22.33.57-864x1536.jpeg 864w, https:\/\/www.anamt.org.br\/portal\/wp-content\/uploads\/2025\/04\/WhatsApp-Image-2025-04-25-at-22.33.57.jpeg 900w\" sizes=\"(max-width: 400px) 100vw, 400px\" \/> <img decoding=\"async\" class=\"aligncenter wp-image-51745 size-fusion-400\" src=\"https:\/\/www.anamt.org.br\/portal\/wp-content\/uploads\/2025\/04\/WhatsApp-Image-2025-04-25-at-22.33.56-2-400x711.jpeg\" alt=\"\" width=\"400\" height=\"711\" srcset=\"https:\/\/www.anamt.org.br\/portal\/wp-content\/uploads\/2025\/04\/WhatsApp-Image-2025-04-25-at-22.33.56-2-169x300.jpeg 169w, https:\/\/www.anamt.org.br\/portal\/wp-content\/uploads\/2025\/04\/WhatsApp-Image-2025-04-25-at-22.33.56-2-200x356.jpeg 200w, https:\/\/www.anamt.org.br\/portal\/wp-content\/uploads\/2025\/04\/WhatsApp-Image-2025-04-25-at-22.33.56-2-400x711.jpeg 400w, https:\/\/www.anamt.org.br\/portal\/wp-content\/uploads\/2025\/04\/WhatsApp-Image-2025-04-25-at-22.33.56-2-576x1024.jpeg 576w, https:\/\/www.anamt.org.br\/portal\/wp-content\/uploads\/2025\/04\/WhatsApp-Image-2025-04-25-at-22.33.56-2-600x1067.jpeg 600w, https:\/\/www.anamt.org.br\/portal\/wp-content\/uploads\/2025\/04\/WhatsApp-Image-2025-04-25-at-22.33.56-2-768x1365.jpeg 768w, https:\/\/www.anamt.org.br\/portal\/wp-content\/uploads\/2025\/04\/WhatsApp-Image-2025-04-25-at-22.33.56-2-800x1422.jpeg 800w, https:\/\/www.anamt.org.br\/portal\/wp-content\/uploads\/2025\/04\/WhatsApp-Image-2025-04-25-at-22.33.56-2-864x1536.jpeg 864w, https:\/\/www.anamt.org.br\/portal\/wp-content\/uploads\/2025\/04\/WhatsApp-Image-2025-04-25-at-22.33.56-2.jpeg 900w\" sizes=\"(max-width: 400px) 100vw, 400px\" \/> <img decoding=\"async\" class=\"aligncenter wp-image-51746 size-fusion-400\" src=\"https:\/\/www.anamt.org.br\/portal\/wp-content\/uploads\/2025\/04\/WhatsApp-Image-2025-04-25-at-22.33.56-1-400x711.jpeg\" alt=\"\" width=\"400\" height=\"711\" srcset=\"https:\/\/www.anamt.org.br\/portal\/wp-content\/uploads\/2025\/04\/WhatsApp-Image-2025-04-25-at-22.33.56-1-169x300.jpeg 169w, https:\/\/www.anamt.org.br\/portal\/wp-content\/uploads\/2025\/04\/WhatsApp-Image-2025-04-25-at-22.33.56-1-200x356.jpeg 200w, https:\/\/www.anamt.org.br\/portal\/wp-content\/uploads\/2025\/04\/WhatsApp-Image-2025-04-25-at-22.33.56-1-400x711.jpeg 400w, https:\/\/www.anamt.org.br\/portal\/wp-content\/uploads\/2025\/04\/WhatsApp-Image-2025-04-25-at-22.33.56-1-576x1024.jpeg 576w, https:\/\/www.anamt.org.br\/portal\/wp-content\/uploads\/2025\/04\/WhatsApp-Image-2025-04-25-at-22.33.56-1-600x1067.jpeg 600w, https:\/\/www.anamt.org.br\/portal\/wp-content\/uploads\/2025\/04\/WhatsApp-Image-2025-04-25-at-22.33.56-1-768x1365.jpeg 768w, https:\/\/www.anamt.org.br\/portal\/wp-content\/uploads\/2025\/04\/WhatsApp-Image-2025-04-25-at-22.33.56-1-800x1422.jpeg 800w, https:\/\/www.anamt.org.br\/portal\/wp-content\/uploads\/2025\/04\/WhatsApp-Image-2025-04-25-at-22.33.56-1-864x1536.jpeg 864w, https:\/\/www.anamt.org.br\/portal\/wp-content\/uploads\/2025\/04\/WhatsApp-Image-2025-04-25-at-22.33.56-1.jpeg 900w\" sizes=\"(max-width: 400px) 100vw, 400px\" \/> <img decoding=\"async\" class=\"wp-image-51747 size-fusion-600 aligncenter\" src=\"https:\/\/www.anamt.org.br\/portal\/wp-content\/uploads\/2025\/04\/WhatsApp-Image-2025-04-25-at-22.33.56-600x375.jpeg\" alt=\"\" width=\"600\" height=\"375\" srcset=\"https:\/\/www.anamt.org.br\/portal\/wp-content\/uploads\/2025\/04\/WhatsApp-Image-2025-04-25-at-22.33.56-200x125.jpeg 200w, https:\/\/www.anamt.org.br\/portal\/wp-content\/uploads\/2025\/04\/WhatsApp-Image-2025-04-25-at-22.33.56-300x188.jpeg 300w, https:\/\/www.anamt.org.br\/portal\/wp-content\/uploads\/2025\/04\/WhatsApp-Image-2025-04-25-at-22.33.56-400x250.jpeg 400w, https:\/\/www.anamt.org.br\/portal\/wp-content\/uploads\/2025\/04\/WhatsApp-Image-2025-04-25-at-22.33.56-600x375.jpeg 600w, https:\/\/www.anamt.org.br\/portal\/wp-content\/uploads\/2025\/04\/WhatsApp-Image-2025-04-25-at-22.33.56-768x480.jpeg 768w, https:\/\/www.anamt.org.br\/portal\/wp-content\/uploads\/2025\/04\/WhatsApp-Image-2025-04-25-at-22.33.56-800x500.jpeg 800w, https:\/\/www.anamt.org.br\/portal\/wp-content\/uploads\/2025\/04\/WhatsApp-Image-2025-04-25-at-22.33.56-1024x640.jpeg 1024w, https:\/\/www.anamt.org.br\/portal\/wp-content\/uploads\/2025\/04\/WhatsApp-Image-2025-04-25-at-22.33.56-1200x750.jpeg 1200w, https:\/\/www.anamt.org.br\/portal\/wp-content\/uploads\/2025\/04\/WhatsApp-Image-2025-04-25-at-22.33.56-1536x960.jpeg 1536w, https:\/\/www.anamt.org.br\/portal\/wp-content\/uploads\/2025\/04\/WhatsApp-Image-2025-04-25-at-22.33.56.jpeg 1600w\" sizes=\"(max-width: 600px) 100vw, 600px\" \/> <img decoding=\"async\" class=\"wp-image-51748 size-fusion-600 aligncenter\" src=\"https:\/\/www.anamt.org.br\/portal\/wp-content\/uploads\/2025\/04\/WhatsApp-Image-2025-04-25-at-15.04.17-600x338.jpeg\" alt=\"\" width=\"600\" height=\"338\" srcset=\"https:\/\/www.anamt.org.br\/portal\/wp-content\/uploads\/2025\/04\/WhatsApp-Image-2025-04-25-at-15.04.17-200x113.jpeg 200w, https:\/\/www.anamt.org.br\/portal\/wp-content\/uploads\/2025\/04\/WhatsApp-Image-2025-04-25-at-15.04.17-300x169.jpeg 300w, https:\/\/www.anamt.org.br\/portal\/wp-content\/uploads\/2025\/04\/WhatsApp-Image-2025-04-25-at-15.04.17-400x225.jpeg 400w, https:\/\/www.anamt.org.br\/portal\/wp-content\/uploads\/2025\/04\/WhatsApp-Image-2025-04-25-at-15.04.17-600x338.jpeg 600w, https:\/\/www.anamt.org.br\/portal\/wp-content\/uploads\/2025\/04\/WhatsApp-Image-2025-04-25-at-15.04.17-768x432.jpeg 768w, https:\/\/www.anamt.org.br\/portal\/wp-content\/uploads\/2025\/04\/WhatsApp-Image-2025-04-25-at-15.04.17-800x450.jpeg 800w, https:\/\/www.anamt.org.br\/portal\/wp-content\/uploads\/2025\/04\/WhatsApp-Image-2025-04-25-at-15.04.17-1024x577.jpeg 1024w, https:\/\/www.anamt.org.br\/portal\/wp-content\/uploads\/2025\/04\/WhatsApp-Image-2025-04-25-at-15.04.17-1200x676.jpeg 1200w, https:\/\/www.anamt.org.br\/portal\/wp-content\/uploads\/2025\/04\/WhatsApp-Image-2025-04-25-at-15.04.17-1536x865.jpeg 1536w\" sizes=\"(max-width: 600px) 100vw, 600px\" \/> <img decoding=\"async\" class=\"wp-image-51749 size-fusion-600 aligncenter\" src=\"https:\/\/www.anamt.org.br\/portal\/wp-content\/uploads\/2025\/04\/WhatsApp-Image-2025-04-25-at-15.04.15-600x338.jpeg\" alt=\"\" width=\"600\" height=\"338\" srcset=\"https:\/\/www.anamt.org.br\/portal\/wp-content\/uploads\/2025\/04\/WhatsApp-Image-2025-04-25-at-15.04.15-200x113.jpeg 200w, https:\/\/www.anamt.org.br\/portal\/wp-content\/uploads\/2025\/04\/WhatsApp-Image-2025-04-25-at-15.04.15-300x169.jpeg 300w, https:\/\/www.anamt.org.br\/portal\/wp-content\/uploads\/2025\/04\/WhatsApp-Image-2025-04-25-at-15.04.15-400x225.jpeg 400w, https:\/\/www.anamt.org.br\/portal\/wp-content\/uploads\/2025\/04\/WhatsApp-Image-2025-04-25-at-15.04.15-600x338.jpeg 600w, https:\/\/www.anamt.org.br\/portal\/wp-content\/uploads\/2025\/04\/WhatsApp-Image-2025-04-25-at-15.04.15-768x432.jpeg 768w, https:\/\/www.anamt.org.br\/portal\/wp-content\/uploads\/2025\/04\/WhatsApp-Image-2025-04-25-at-15.04.15-800x450.jpeg 800w, https:\/\/www.anamt.org.br\/portal\/wp-content\/uploads\/2025\/04\/WhatsApp-Image-2025-04-25-at-15.04.15-1024x577.jpeg 1024w, https:\/\/www.anamt.org.br\/portal\/wp-content\/uploads\/2025\/04\/WhatsApp-Image-2025-04-25-at-15.04.15-1200x676.jpeg 1200w, https:\/\/www.anamt.org.br\/portal\/wp-content\/uploads\/2025\/04\/WhatsApp-Image-2025-04-25-at-15.04.15-1536x865.jpeg 1536w\" sizes=\"(max-width: 600px) 100vw, 600px\" \/><\/p>\n","protected":false},"excerpt":{"rendered":"<p>Dr. Francisco Cortes Fernandes, presidente da ANAMT, Dra. Gilvana Campos, diretora de Legisla\u00e7\u00e3o da Associa\u00e7\u00e3o, e Dr. Ruddy Facci, ex-presidente da Associa\u00e7\u00e3o, foram alguns dos participantes do I Curso da ABRAMT, realizado pela ABRAMT nos dias 25 e 26 de abril em Bras\u00edlia (DF). A atividade abordou os temas Ferramentas para a Gest\u00e3o dos Riscos [&hellip;]<\/p>\n","protected":false},"author":5,"featured_media":48401,"comment_status":"closed","ping_status":"closed","sticky":false,"template":"","format":"standard","meta":{"footnotes":""},"categories":[77,8],"tags":[],"_links":{"self":[{"href":"https:\/\/www.anamt.org.br\/portal\/wp-json\/wp\/v2\/posts\/51743"}],"collection":[{"href":"https:\/\/www.anamt.org.br\/portal\/wp-json\/wp\/v2\/posts"}],"about":[{"href":"https:\/\/www.anamt.org.br\/portal\/wp-json\/wp\/v2\/types\/post"}],"author":[{"embeddable":true,"href":"https:\/\/www.anamt.org.br\/portal\/wp-json\/wp\/v2\/users\/5"}],"replies":[{"embeddable":true,"href":"https:\/\/www.anamt.org.br\/portal\/wp-json\/wp\/v2\/comments?post=51743"}],"version-history":[{"count":2,"href":"https:\/\/www.anamt.org.br\/portal\/wp-json\/wp\/v2\/posts\/51743\/revisions"}],"predecessor-version":[{"id":51751,"href":"https:\/\/www.anamt.org.br\/portal\/wp-json\/wp\/v2\/posts\/51743\/revisions\/51751"}],"wp:featuredmedia":[{"embeddable":true,"href":"https:\/\/www.anamt.org.br\/portal\/wp-json\/wp\/v2\/media\/48401"}],"wp:attachment":[{"href":"https:\/\/www.anamt.org.br\/portal\/wp-json\/wp\/v2\/media?parent=51743"}],"wp:term":[{"taxonomy":"category","embeddable":true,"href":"https:\/\/www.anamt.org.br\/portal\/wp-json\/wp\/v2\/categories?post=51743"},{"taxonomy":"post_tag","embeddable":true,"href":"https:\/\/www.anamt.org.br\/portal\/wp-json\/wp\/v2\/tags?post=51743"}],"curies":[{"name":"wp","href":"https:\/\/api.w.org\/{rel}","templated":true}]}}