{"id":51675,"date":"2025-04-08T12:51:00","date_gmt":"2025-04-08T15:51:00","guid":{"rendered":"https:\/\/www.anamt.org.br\/portal\/?p=51675"},"modified":"2025-04-10T15:27:46","modified_gmt":"2025-04-10T18:27:46","slug":"anamt-participa-de-live-da-academia-goiana-de-medicina","status":"publish","type":"post","link":"https:\/\/www.anamt.org.br\/portal\/2025\/04\/08\/anamt-participa-de-live-da-academia-goiana-de-medicina\/","title":{"rendered":"ANAMT participa de live da Academia Goiana de Medicina"},"content":{"rendered":"<p><img decoding=\"async\" class=\"aligncenter wp-image-51676 size-fusion-600\" src=\"https:\/\/www.anamt.org.br\/portal\/wp-content\/uploads\/2025\/04\/amg-600x332.png\" alt=\"\" width=\"600\" height=\"332\" srcset=\"https:\/\/www.anamt.org.br\/portal\/wp-content\/uploads\/2025\/04\/amg-200x111.png 200w, https:\/\/www.anamt.org.br\/portal\/wp-content\/uploads\/2025\/04\/amg-300x166.png 300w, https:\/\/www.anamt.org.br\/portal\/wp-content\/uploads\/2025\/04\/amg-400x222.png 400w, https:\/\/www.anamt.org.br\/portal\/wp-content\/uploads\/2025\/04\/amg-600x332.png 600w, https:\/\/www.anamt.org.br\/portal\/wp-content\/uploads\/2025\/04\/amg-768x425.png 768w, https:\/\/www.anamt.org.br\/portal\/wp-content\/uploads\/2025\/04\/amg.png 800w\" sizes=\"(max-width: 600px) 100vw, 600px\" \/><\/p>\n<p>O presidente da ANAMT, Dr. Francisco Cortes Fernandes, participou de uma live realizada pela Academia Goiana de Medicina no domingo (6) sobre o tema Medicina do Trabalho: Sa\u00fade e Preven\u00e7\u00e3o. Ainda participou da transmiss\u00e3o o Dr. Jo\u00e3o Anast\u00e1cio Dias.<\/p>\n<p>A live est\u00e1 dispon\u00edvel no Facebook da Associa\u00e7\u00e3o M\u00e9dica de Goi\u00e1s, <a href=\"https:\/\/www.facebook.com\/watch\/live\/?ref=watch_permalink&amp;v=948954457583877\" target=\"_blank\" rel=\"noopener\"><strong>neste link<\/strong><\/a>.<\/p>\n","protected":false},"excerpt":{"rendered":"<p>O presidente da ANAMT, Dr. Francisco Cortes Fernandes, participou de uma live realizada pela Academia Goiana de Medicina no domingo (6) sobre o tema Medicina do Trabalho: Sa\u00fade e Preven\u00e7\u00e3o. Ainda participou da transmiss\u00e3o o Dr. Jo\u00e3o Anast\u00e1cio Dias. A live est\u00e1 dispon\u00edvel no Facebook da Associa\u00e7\u00e3o M\u00e9dica de Goi\u00e1s, neste link.<\/p>\n","protected":false},"author":5,"featured_media":51677,"comment_status":"closed","ping_status":"closed","sticky":false,"template":"","format":"standard","meta":{"footnotes":""},"categories":[77,8],"tags":[],"_links":{"self":[{"href":"https:\/\/www.anamt.org.br\/portal\/wp-json\/wp\/v2\/posts\/51675"}],"collection":[{"href":"https:\/\/www.anamt.org.br\/portal\/wp-json\/wp\/v2\/posts"}],"about":[{"href":"https:\/\/www.anamt.org.br\/portal\/wp-json\/wp\/v2\/types\/post"}],"author":[{"embeddable":true,"href":"https:\/\/www.anamt.org.br\/portal\/wp-json\/wp\/v2\/users\/5"}],"replies":[{"embeddable":true,"href":"https:\/\/www.anamt.org.br\/portal\/wp-json\/wp\/v2\/comments?post=51675"}],"version-history":[{"count":1,"href":"https:\/\/www.anamt.org.br\/portal\/wp-json\/wp\/v2\/posts\/51675\/revisions"}],"predecessor-version":[{"id":51678,"href":"https:\/\/www.anamt.org.br\/portal\/wp-json\/wp\/v2\/posts\/51675\/revisions\/51678"}],"wp:featuredmedia":[{"embeddable":true,"href":"https:\/\/www.anamt.org.br\/portal\/wp-json\/wp\/v2\/media\/51677"}],"wp:attachment":[{"href":"https:\/\/www.anamt.org.br\/portal\/wp-json\/wp\/v2\/media?parent=51675"}],"wp:term":[{"taxonomy":"category","embeddable":true,"href":"https:\/\/www.anamt.org.br\/portal\/wp-json\/wp\/v2\/categories?post=51675"},{"taxonomy":"post_tag","embeddable":true,"href":"https:\/\/www.anamt.org.br\/portal\/wp-json\/wp\/v2\/tags?post=51675"}],"curies":[{"name":"wp","href":"https:\/\/api.w.org\/{rel}","templated":true}]}}