{"id":51667,"date":"2025-04-28T09:59:55","date_gmt":"2025-04-28T12:59:55","guid":{"rendered":"https:\/\/www.anamt.org.br\/portal\/?p=51667"},"modified":"2025-04-28T12:07:47","modified_gmt":"2025-04-28T15:07:47","slug":"webinarios-anamt-novas-edicoes-abordam-nova-tabela-brasileira-para-a-apuracao-de-dano-corporal-e-concausa","status":"publish","type":"post","link":"https:\/\/www.anamt.org.br\/portal\/2025\/04\/28\/webinarios-anamt-novas-edicoes-abordam-nova-tabela-brasileira-para-a-apuracao-de-dano-corporal-e-concausa\/","title":{"rendered":"Webin\u00e1rios ANAMT: novas edi\u00e7\u00f5es abordam Nova Tabela Brasileira para a Apura\u00e7\u00e3o de Dano Corporal e Concausa"},"content":{"rendered":"<p>Nos dias 15 e 29 de abril, a ANAMT realizar\u00e1 novas edi\u00e7\u00f5es do Webin\u00e1rios ANAMT, \u00e0s 20h. As transmiss\u00f5es abordar\u00e3o, respectivamente, os temas Nova Tabela Brasileira para a Apura\u00e7\u00e3o de Dano Corporal e Concausa. Participar\u00e3o Prof. Dr. Jos\u00e9 Jozefran Berto Freire e Profa. Dra. Rosa Am\u00e9lia Andrade Dantas. Em ambos, a apresenta\u00e7\u00e3o ser\u00e1 do presidente da ANAMT, Dr. Francisco Cortes Fernandes. Os dois eventos ser\u00e3o em parceria com a Associa\u00e7\u00e3o Brasileira de Medicina Legal e Per\u00edcia M\u00e9dica (ABMLPM).<\/p>\n<p>O evento ser\u00e1 transmitido ao vivo pela ANAMT Virtual, plataforma de educa\u00e7\u00e3o continuada da Associa\u00e7\u00e3o.<\/p>\n<p>O acesso \u00e0 ANAMT Virtual \u00e9 um benef\u00edcio exclusivo de todos os associados adimplentes da entidade. Para acompanhar, acesse: <a href=\"http:\/\/www.anamt.virtual.org.br\/\" target=\"_blank\" rel=\"noopener\">anamt.virtual.org.br<\/a>.<\/p>\n","protected":false},"excerpt":{"rendered":"<p>Nos dias 15 e 29 de abril, a ANAMT realizar\u00e1 novas edi\u00e7\u00f5es do Webin\u00e1rios ANAMT, \u00e0s 20h. As transmiss\u00f5es abordar\u00e3o, respectivamente, os temas Nova Tabela Brasileira para a Apura\u00e7\u00e3o de Dano Corporal e Concausa. Participar\u00e3o Prof. Dr. Jos\u00e9 Jozefran Berto Freire e Profa. Dra. Rosa Am\u00e9lia Andrade Dantas. Em ambos, a apresenta\u00e7\u00e3o ser\u00e1 do presidente [&hellip;]<\/p>\n","protected":false},"author":5,"featured_media":48059,"comment_status":"closed","ping_status":"closed","sticky":false,"template":"","format":"standard","meta":{"footnotes":""},"categories":[77,8],"tags":[],"_links":{"self":[{"href":"https:\/\/www.anamt.org.br\/portal\/wp-json\/wp\/v2\/posts\/51667"}],"collection":[{"href":"https:\/\/www.anamt.org.br\/portal\/wp-json\/wp\/v2\/posts"}],"about":[{"href":"https:\/\/www.anamt.org.br\/portal\/wp-json\/wp\/v2\/types\/post"}],"author":[{"embeddable":true,"href":"https:\/\/www.anamt.org.br\/portal\/wp-json\/wp\/v2\/users\/5"}],"replies":[{"embeddable":true,"href":"https:\/\/www.anamt.org.br\/portal\/wp-json\/wp\/v2\/comments?post=51667"}],"version-history":[{"count":1,"href":"https:\/\/www.anamt.org.br\/portal\/wp-json\/wp\/v2\/posts\/51667\/revisions"}],"predecessor-version":[{"id":51668,"href":"https:\/\/www.anamt.org.br\/portal\/wp-json\/wp\/v2\/posts\/51667\/revisions\/51668"}],"wp:featuredmedia":[{"embeddable":true,"href":"https:\/\/www.anamt.org.br\/portal\/wp-json\/wp\/v2\/media\/48059"}],"wp:attachment":[{"href":"https:\/\/www.anamt.org.br\/portal\/wp-json\/wp\/v2\/media?parent=51667"}],"wp:term":[{"taxonomy":"category","embeddable":true,"href":"https:\/\/www.anamt.org.br\/portal\/wp-json\/wp\/v2\/categories?post=51667"},{"taxonomy":"post_tag","embeddable":true,"href":"https:\/\/www.anamt.org.br\/portal\/wp-json\/wp\/v2\/tags?post=51667"}],"curies":[{"name":"wp","href":"https:\/\/api.w.org\/{rel}","templated":true}]}}