{"id":51652,"date":"2025-04-02T10:37:34","date_gmt":"2025-04-02T13:37:34","guid":{"rendered":"https:\/\/www.anamt.org.br\/portal\/?p=51652"},"modified":"2025-04-02T10:38:27","modified_gmt":"2025-04-02T13:38:27","slug":"sogamt-realiza-bate-papo-com-participacao-da-anamt","status":"publish","type":"post","link":"https:\/\/www.anamt.org.br\/portal\/2025\/04\/02\/sogamt-realiza-bate-papo-com-participacao-da-anamt\/","title":{"rendered":"SOGAMT realiza bate-papo com participa\u00e7\u00e3o da ANAMT"},"content":{"rendered":"<p>Nesta quarta (2), o presidente da ANAMT, Dr. Francisco Fernandes, e a diretora cient\u00edfica da Associa\u00e7\u00e3o, Dra. Rosylane Rocha, participam de um bate papo com a Sociedade Ga\u00facha de Medicina do Trabalho (SOGAMT), federada da ANAMT no Rio Grande do Sul. O evento ocorrer\u00e1 \u00e0s 18h, com transmiss\u00e3o online por esse <a href=\"https:\/\/meet.google.com\/wms-sdsb-exv\" target=\"_blank\" rel=\"noopener\"><strong>link.<\/strong><\/a><\/p>\n<p><img decoding=\"async\" class=\"aligncenter wp-image-51653 size-fusion-600\" src=\"https:\/\/www.anamt.org.br\/portal\/wp-content\/uploads\/2025\/04\/WhatsApp-Image-2025-04-01-at-18.43.47-600x1067.jpeg\" alt=\"\" width=\"600\" height=\"1067\" srcset=\"https:\/\/www.anamt.org.br\/portal\/wp-content\/uploads\/2025\/04\/WhatsApp-Image-2025-04-01-at-18.43.47-169x300.jpeg 169w, https:\/\/www.anamt.org.br\/portal\/wp-content\/uploads\/2025\/04\/WhatsApp-Image-2025-04-01-at-18.43.47-200x356.jpeg 200w, https:\/\/www.anamt.org.br\/portal\/wp-content\/uploads\/2025\/04\/WhatsApp-Image-2025-04-01-at-18.43.47-400x711.jpeg 400w, https:\/\/www.anamt.org.br\/portal\/wp-content\/uploads\/2025\/04\/WhatsApp-Image-2025-04-01-at-18.43.47-576x1024.jpeg 576w, https:\/\/www.anamt.org.br\/portal\/wp-content\/uploads\/2025\/04\/WhatsApp-Image-2025-04-01-at-18.43.47-600x1067.jpeg 600w, https:\/\/www.anamt.org.br\/portal\/wp-content\/uploads\/2025\/04\/WhatsApp-Image-2025-04-01-at-18.43.47-768x1365.jpeg 768w, https:\/\/www.anamt.org.br\/portal\/wp-content\/uploads\/2025\/04\/WhatsApp-Image-2025-04-01-at-18.43.47-800x1422.jpeg 800w, https:\/\/www.anamt.org.br\/portal\/wp-content\/uploads\/2025\/04\/WhatsApp-Image-2025-04-01-at-18.43.47-864x1536.jpeg 864w, https:\/\/www.anamt.org.br\/portal\/wp-content\/uploads\/2025\/04\/WhatsApp-Image-2025-04-01-at-18.43.47.jpeg 900w\" sizes=\"(max-width: 600px) 100vw, 600px\" \/><\/p>\n","protected":false},"excerpt":{"rendered":"<p>Nesta quarta (2), o presidente da ANAMT, Dr. Francisco Fernandes, e a diretora cient\u00edfica da Associa\u00e7\u00e3o, Dra. Rosylane Rocha, participam de um bate papo com a Sociedade Ga\u00facha de Medicina do Trabalho (SOGAMT), federada da ANAMT no Rio Grande do Sul. O evento ocorrer\u00e1 \u00e0s 18h, com transmiss\u00e3o online por esse link.<\/p>\n","protected":false},"author":5,"featured_media":30590,"comment_status":"closed","ping_status":"closed","sticky":false,"template":"","format":"standard","meta":{"footnotes":""},"categories":[77,8,1],"tags":[],"_links":{"self":[{"href":"https:\/\/www.anamt.org.br\/portal\/wp-json\/wp\/v2\/posts\/51652"}],"collection":[{"href":"https:\/\/www.anamt.org.br\/portal\/wp-json\/wp\/v2\/posts"}],"about":[{"href":"https:\/\/www.anamt.org.br\/portal\/wp-json\/wp\/v2\/types\/post"}],"author":[{"embeddable":true,"href":"https:\/\/www.anamt.org.br\/portal\/wp-json\/wp\/v2\/users\/5"}],"replies":[{"embeddable":true,"href":"https:\/\/www.anamt.org.br\/portal\/wp-json\/wp\/v2\/comments?post=51652"}],"version-history":[{"count":1,"href":"https:\/\/www.anamt.org.br\/portal\/wp-json\/wp\/v2\/posts\/51652\/revisions"}],"predecessor-version":[{"id":51654,"href":"https:\/\/www.anamt.org.br\/portal\/wp-json\/wp\/v2\/posts\/51652\/revisions\/51654"}],"wp:featuredmedia":[{"embeddable":true,"href":"https:\/\/www.anamt.org.br\/portal\/wp-json\/wp\/v2\/media\/30590"}],"wp:attachment":[{"href":"https:\/\/www.anamt.org.br\/portal\/wp-json\/wp\/v2\/media?parent=51652"}],"wp:term":[{"taxonomy":"category","embeddable":true,"href":"https:\/\/www.anamt.org.br\/portal\/wp-json\/wp\/v2\/categories?post=51652"},{"taxonomy":"post_tag","embeddable":true,"href":"https:\/\/www.anamt.org.br\/portal\/wp-json\/wp\/v2\/tags?post=51652"}],"curies":[{"name":"wp","href":"https:\/\/api.w.org\/{rel}","templated":true}]}}