{"id":51639,"date":"2025-04-01T15:56:21","date_gmt":"2025-04-01T18:56:21","guid":{"rendered":"https:\/\/www.anamt.org.br\/portal\/?p=51639"},"modified":"2025-04-01T16:04:41","modified_gmt":"2025-04-01T19:04:41","slug":"nota-de-pesar-cosmo-palasio-de-moraes-junior","status":"publish","type":"post","link":"https:\/\/www.anamt.org.br\/portal\/2025\/04\/01\/nota-de-pesar-cosmo-palasio-de-moraes-junior\/","title":{"rendered":"Nota de pesar: Cosmo Palasio de Moraes Junior"},"content":{"rendered":"<p><img decoding=\"async\" class=\" wp-image-51640 alignleft\" src=\"https:\/\/www.anamt.org.br\/portal\/wp-content\/uploads\/2025\/04\/cosmopalasio-300x300.png\" alt=\"\" width=\"285\" height=\"285\" srcset=\"https:\/\/www.anamt.org.br\/portal\/wp-content\/uploads\/2025\/04\/cosmopalasio-66x66.png 66w, https:\/\/www.anamt.org.br\/portal\/wp-content\/uploads\/2025\/04\/cosmopalasio-150x150.png 150w, https:\/\/www.anamt.org.br\/portal\/wp-content\/uploads\/2025\/04\/cosmopalasio-200x200.png 200w, https:\/\/www.anamt.org.br\/portal\/wp-content\/uploads\/2025\/04\/cosmopalasio-300x300.png 300w, https:\/\/www.anamt.org.br\/portal\/wp-content\/uploads\/2025\/04\/cosmopalasio-400x400.png 400w, https:\/\/www.anamt.org.br\/portal\/wp-content\/uploads\/2025\/04\/cosmopalasio.png 531w\" sizes=\"(max-width: 285px) 100vw, 285px\" \/><\/p>\n<p>A ANAMT lamenta o falecimento de Cosmo Palasio de Moraes Junior, diretor do Sindicato dos T\u00e9cnicos de Seguran\u00e7a do Trabalho no Estado de S\u00e3o Paulo (Sintesp) e t\u00e9cnico de seguran\u00e7a do trabalho, ocorrido nesta ter\u00e7a (1\u00ba). &#8220;Sua dedica\u00e7\u00e3o e pesquisa em muito contribuiu para a\u00e7\u00f5es integradas nas quest\u00f5es de seguran\u00e7a e melhoria na qualidade de vida para o meio ambiente de trabalho, deixando um legado de conhecimento para todos os profissionais da \u00e1rea&#8221;, pontua trecho de comunicado do Sintesp.<\/p>\n<p>Nesse momento, a ANAMT se solidariza com amigos, parentes e colegas de Cosmo Palasio de Moraes Junior.<\/p>\n","protected":false},"excerpt":{"rendered":"<p>A ANAMT lamenta o falecimento de Cosmo Palasio de Moraes Junior, diretor do Sindicato dos T\u00e9cnicos de Seguran\u00e7a do Trabalho no Estado de S\u00e3o Paulo (Sintesp) e t\u00e9cnico de seguran\u00e7a do trabalho, ocorrido nesta ter\u00e7a (1\u00ba). &#8220;Sua dedica\u00e7\u00e3o e pesquisa em muito contribuiu para a\u00e7\u00f5es integradas nas quest\u00f5es de seguran\u00e7a e melhoria na qualidade de [&hellip;]<\/p>\n","protected":false},"author":5,"featured_media":48298,"comment_status":"closed","ping_status":"closed","sticky":false,"template":"","format":"standard","meta":{"footnotes":""},"categories":[77,8],"tags":[],"_links":{"self":[{"href":"https:\/\/www.anamt.org.br\/portal\/wp-json\/wp\/v2\/posts\/51639"}],"collection":[{"href":"https:\/\/www.anamt.org.br\/portal\/wp-json\/wp\/v2\/posts"}],"about":[{"href":"https:\/\/www.anamt.org.br\/portal\/wp-json\/wp\/v2\/types\/post"}],"author":[{"embeddable":true,"href":"https:\/\/www.anamt.org.br\/portal\/wp-json\/wp\/v2\/users\/5"}],"replies":[{"embeddable":true,"href":"https:\/\/www.anamt.org.br\/portal\/wp-json\/wp\/v2\/comments?post=51639"}],"version-history":[{"count":2,"href":"https:\/\/www.anamt.org.br\/portal\/wp-json\/wp\/v2\/posts\/51639\/revisions"}],"predecessor-version":[{"id":51642,"href":"https:\/\/www.anamt.org.br\/portal\/wp-json\/wp\/v2\/posts\/51639\/revisions\/51642"}],"wp:featuredmedia":[{"embeddable":true,"href":"https:\/\/www.anamt.org.br\/portal\/wp-json\/wp\/v2\/media\/48298"}],"wp:attachment":[{"href":"https:\/\/www.anamt.org.br\/portal\/wp-json\/wp\/v2\/media?parent=51639"}],"wp:term":[{"taxonomy":"category","embeddable":true,"href":"https:\/\/www.anamt.org.br\/portal\/wp-json\/wp\/v2\/categories?post=51639"},{"taxonomy":"post_tag","embeddable":true,"href":"https:\/\/www.anamt.org.br\/portal\/wp-json\/wp\/v2\/tags?post=51639"}],"curies":[{"name":"wp","href":"https:\/\/api.w.org\/{rel}","templated":true}]}}