{"id":51634,"date":"2025-04-09T16:28:43","date_gmt":"2025-04-09T19:28:43","guid":{"rendered":"https:\/\/www.anamt.org.br\/portal\/?p=51634"},"modified":"2025-04-16T09:02:54","modified_gmt":"2025-04-16T12:02:54","slug":"anamt-divulga-edital-de-assembleia-geral-extraordinaria","status":"publish","type":"post","link":"https:\/\/www.anamt.org.br\/portal\/2025\/04\/09\/anamt-divulga-edital-de-assembleia-geral-extraordinaria\/","title":{"rendered":"ANAMT divulga edital de Assembleia Geral Extraordin\u00e1ria"},"content":{"rendered":"<p>A ANAMT divulgou o edital da Assembleia Geral Extraordin\u00e1ria da entidade e a lista de associados aptos a participarem da vota\u00e7\u00e3o que ocorrer\u00e1 na ocasi\u00e3o. A AGE ocorrer\u00e1 no dia 16 de abril, atrav\u00e9s da plataforma ANAMT Virtual, \u00e0s 19h.<\/p>\n<p>Caso o seu nome n\u00e3o esteja na lista, entre em contato com a Secretaria da ANAMT pelo telefone (11) 3251-0849, pelo e-mail secretaria@anamt.org.br ou pelo Whatsapp (11) 95658-7462 para regularizar o cadastro com a ANAMT.<\/p>\n<p><strong>Conforme o estatuto da Associa\u00e7\u00e3o, t\u00eam direito de voto na AGE os associados adimplentes titulares, efetivos e jubilados nessas mesmas categorias. Conforme o inciso X do artigo 10 do Estatuto, podem \u201cVotar em suas Assembleias Gerais, e solicitar sua convoca\u00e7\u00e3o ap\u00f3s um ano de filia\u00e7\u00e3o nos termos deste estatuto\u201d. O associado poder\u00e1 quitar os d\u00e9bitos em aberto at\u00e9 24 horas antes da Assembleia, readquirindo o direito a participa\u00e7\u00e3o e ao voto para aqueles que podem votar, em conson\u00e2ncia com o par\u00e1grafo Nono do Art. 20 do Estatuto.<\/strong><\/p>\n<p>Os documentos est\u00e3o dispon\u00edveis abaixo:<\/p>\n<p><a href=\"https:\/\/www.anamt.org.br\/portal\/wp-content\/uploads\/2025\/04\/EDITAL-DE-CONVOCACAO-DE-ASSEMBLEIA-GERAL-EXTRAORDINARIA-16042025.pdf\" target=\"_blank\" rel=\"noopener\">Edital de convoca\u00e7\u00e3o da AGE<\/a><\/p>\n<p><a href=\"https:\/\/www.anamt.org.br\/portal\/wp-content\/uploads\/2025\/04\/lista_associados-aprovados-assembleia-2025-emitida-em-01-04-2025-1122.pdf\" target=\"_blank\" rel=\"noopener\">Lista de Associados Aptos a Votar emitida em 01\/04\/2025<\/a><br \/>\n<a href=\"https:\/\/www.anamt.org.br\/portal\/wp-content\/uploads\/2025\/04\/lista_associados-aprovados-assembleia-2025-emitida-em-15-04-2025_1202.pdf\" target=\"_blank\" rel=\"noopener\">Lista de Associados Aptos a Votar emitida em 15\/04\/2025<\/a><\/p>\n<p><a href=\"https:\/\/www.anamt.org.br\/portal\/wp-content\/uploads\/2025\/04\/lista_associados-aprovados-assembleia-2025-emitida-em-16-04-2025-definitiva_1205.pdf\" target=\"_blank\" rel=\"noopener\">Lista de Associados Aptos a Votar emitida em 16\/04\/2025 (definitiva)<\/a><\/p>\n<p><a href=\"https:\/\/www.anamt.org.br\/portal\/wp-content\/uploads\/2025\/04\/Quadro-comparativo-Revisao-do-Estatuto-ANAMT-_27.02.2025.pdf\" target=\"_blank\" rel=\"noopener\">Quadro comparativo &#8211; Revis\u00e3o do Estatuto da ANAMT<\/a><br \/>\n<a href=\"https:\/\/www.anamt.org.br\/portal\/wp-content\/uploads\/2025\/04\/minuta_ESTATUTO-DA-ASSOCIACAO-NACIONAL-DE-MEDICINA-DO-TRABALHO-revisao-diretoria-25.02.2025.pdf\" target=\"_blank\" rel=\"noopener\">Minuta &#8211; Estatuto da ANAMT<\/a><\/p>\n","protected":false},"excerpt":{"rendered":"<p>A ANAMT divulgou o edital da Assembleia Geral Extraordin\u00e1ria da entidade e a lista de associados aptos a participarem da vota\u00e7\u00e3o que ocorrer\u00e1 na ocasi\u00e3o. A AGE ocorrer\u00e1 no dia 16 de abril, atrav\u00e9s da plataforma ANAMT Virtual, \u00e0s 19h. Caso o seu nome n\u00e3o esteja na lista, entre em contato com a Secretaria da [&hellip;]<\/p>\n","protected":false},"author":5,"featured_media":48293,"comment_status":"closed","ping_status":"closed","sticky":false,"template":"","format":"standard","meta":{"footnotes":""},"categories":[77,8],"tags":[],"_links":{"self":[{"href":"https:\/\/www.anamt.org.br\/portal\/wp-json\/wp\/v2\/posts\/51634"}],"collection":[{"href":"https:\/\/www.anamt.org.br\/portal\/wp-json\/wp\/v2\/posts"}],"about":[{"href":"https:\/\/www.anamt.org.br\/portal\/wp-json\/wp\/v2\/types\/post"}],"author":[{"embeddable":true,"href":"https:\/\/www.anamt.org.br\/portal\/wp-json\/wp\/v2\/users\/5"}],"replies":[{"embeddable":true,"href":"https:\/\/www.anamt.org.br\/portal\/wp-json\/wp\/v2\/comments?post=51634"}],"version-history":[{"count":3,"href":"https:\/\/www.anamt.org.br\/portal\/wp-json\/wp\/v2\/posts\/51634\/revisions"}],"predecessor-version":[{"id":51703,"href":"https:\/\/www.anamt.org.br\/portal\/wp-json\/wp\/v2\/posts\/51634\/revisions\/51703"}],"wp:featuredmedia":[{"embeddable":true,"href":"https:\/\/www.anamt.org.br\/portal\/wp-json\/wp\/v2\/media\/48293"}],"wp:attachment":[{"href":"https:\/\/www.anamt.org.br\/portal\/wp-json\/wp\/v2\/media?parent=51634"}],"wp:term":[{"taxonomy":"category","embeddable":true,"href":"https:\/\/www.anamt.org.br\/portal\/wp-json\/wp\/v2\/categories?post=51634"},{"taxonomy":"post_tag","embeddable":true,"href":"https:\/\/www.anamt.org.br\/portal\/wp-json\/wp\/v2\/tags?post=51634"}],"curies":[{"name":"wp","href":"https:\/\/api.w.org\/{rel}","templated":true}]}}