{"id":51632,"date":"2025-04-09T12:28:26","date_gmt":"2025-04-09T15:28:26","guid":{"rendered":"https:\/\/www.anamt.org.br\/portal\/?p=51632"},"modified":"2025-04-10T15:02:44","modified_gmt":"2025-04-10T18:02:44","slug":"anamt-e-anamt-es-realizam-forum-presencial-e-on-line-sobre-saude-mental","status":"publish","type":"post","link":"https:\/\/www.anamt.org.br\/portal\/2025\/04\/09\/anamt-e-anamt-es-realizam-forum-presencial-e-on-line-sobre-saude-mental\/","title":{"rendered":"ANAMT e ANAMT-ES realizam F\u00f3rum Presencial e On-line sobre Sa\u00fade Mental"},"content":{"rendered":"<p>Nos dias 11 e 12 de abril, a ANAMT e a ANAMT-ES realizar\u00e3o o F\u00f3rum Presencial e On-line, cujo tema central ser\u00e1 Sa\u00fade Mental. O evento ocorrer\u00e1 no SESI (Av. Nossa Senhora da Penha, 2053, Barro Vermelho, Vit\u00f3ria-ES), com transmiss\u00e3o online pela ANAMT Virtual, plataforma de educa\u00e7\u00e3o continuada da ANAMT. Para participa\u00e7\u00e3o online, as inscri\u00e7\u00f5es podem ser feitas <a href=\"https:\/\/sistemasanamt.org.br\/anamt\/inscricoeseventos\/inscricoes\/cad_inscricao.aspx?proid=120\" target=\"_blank\" rel=\"noopener\"><strong>aqui<\/strong><\/a><b>. <\/b>A participa\u00e7\u00e3o no evento pontua em 5 pontos na Prova de T\u00edtulo de Especialista em Medicina do Trabalho.<\/p>\n<p>Tamb\u00e9m \u00e9 poss\u00edvel adquirir o combo com as edi\u00e7\u00f5es dos F\u00f3runs realizados em parceria com a ALMET e a SBMT em 2024, cujas grava\u00e7\u00f5es est\u00e3o dispon\u00edveis no ANAMT Virtual. A inscri\u00e7\u00e3o no combo com os tr\u00eas eventos est\u00e3o est\u00e1 dispon\u00edvel <a href=\"https:\/\/sistemasanamt.org.br\/anamt\/inscricoeseventos\/inscricoes\/cad_inscricao.aspx?proid=121\" target=\"_blank\" rel=\"noopener\"><strong>aqui<\/strong><\/a>.<\/p>\n<p>A programa\u00e7\u00e3o est\u00e1 dispon\u00edvel abaixo:<\/p>\n<p>Data: 11\/04\/25 \u2013 Sexta-feira<\/p>\n<p>19h \u00e0s 19h30<br \/>\nRecep\u00e7\u00e3o dos participantes<\/p>\n<p>19h30 \u00e0s 20h<br \/>\nAbertura<br \/>\nPresidente da ANAMT: Dr. Francisco Cortes Fernandes\/SP<br \/>\nPresidente da ANAMT-ES: Dr. Ant\u00f4nio Carlos Gavazza\/ES<br \/>\nDiretora Cient\u00edfica da ANAMT: Dra. Rosylane Rocha\/DF<br \/>\nVice-Presidente da ANAMT-ES: Dra. Maria das Gra\u00e7as Caus de Souza\/ES<\/p>\n<p>20h \u00e0s 20h30<br \/>\nConfer\u00eancia de Abertura<br \/>\nTema: O Panorama da Sa\u00fade Mental no Brasil e o Papel do M\u00e9dico do Trabalho na Preven\u00e7\u00e3o do Adoecimento<br \/>\nConferencista: Dr. Francisco Cortes Fernandes\/SP<br \/>\nPresidente: Dr. Ant\u00f4nio Carlos Gavazza\/ES<\/p>\n<p>20h30 \u00e0s 21h<br \/>\nConfer\u00eancia: Riscos psicossociais: Estressores ambientais x estressores individuais para o adoecimento mental<br \/>\nConferencista: Dra. Let\u00edcia Maria Akel Mameri Tr\u00e9s\/ES<br \/>\nPresidente: Dra. Rita de C\u00e1ssia Amaral Dias\/ES<\/p>\n<p>Data: 12\/04\/25 \u2013 S\u00e1bado<\/p>\n<p>8h30 \u00e0s 9h<br \/>\nConfer\u00eancia: Preven\u00e7\u00e3o do Estresse \/ Burnout para M\u00e9dicos do Trabalho<br \/>\nConferencista: Dr. Ruddy C\u00e9sar Facci\/PR<br \/>\nPresidente: Dr. R\u00f4mulo Gama Reis\/ES<\/p>\n<p>9h \u00e0s 10h10<br \/>\nMesa-Redonda: Transtornos de Humor e Impactos na Capacidade Laborativa<br \/>\nCoordenador: Dra. C\u00e9lia Marta Caus Pereira\/ES<\/p>\n<p>9h \u00e0s 9h25<br \/>\nTema: Transtornos de ansiedade, quando se tornam um problema de fato?<br \/>\nPalestrante: Dr. Henderson Eduarth Schwengber\/ES<\/p>\n<p>09h25 \u00e0s 09h50 &#8211; Relato de caso<br \/>\nPalestrante: Dr. Fernando Akio Mariya\/SP<\/p>\n<p>09h50 \u00e0s 10h10<br \/>\nDebate<\/p>\n<p>10h10 \u00e0s 10h25 &#8211; Intervalo<\/p>\n<p>10h25 \u00e0s 11h35<br \/>\nMesa-Redonda: Exame m\u00e9dico &#8211; ocupacional<br \/>\nCoordenador: Dra. Giulianna Bassetti Bonatto\/ES<\/p>\n<p>10h25 \u00e0s 10h50<br \/>\nTema: Restri\u00e7\u00f5es e inaptid\u00e3o laborativa nos casos de Transtornos Depressivos<br \/>\nPalestrante: Dra. Let\u00edcia Maria Akel Mameri Tr\u00e9s\/ES<\/p>\n<p>10h50 \u00e0s 11h15 &#8211; Relato de casos<br \/>\nPalestrante: Dra. Maria das Gra\u00e7as Caus de Souza\/ES<\/p>\n<p>11h15 \u00e0s 11h35<br \/>\nDebate<\/p>\n<p>11h35 \u00e0s 12h05<br \/>\nConfer\u00eancia: A An\u00e1lise dos Fatores Psicossociais como Ato M\u00e9dico<br \/>\nConferencista: Dr. Ricardo Ant\u00f4nio Turenko Be\u00e7a\/AM<br \/>\nPresidente: Dr. Juliano Cezar Miertschink Pina\/ES<\/p>\n<p>12h05 \u00e0s 13h30 &#8211; Intervalo<\/p>\n<p>13h30 \u00e0s 14h40<br \/>\nMesa-Redonda: Transtorno do Espectro Autista \u2013 TEA<br \/>\nCoordenador: Dra. Maria das Gra\u00e7as Caus de Souza\/ES<\/p>\n<p>13h30 \u00e0s 13h55<br \/>\nTema: As implica\u00e7\u00f5es m\u00e9dico-legais do diagn\u00f3stico de TEA<br \/>\nPalestrante: Dr. Jo\u00e3o Guilherme Tavares Marchiori\/ES<\/p>\n<p>13h55 \u00e0s 14h20<br \/>\nTema: Enquadramento do TEA na Per\u00edcia Administrativa<br \/>\nPalestrante: Dr. Bruno Coutinho\/DF<\/p>\n<p>14h20 \u00e0s 14h40<br \/>\nDebate<\/p>\n<p>14h40 \u00e0s 15h10<br \/>\nConfer\u00eancia: O que s\u00e3o riscos psicossociais e seu mecanismo de a\u00e7\u00e3o no adoecimento?<br \/>\nConferencista: Dr. Luiz Zoldan\/SP<br \/>\nPresidente: Dr. R\u00f4mulo Gama Reis\/ES<\/p>\n<p>15h10<br \/>\nEncerramento<br \/>\nPresidente da ANAMT: Dr. Francisco Cortes Fernandes\/SP<br \/>\nPresidente da ANAMT-ES: Dr. Ant\u00f4nio Carlos Gavazza\/ES<\/p>\n","protected":false},"excerpt":{"rendered":"<p>Nos dias 11 e 12 de abril, a ANAMT e a ANAMT-ES realizar\u00e3o o F\u00f3rum Presencial e On-line, cujo tema central ser\u00e1 Sa\u00fade Mental. O evento ocorrer\u00e1 no SESI (Av. Nossa Senhora da Penha, 2053, Barro Vermelho, Vit\u00f3ria-ES), com transmiss\u00e3o online pela ANAMT Virtual, plataforma de educa\u00e7\u00e3o continuada da ANAMT. Para participa\u00e7\u00e3o online, as inscri\u00e7\u00f5es [&hellip;]<\/p>\n","protected":false},"author":5,"featured_media":51637,"comment_status":"closed","ping_status":"closed","sticky":false,"template":"","format":"standard","meta":{"footnotes":""},"categories":[77,8],"tags":[],"_links":{"self":[{"href":"https:\/\/www.anamt.org.br\/portal\/wp-json\/wp\/v2\/posts\/51632"}],"collection":[{"href":"https:\/\/www.anamt.org.br\/portal\/wp-json\/wp\/v2\/posts"}],"about":[{"href":"https:\/\/www.anamt.org.br\/portal\/wp-json\/wp\/v2\/types\/post"}],"author":[{"embeddable":true,"href":"https:\/\/www.anamt.org.br\/portal\/wp-json\/wp\/v2\/users\/5"}],"replies":[{"embeddable":true,"href":"https:\/\/www.anamt.org.br\/portal\/wp-json\/wp\/v2\/comments?post=51632"}],"version-history":[{"count":2,"href":"https:\/\/www.anamt.org.br\/portal\/wp-json\/wp\/v2\/posts\/51632\/revisions"}],"predecessor-version":[{"id":51687,"href":"https:\/\/www.anamt.org.br\/portal\/wp-json\/wp\/v2\/posts\/51632\/revisions\/51687"}],"wp:featuredmedia":[{"embeddable":true,"href":"https:\/\/www.anamt.org.br\/portal\/wp-json\/wp\/v2\/media\/51637"}],"wp:attachment":[{"href":"https:\/\/www.anamt.org.br\/portal\/wp-json\/wp\/v2\/media?parent=51632"}],"wp:term":[{"taxonomy":"category","embeddable":true,"href":"https:\/\/www.anamt.org.br\/portal\/wp-json\/wp\/v2\/categories?post=51632"},{"taxonomy":"post_tag","embeddable":true,"href":"https:\/\/www.anamt.org.br\/portal\/wp-json\/wp\/v2\/tags?post=51632"}],"curies":[{"name":"wp","href":"https:\/\/api.w.org\/{rel}","templated":true}]}}