{"id":51630,"date":"2025-03-31T09:24:57","date_gmt":"2025-03-31T12:24:57","guid":{"rendered":"https:\/\/www.anamt.org.br\/portal\/?p=51630"},"modified":"2025-03-31T09:24:57","modified_gmt":"2025-03-31T12:24:57","slug":"afastamentos-por-ansiedade-e-depressao-anamt-participa-de-materia-da-radio-agencia","status":"publish","type":"post","link":"https:\/\/www.anamt.org.br\/portal\/2025\/03\/31\/afastamentos-por-ansiedade-e-depressao-anamt-participa-de-materia-da-radio-agencia\/","title":{"rendered":"Afastamentos por ansiedade e depress\u00e3o: ANAMT participa de mat\u00e9ria da R\u00e1dio Ag\u00eancia"},"content":{"rendered":"<p>A ANAMT concedeu entrevista a uma mat\u00e9ria da R\u00e1dio Ag\u00eancia, da Ag\u00eancia Brasil, sobre o aumento de afastamentos do trabalho por ansiedade e depress\u00e3o. Dra. Let\u00edcia Tr\u00e9s falou sobre como as mudan\u00e7as na organiza\u00e7\u00e3o do trabalho afetou a sa\u00fade mental dos trabalhadores:<\/p>\n<p>&#8220;Pouca flexibilidade, dependendo da \u00e1rea da pessoa. Excesso de trabalho. Ent\u00e3o tudo isso acaba impactando. Mas tamb\u00e9m come\u00e7amos a ter mais notifica\u00e7\u00e3o e falar mais sobre assunto. Ent\u00e3o isso tamb\u00e9m faz com que as pessoas procure atendimento coisa que anteriormente era menor.&#8221;<\/p>\n<p>Veja a mat\u00e9ria na \u00edntegra <a href=\"https:\/\/agenciabrasil.ebc.com.br\/radioagencia-nacional\/saude\/audio\/2025-03\/triplica-o-numero-de-afastamento-do-trabalho-por-ansiedade-e-depressao\" target=\"_blank\" rel=\"noopener\"><strong>aqui<\/strong><\/a>.<\/p>\n","protected":false},"excerpt":{"rendered":"<p>A ANAMT concedeu entrevista a uma mat\u00e9ria da R\u00e1dio Ag\u00eancia, da Ag\u00eancia Brasil, sobre o aumento de afastamentos do trabalho por ansiedade e depress\u00e3o. Dra. Let\u00edcia Tr\u00e9s falou sobre como as mudan\u00e7as na organiza\u00e7\u00e3o do trabalho afetou a sa\u00fade mental dos trabalhadores: &#8220;Pouca flexibilidade, dependendo da \u00e1rea da pessoa. Excesso de trabalho. Ent\u00e3o tudo isso [&hellip;]<\/p>\n","protected":false},"author":5,"featured_media":48293,"comment_status":"closed","ping_status":"closed","sticky":false,"template":"","format":"standard","meta":{"footnotes":""},"categories":[77,8],"tags":[],"_links":{"self":[{"href":"https:\/\/www.anamt.org.br\/portal\/wp-json\/wp\/v2\/posts\/51630"}],"collection":[{"href":"https:\/\/www.anamt.org.br\/portal\/wp-json\/wp\/v2\/posts"}],"about":[{"href":"https:\/\/www.anamt.org.br\/portal\/wp-json\/wp\/v2\/types\/post"}],"author":[{"embeddable":true,"href":"https:\/\/www.anamt.org.br\/portal\/wp-json\/wp\/v2\/users\/5"}],"replies":[{"embeddable":true,"href":"https:\/\/www.anamt.org.br\/portal\/wp-json\/wp\/v2\/comments?post=51630"}],"version-history":[{"count":1,"href":"https:\/\/www.anamt.org.br\/portal\/wp-json\/wp\/v2\/posts\/51630\/revisions"}],"predecessor-version":[{"id":51631,"href":"https:\/\/www.anamt.org.br\/portal\/wp-json\/wp\/v2\/posts\/51630\/revisions\/51631"}],"wp:featuredmedia":[{"embeddable":true,"href":"https:\/\/www.anamt.org.br\/portal\/wp-json\/wp\/v2\/media\/48293"}],"wp:attachment":[{"href":"https:\/\/www.anamt.org.br\/portal\/wp-json\/wp\/v2\/media?parent=51630"}],"wp:term":[{"taxonomy":"category","embeddable":true,"href":"https:\/\/www.anamt.org.br\/portal\/wp-json\/wp\/v2\/categories?post=51630"},{"taxonomy":"post_tag","embeddable":true,"href":"https:\/\/www.anamt.org.br\/portal\/wp-json\/wp\/v2\/tags?post=51630"}],"curies":[{"name":"wp","href":"https:\/\/api.w.org\/{rel}","templated":true}]}}