{"id":51624,"date":"2025-03-31T08:59:55","date_gmt":"2025-03-31T11:59:55","guid":{"rendered":"https:\/\/www.anamt.org.br\/portal\/?p=51624"},"modified":"2025-03-31T09:00:46","modified_gmt":"2025-03-31T12:00:46","slug":"acamt-completa-45-anos","status":"publish","type":"post","link":"https:\/\/www.anamt.org.br\/portal\/2025\/03\/31\/acamt-completa-45-anos\/","title":{"rendered":"ANAMT participa das comemora\u00e7\u00f5es dos 45 anos da ACAMT"},"content":{"rendered":"<p>A Associa\u00e7\u00e3o Catarinense de Medicina do Trabalho (ACAMT), federada da ANAMT em Santa Catarina, comemorou os 45 anos de funda\u00e7\u00e3o no dia 29 de mar\u00e7o, em Florian\u00f3polis (SC). O presidente da ANAMT, Dr. Francisco Cortes Fernandes, representou a entidade na celebra\u00e7\u00e3o.<\/p>\n<p><img decoding=\"async\" class=\"aligncenter wp-image-51627 size-fusion-600\" src=\"https:\/\/www.anamt.org.br\/portal\/wp-content\/uploads\/2025\/03\/WhatsApp-Image-2025-03-29-at-17.42.32-600x600.jpeg\" alt=\"\" width=\"600\" height=\"600\" srcset=\"https:\/\/www.anamt.org.br\/portal\/wp-content\/uploads\/2025\/03\/WhatsApp-Image-2025-03-29-at-17.42.32-66x66.jpeg 66w, https:\/\/www.anamt.org.br\/portal\/wp-content\/uploads\/2025\/03\/WhatsApp-Image-2025-03-29-at-17.42.32-150x150.jpeg 150w, https:\/\/www.anamt.org.br\/portal\/wp-content\/uploads\/2025\/03\/WhatsApp-Image-2025-03-29-at-17.42.32-200x200.jpeg 200w, https:\/\/www.anamt.org.br\/portal\/wp-content\/uploads\/2025\/03\/WhatsApp-Image-2025-03-29-at-17.42.32-300x300.jpeg 300w, https:\/\/www.anamt.org.br\/portal\/wp-content\/uploads\/2025\/03\/WhatsApp-Image-2025-03-29-at-17.42.32-400x400.jpeg 400w, https:\/\/www.anamt.org.br\/portal\/wp-content\/uploads\/2025\/03\/WhatsApp-Image-2025-03-29-at-17.42.32-600x600.jpeg 600w, https:\/\/www.anamt.org.br\/portal\/wp-content\/uploads\/2025\/03\/WhatsApp-Image-2025-03-29-at-17.42.32-768x768.jpeg 768w, https:\/\/www.anamt.org.br\/portal\/wp-content\/uploads\/2025\/03\/WhatsApp-Image-2025-03-29-at-17.42.32-800x800.jpeg 800w, https:\/\/www.anamt.org.br\/portal\/wp-content\/uploads\/2025\/03\/WhatsApp-Image-2025-03-29-at-17.42.32-1024x1024.jpeg 1024w, https:\/\/www.anamt.org.br\/portal\/wp-content\/uploads\/2025\/03\/WhatsApp-Image-2025-03-29-at-17.42.32-1200x1200.jpeg 1200w, https:\/\/www.anamt.org.br\/portal\/wp-content\/uploads\/2025\/03\/WhatsApp-Image-2025-03-29-at-17.42.32-1536x1536.jpeg 1536w, https:\/\/www.anamt.org.br\/portal\/wp-content\/uploads\/2025\/03\/WhatsApp-Image-2025-03-29-at-17.42.32.jpeg 1599w\" sizes=\"(max-width: 600px) 100vw, 600px\" \/><\/p>\n<p><img decoding=\"async\" class=\"aligncenter wp-image-51626 size-fusion-600\" src=\"https:\/\/www.anamt.org.br\/portal\/wp-content\/uploads\/2025\/03\/WhatsApp-Image-2025-03-29-at-17.42.32-1-600x450.jpeg\" alt=\"\" width=\"600\" height=\"450\" srcset=\"https:\/\/www.anamt.org.br\/portal\/wp-content\/uploads\/2025\/03\/WhatsApp-Image-2025-03-29-at-17.42.32-1-200x150.jpeg 200w, https:\/\/www.anamt.org.br\/portal\/wp-content\/uploads\/2025\/03\/WhatsApp-Image-2025-03-29-at-17.42.32-1-300x225.jpeg 300w, https:\/\/www.anamt.org.br\/portal\/wp-content\/uploads\/2025\/03\/WhatsApp-Image-2025-03-29-at-17.42.32-1-400x300.jpeg 400w, https:\/\/www.anamt.org.br\/portal\/wp-content\/uploads\/2025\/03\/WhatsApp-Image-2025-03-29-at-17.42.32-1-600x450.jpeg 600w, https:\/\/www.anamt.org.br\/portal\/wp-content\/uploads\/2025\/03\/WhatsApp-Image-2025-03-29-at-17.42.32-1-768x576.jpeg 768w, https:\/\/www.anamt.org.br\/portal\/wp-content\/uploads\/2025\/03\/WhatsApp-Image-2025-03-29-at-17.42.32-1-800x600.jpeg 800w, https:\/\/www.anamt.org.br\/portal\/wp-content\/uploads\/2025\/03\/WhatsApp-Image-2025-03-29-at-17.42.32-1-1024x768.jpeg 1024w, https:\/\/www.anamt.org.br\/portal\/wp-content\/uploads\/2025\/03\/WhatsApp-Image-2025-03-29-at-17.42.32-1-1200x900.jpeg 1200w, https:\/\/www.anamt.org.br\/portal\/wp-content\/uploads\/2025\/03\/WhatsApp-Image-2025-03-29-at-17.42.32-1-1536x1152.jpeg 1536w, https:\/\/www.anamt.org.br\/portal\/wp-content\/uploads\/2025\/03\/WhatsApp-Image-2025-03-29-at-17.42.32-1.jpeg 1600w\" sizes=\"(max-width: 600px) 100vw, 600px\" \/><\/p>\n","protected":false},"excerpt":{"rendered":"<p>A Associa\u00e7\u00e3o Catarinense de Medicina do Trabalho (ACAMT), federada da ANAMT em Santa Catarina, comemorou os 45 anos de funda\u00e7\u00e3o no dia 29 de mar\u00e7o, em Florian\u00f3polis (SC). O presidente da ANAMT, Dr. Francisco Cortes Fernandes, representou a entidade na celebra\u00e7\u00e3o.<\/p>\n","protected":false},"author":5,"featured_media":51625,"comment_status":"closed","ping_status":"closed","sticky":false,"template":"","format":"standard","meta":{"footnotes":""},"categories":[77,8],"tags":[],"_links":{"self":[{"href":"https:\/\/www.anamt.org.br\/portal\/wp-json\/wp\/v2\/posts\/51624"}],"collection":[{"href":"https:\/\/www.anamt.org.br\/portal\/wp-json\/wp\/v2\/posts"}],"about":[{"href":"https:\/\/www.anamt.org.br\/portal\/wp-json\/wp\/v2\/types\/post"}],"author":[{"embeddable":true,"href":"https:\/\/www.anamt.org.br\/portal\/wp-json\/wp\/v2\/users\/5"}],"replies":[{"embeddable":true,"href":"https:\/\/www.anamt.org.br\/portal\/wp-json\/wp\/v2\/comments?post=51624"}],"version-history":[{"count":2,"href":"https:\/\/www.anamt.org.br\/portal\/wp-json\/wp\/v2\/posts\/51624\/revisions"}],"predecessor-version":[{"id":51629,"href":"https:\/\/www.anamt.org.br\/portal\/wp-json\/wp\/v2\/posts\/51624\/revisions\/51629"}],"wp:featuredmedia":[{"embeddable":true,"href":"https:\/\/www.anamt.org.br\/portal\/wp-json\/wp\/v2\/media\/51625"}],"wp:attachment":[{"href":"https:\/\/www.anamt.org.br\/portal\/wp-json\/wp\/v2\/media?parent=51624"}],"wp:term":[{"taxonomy":"category","embeddable":true,"href":"https:\/\/www.anamt.org.br\/portal\/wp-json\/wp\/v2\/categories?post=51624"},{"taxonomy":"post_tag","embeddable":true,"href":"https:\/\/www.anamt.org.br\/portal\/wp-json\/wp\/v2\/tags?post=51624"}],"curies":[{"name":"wp","href":"https:\/\/api.w.org\/{rel}","templated":true}]}}