{"id":51613,"date":"2025-03-20T14:43:29","date_gmt":"2025-03-20T17:43:29","guid":{"rendered":"https:\/\/www.anamt.org.br\/portal\/?p=51613"},"modified":"2025-03-20T14:43:29","modified_gmt":"2025-03-20T17:43:29","slug":"ifms-realiza-concurso-publico-com-vaga-para-medico-do-trabalho","status":"publish","type":"post","link":"https:\/\/www.anamt.org.br\/portal\/2025\/03\/20\/ifms-realiza-concurso-publico-com-vaga-para-medico-do-trabalho\/","title":{"rendered":"IFMS realiza concurso p\u00fablico com vaga para m\u00e9dico do trabalho"},"content":{"rendered":"<p>O Instituto Federal Mato Grosso do Sul (IFMS) divulgou o edital n\u00ba 19\/2025 para preenchimento de 61 vagas na institui\u00e7\u00e3o, entre elas, uma para m\u00e9dico\/m\u00e9dico do trabalho. As inscri\u00e7\u00f5es podem ser realizadas at\u00e9 10 de abril, com aplica\u00e7\u00e3o da prova no dia 25 de maio.<\/p>\n<p>O edital e mais informa\u00e7\u00f5es do certame est\u00e3o dispon\u00edveis <a href=\"https:\/\/www.institutoaocp.org.br\/concursos\/636\" target=\"_blank\" rel=\"noopener\"><strong>aqui<\/strong><\/a>.<\/p>\n","protected":false},"excerpt":{"rendered":"<p>O Instituto Federal Mato Grosso do Sul (IFMS) divulgou o edital n\u00ba 19\/2025 para preenchimento de 61 vagas na institui\u00e7\u00e3o, entre elas, uma para m\u00e9dico\/m\u00e9dico do trabalho. As inscri\u00e7\u00f5es podem ser realizadas at\u00e9 10 de abril, com aplica\u00e7\u00e3o da prova no dia 25 de maio. O edital e mais informa\u00e7\u00f5es do certame est\u00e3o dispon\u00edveis aqui.<\/p>\n","protected":false},"author":5,"featured_media":51614,"comment_status":"closed","ping_status":"closed","sticky":false,"template":"","format":"standard","meta":{"footnotes":""},"categories":[77,8],"tags":[],"_links":{"self":[{"href":"https:\/\/www.anamt.org.br\/portal\/wp-json\/wp\/v2\/posts\/51613"}],"collection":[{"href":"https:\/\/www.anamt.org.br\/portal\/wp-json\/wp\/v2\/posts"}],"about":[{"href":"https:\/\/www.anamt.org.br\/portal\/wp-json\/wp\/v2\/types\/post"}],"author":[{"embeddable":true,"href":"https:\/\/www.anamt.org.br\/portal\/wp-json\/wp\/v2\/users\/5"}],"replies":[{"embeddable":true,"href":"https:\/\/www.anamt.org.br\/portal\/wp-json\/wp\/v2\/comments?post=51613"}],"version-history":[{"count":1,"href":"https:\/\/www.anamt.org.br\/portal\/wp-json\/wp\/v2\/posts\/51613\/revisions"}],"predecessor-version":[{"id":51615,"href":"https:\/\/www.anamt.org.br\/portal\/wp-json\/wp\/v2\/posts\/51613\/revisions\/51615"}],"wp:featuredmedia":[{"embeddable":true,"href":"https:\/\/www.anamt.org.br\/portal\/wp-json\/wp\/v2\/media\/51614"}],"wp:attachment":[{"href":"https:\/\/www.anamt.org.br\/portal\/wp-json\/wp\/v2\/media?parent=51613"}],"wp:term":[{"taxonomy":"category","embeddable":true,"href":"https:\/\/www.anamt.org.br\/portal\/wp-json\/wp\/v2\/categories?post=51613"},{"taxonomy":"post_tag","embeddable":true,"href":"https:\/\/www.anamt.org.br\/portal\/wp-json\/wp\/v2\/tags?post=51613"}],"curies":[{"name":"wp","href":"https:\/\/api.w.org\/{rel}","templated":true}]}}