{"id":51611,"date":"2025-03-20T12:38:44","date_gmt":"2025-03-20T15:38:44","guid":{"rendered":"https:\/\/www.anamt.org.br\/portal\/?p=51611"},"modified":"2025-03-20T12:41:40","modified_gmt":"2025-03-20T15:41:40","slug":"exploracao-do-amianto-anamt-fala-sobre-os-riscos-do-mineral-em-entrevista","status":"publish","type":"post","link":"https:\/\/www.anamt.org.br\/portal\/2025\/03\/20\/exploracao-do-amianto-anamt-fala-sobre-os-riscos-do-mineral-em-entrevista\/","title":{"rendered":"Explora\u00e7\u00e3o do amianto: ANAMT fala sobre os riscos do mineral em entrevista"},"content":{"rendered":"<p>A ANAMT concedeu entrevista \u00e0 ag\u00eancia P\u00fablica sobre a explora\u00e7\u00e3o de amianto no Brasil. No momento, tramita no Supremo Tribunal Federal (STF) um julgamento sobre a constitucionalidade de uma lei estadual de Goi\u00e1s que permite a extra\u00e7\u00e3o do mineral para exporta\u00e7\u00e3o na cidade de Mina\u00e7u (GO).<\/p>\n<p>Na mat\u00e9ria, publicada no dia 18 de mar\u00e7o, o presidente da ANAMT, Dr. Francisco Cortes Fernandes fala sobre os riscos \u00e0 sa\u00fade que o contato com a subst\u00e2ncia pode causar aos trabalhadores e seus familiares, como asbestose e mesotelioma, um tipo de agressivo de c\u00e2ncer.<\/p>\n<p>A mat\u00e9ria pode ser lida na \u00edntegra <a href=\"https:\/\/apublica.org\/nota\/amianto-ultimo-refugio-de-mineral-cancerigeno-em-go-segue-sem-destino-definido-no-stf\/\">aqui<\/a>.<\/p>\n","protected":false},"excerpt":{"rendered":"<p>A ANAMT concedeu entrevista \u00e0 ag\u00eancia P\u00fablica sobre a explora\u00e7\u00e3o de amianto no Brasil. No momento, tramita no Supremo Tribunal Federal (STF) um julgamento sobre a constitucionalidade de uma lei estadual de Goi\u00e1s que permite a extra\u00e7\u00e3o do mineral para exporta\u00e7\u00e3o na cidade de Mina\u00e7u (GO). Na mat\u00e9ria, publicada no dia 18 de mar\u00e7o, o [&hellip;]<\/p>\n","protected":false},"author":5,"featured_media":48293,"comment_status":"closed","ping_status":"closed","sticky":false,"template":"","format":"standard","meta":{"footnotes":""},"categories":[77,8],"tags":[],"_links":{"self":[{"href":"https:\/\/www.anamt.org.br\/portal\/wp-json\/wp\/v2\/posts\/51611"}],"collection":[{"href":"https:\/\/www.anamt.org.br\/portal\/wp-json\/wp\/v2\/posts"}],"about":[{"href":"https:\/\/www.anamt.org.br\/portal\/wp-json\/wp\/v2\/types\/post"}],"author":[{"embeddable":true,"href":"https:\/\/www.anamt.org.br\/portal\/wp-json\/wp\/v2\/users\/5"}],"replies":[{"embeddable":true,"href":"https:\/\/www.anamt.org.br\/portal\/wp-json\/wp\/v2\/comments?post=51611"}],"version-history":[{"count":1,"href":"https:\/\/www.anamt.org.br\/portal\/wp-json\/wp\/v2\/posts\/51611\/revisions"}],"predecessor-version":[{"id":51612,"href":"https:\/\/www.anamt.org.br\/portal\/wp-json\/wp\/v2\/posts\/51611\/revisions\/51612"}],"wp:featuredmedia":[{"embeddable":true,"href":"https:\/\/www.anamt.org.br\/portal\/wp-json\/wp\/v2\/media\/48293"}],"wp:attachment":[{"href":"https:\/\/www.anamt.org.br\/portal\/wp-json\/wp\/v2\/media?parent=51611"}],"wp:term":[{"taxonomy":"category","embeddable":true,"href":"https:\/\/www.anamt.org.br\/portal\/wp-json\/wp\/v2\/categories?post=51611"},{"taxonomy":"post_tag","embeddable":true,"href":"https:\/\/www.anamt.org.br\/portal\/wp-json\/wp\/v2\/tags?post=51611"}],"curies":[{"name":"wp","href":"https:\/\/api.w.org\/{rel}","templated":true}]}}