{"id":51609,"date":"2025-03-18T11:09:36","date_gmt":"2025-03-18T14:09:36","guid":{"rendered":"https:\/\/www.anamt.org.br\/portal\/?p=51609"},"modified":"2025-03-18T11:09:36","modified_gmt":"2025-03-18T14:09:36","slug":"fatores-psicossociais-anamt-concede-entrevista-a-agencia-radioweb","status":"publish","type":"post","link":"https:\/\/www.anamt.org.br\/portal\/2025\/03\/18\/fatores-psicossociais-anamt-concede-entrevista-a-agencia-radioweb\/","title":{"rendered":"Fatores psicossociais: ANAMT concede entrevista \u00e0 Ag\u00eancia Radioweb"},"content":{"rendered":"<p>A mudan\u00e7a na NR 1 sobre riscos psicossociais foi tema de mat\u00e9ria veiculada pela Ag\u00eancia Radioweb. A diretora de Legisla\u00e7\u00e3o da ANAMT, Dra. Gilvana Campos, falou sobre os aspectos que as empresas devem estar atentas, como sobrecarga de trabalho e estresse, que devem ser prevenidos.<\/p>\n<p>\u201cAs empresas dever\u00e3o avaliar esses riscos ocupacionais e monitorar a presen\u00e7a desses riscos, revisar as a\u00e7\u00f5es implementadas, atualizar os registros\u201d, pontuou a especialista em trecho da entrevista.<\/p>\n<p>Ou\u00e7a a mat\u00e9ria <a href=\"https:\/\/app.agenciaradioweb.com.br\/erp\/ouvir_audios\/meuplayer.php?iddrive=1uOCA8-6Pf5pyvS5p2JO_-5sLSp64Zv8s\" target=\"_blank\" rel=\"noopener\"><strong>aqui<\/strong><\/a>.<\/p>\n","protected":false},"excerpt":{"rendered":"<p>A mudan\u00e7a na NR 1 sobre riscos psicossociais foi tema de mat\u00e9ria veiculada pela Ag\u00eancia Radioweb. A diretora de Legisla\u00e7\u00e3o da ANAMT, Dra. Gilvana Campos, falou sobre os aspectos que as empresas devem estar atentas, como sobrecarga de trabalho e estresse, que devem ser prevenidos. \u201cAs empresas dever\u00e3o avaliar esses riscos ocupacionais e monitorar a [&hellip;]<\/p>\n","protected":false},"author":5,"featured_media":48293,"comment_status":"closed","ping_status":"closed","sticky":false,"template":"","format":"standard","meta":{"footnotes":""},"categories":[77,8],"tags":[],"_links":{"self":[{"href":"https:\/\/www.anamt.org.br\/portal\/wp-json\/wp\/v2\/posts\/51609"}],"collection":[{"href":"https:\/\/www.anamt.org.br\/portal\/wp-json\/wp\/v2\/posts"}],"about":[{"href":"https:\/\/www.anamt.org.br\/portal\/wp-json\/wp\/v2\/types\/post"}],"author":[{"embeddable":true,"href":"https:\/\/www.anamt.org.br\/portal\/wp-json\/wp\/v2\/users\/5"}],"replies":[{"embeddable":true,"href":"https:\/\/www.anamt.org.br\/portal\/wp-json\/wp\/v2\/comments?post=51609"}],"version-history":[{"count":1,"href":"https:\/\/www.anamt.org.br\/portal\/wp-json\/wp\/v2\/posts\/51609\/revisions"}],"predecessor-version":[{"id":51610,"href":"https:\/\/www.anamt.org.br\/portal\/wp-json\/wp\/v2\/posts\/51609\/revisions\/51610"}],"wp:featuredmedia":[{"embeddable":true,"href":"https:\/\/www.anamt.org.br\/portal\/wp-json\/wp\/v2\/media\/48293"}],"wp:attachment":[{"href":"https:\/\/www.anamt.org.br\/portal\/wp-json\/wp\/v2\/media?parent=51609"}],"wp:term":[{"taxonomy":"category","embeddable":true,"href":"https:\/\/www.anamt.org.br\/portal\/wp-json\/wp\/v2\/categories?post=51609"},{"taxonomy":"post_tag","embeddable":true,"href":"https:\/\/www.anamt.org.br\/portal\/wp-json\/wp\/v2\/tags?post=51609"}],"curies":[{"name":"wp","href":"https:\/\/api.w.org\/{rel}","templated":true}]}}