{"id":51607,"date":"2025-03-18T11:06:11","date_gmt":"2025-03-18T14:06:11","guid":{"rendered":"https:\/\/www.anamt.org.br\/portal\/?p=51607"},"modified":"2025-03-18T11:06:11","modified_gmt":"2025-03-18T14:06:11","slug":"anamt-participa-de-materia-sobre-afastamentos-relacionados-a-dor-nas-costas","status":"publish","type":"post","link":"https:\/\/www.anamt.org.br\/portal\/2025\/03\/18\/anamt-participa-de-materia-sobre-afastamentos-relacionados-a-dor-nas-costas\/","title":{"rendered":"ANAMT participa de mat\u00e9ria sobre afastamentos relacionados a dor nas costas"},"content":{"rendered":"<p>O presidente da ANAMT, Dr. Francisco Cortes Fernandes, concedeu entrevista ao site do jornal O Estado de S. Paulo em uma mat\u00e9ria sobre dor nas costas publicada no dia 18 de fevereiro. Ele falou sobre os dist\u00farbios mais comuns relacionados \u00e0s dores na regi\u00e3o.<\/p>\n<p>&#8220;O dist\u00farbio mais comum \u00e9 a dor muscular derivada da fadiga da musculatura das costas, que ocorre quando ficamos muito tempo em uma mesma posi\u00e7\u00e3o, tronco curvado para frente. Em segundo lugar, v\u00eam as tor\u00e7\u00f5es lombares e, em terceiro, dist\u00farbios de discos invertebrais&#8221;.<\/p>\n<p>A mat\u00e9ria est\u00e1 dispon\u00edvel <a href=\"https:\/\/www.estadao.com.br\/saude\/7-coisas-que-voce-precisa-saber-sobre-dor-nas-costas\/\" target=\"_blank\" rel=\"noopener\">aqui<\/a>.<\/p>\n","protected":false},"excerpt":{"rendered":"<p>O presidente da ANAMT, Dr. Francisco Cortes Fernandes, concedeu entrevista ao site do jornal O Estado de S. Paulo em uma mat\u00e9ria sobre dor nas costas publicada no dia 18 de fevereiro. Ele falou sobre os dist\u00farbios mais comuns relacionados \u00e0s dores na regi\u00e3o. &#8220;O dist\u00farbio mais comum \u00e9 a dor muscular derivada da fadiga [&hellip;]<\/p>\n","protected":false},"author":5,"featured_media":48293,"comment_status":"closed","ping_status":"closed","sticky":false,"template":"","format":"standard","meta":{"footnotes":""},"categories":[77,8],"tags":[],"_links":{"self":[{"href":"https:\/\/www.anamt.org.br\/portal\/wp-json\/wp\/v2\/posts\/51607"}],"collection":[{"href":"https:\/\/www.anamt.org.br\/portal\/wp-json\/wp\/v2\/posts"}],"about":[{"href":"https:\/\/www.anamt.org.br\/portal\/wp-json\/wp\/v2\/types\/post"}],"author":[{"embeddable":true,"href":"https:\/\/www.anamt.org.br\/portal\/wp-json\/wp\/v2\/users\/5"}],"replies":[{"embeddable":true,"href":"https:\/\/www.anamt.org.br\/portal\/wp-json\/wp\/v2\/comments?post=51607"}],"version-history":[{"count":1,"href":"https:\/\/www.anamt.org.br\/portal\/wp-json\/wp\/v2\/posts\/51607\/revisions"}],"predecessor-version":[{"id":51608,"href":"https:\/\/www.anamt.org.br\/portal\/wp-json\/wp\/v2\/posts\/51607\/revisions\/51608"}],"wp:featuredmedia":[{"embeddable":true,"href":"https:\/\/www.anamt.org.br\/portal\/wp-json\/wp\/v2\/media\/48293"}],"wp:attachment":[{"href":"https:\/\/www.anamt.org.br\/portal\/wp-json\/wp\/v2\/media?parent=51607"}],"wp:term":[{"taxonomy":"category","embeddable":true,"href":"https:\/\/www.anamt.org.br\/portal\/wp-json\/wp\/v2\/categories?post=51607"},{"taxonomy":"post_tag","embeddable":true,"href":"https:\/\/www.anamt.org.br\/portal\/wp-json\/wp\/v2\/tags?post=51607"}],"curies":[{"name":"wp","href":"https:\/\/api.w.org\/{rel}","templated":true}]}}