{"id":51600,"date":"2025-03-07T18:18:54","date_gmt":"2025-03-07T21:18:54","guid":{"rendered":"https:\/\/www.anamt.org.br\/portal\/?p=51600"},"modified":"2025-03-07T18:21:05","modified_gmt":"2025-03-07T21:21:05","slug":"dia-internacional-da-mulher-dra-elizabeth-dias-fala-sobre-o-futuro-a-frente-da-amm","status":"publish","type":"post","link":"https:\/\/www.anamt.org.br\/portal\/2025\/03\/07\/dia-internacional-da-mulher-dra-elizabeth-dias-fala-sobre-o-futuro-a-frente-da-amm\/","title":{"rendered":"Dia Internacional da Mulher: Dra. Elizabeth Dias fala sobre o futuro \u00e0 frente da AMM"},"content":{"rendered":"<p style=\"text-align: left;\"><img decoding=\"async\" class=\"size-medium wp-image-51582 alignleft\" src=\"https:\/\/www.anamt.org.br\/portal\/wp-content\/uploads\/2025\/02\/elizabethdias-287x300.png\" alt=\"\" width=\"287\" height=\"300\" srcset=\"https:\/\/www.anamt.org.br\/portal\/wp-content\/uploads\/2025\/02\/elizabethdias-200x209.png 200w, https:\/\/www.anamt.org.br\/portal\/wp-content\/uploads\/2025\/02\/elizabethdias-287x300.png 287w, https:\/\/www.anamt.org.br\/portal\/wp-content\/uploads\/2025\/02\/elizabethdias-400x418.png 400w, https:\/\/www.anamt.org.br\/portal\/wp-content\/uploads\/2025\/02\/elizabethdias.png 567w\" sizes=\"(max-width: 287px) 100vw, 287px\" \/>Neste Dia Internacional da Mulher, a primeira mulher eleita para a presid\u00eancia da Academia Mineira de Medicina (AMM), a m\u00e9dica do trabalho e sanitarista Dra. Elizabeth Dias aborda no texto a seguir a import\u00e2ncia da AMM, da atividade acad\u00eamica na \u00e1rea m\u00e9dica, al\u00e9m dos desafios profissionais do setor e dos planos para sua gest\u00e3o \u00e0 frente da entidade. A posse no cargo ocorrer\u00e1 no dia 14 de mar\u00e7o:<\/p>\n<p>&#8220;A Academia Mineira de Medicina re\u00fane m\u00e9dicos que tendo vivido os dramas, incertezas, e desafios colocaram o melhor de suas habilidades t\u00e9cnicas, conhecimento e arte no cuidado das pessoas, em especial daqueles que sofrem e necessitam de amor, conhecimento e luzes para superar momentos dif\u00edceis da vida ou fazer a passagem ao termino da exist\u00eancia, sem dores e sofrimentos desnecess\u00e1rios.<\/p>\n<p>Ser Acad\u00eamico \u00e9 receber uma consagra\u00e7\u00e3o pelos pares e o reconhecimento da fidelidade aos princ\u00edpios hipocr\u00e1ticos que norteiam a profiss\u00e3o, consolando, mitigando dores e aliviando ou curando doen\u00e7as, como est\u00e1 inscrito no bras\u00e3o da entidade.<\/p>\n<p>Ser Acad\u00eamico, al\u00e9m do reconhecimento pelos pares, implica em responsabilidades, entre as quais est\u00e3o o cumprimento da miss\u00e3o de m\u00e9dico ou m\u00e9dica, beneficiando os que sofrem, disponibilizando trabalho e mesmo o tempo de repouso e de lazer, e o compromisso com o estudo continuado. \u00c9 lutar contra a endemia que deteriora a qualidade de vida e buscar recuperar homens e mulheres brasileiros, somando esfor\u00e7os na luta e prop\u00f3sito por qualidade de vida e sa\u00fade.<\/p>\n<p>A AMM tem a miss\u00e3o de ser guardi\u00e3 das tradi\u00e7\u00f5es, dos saberes de pr\u00e1ticas dos que nos antecederam, que se assim se tornam imortais na hist\u00f3ria das Medicina Mineira.<\/p>\n<p>Presidir a AMM neste momento hist\u00f3rico no qual vivemos, em especial ser a primeira mulher a alcan\u00e7ar este honroso lugar, refor\u00e7a todas estas responsabilidades.<\/p>\n<p>Assim, al\u00e9m de agradecer a confian\u00e7a atribu\u00edda pelos Acad\u00eamicos e as contribui\u00e7\u00f5es das gest\u00f5es que nos precedem, a nova Diretoria empossada compartilha a alegria de poder contribuir para a vida da Academia Mineira de Medicina dentro dos princ\u00edpios norteadores traduzidos e na denomina\u00e7\u00e3o escolhida: <strong>Tradi\u00e7\u00e3o &#8211; Participa\u00e7\u00e3o &#8211; Compromisso<\/strong>.<\/p>\n<p><strong>Tradi\u00e7\u00e3o<\/strong>, pois recebemos um legado precioso constru\u00eddo nos 54 anos de hist\u00f3ria da AMM, a muitas m\u00e3os, com esfor\u00e7o, dedica\u00e7\u00e3o e paix\u00e3o e nos comprometemos a zelar por ele. Somos um grupo coeso e plural que integra esta diretoria, empenhados em promover<strong> participa\u00e7\u00e3o<\/strong> ampla, abertos \u00e0 ideias e proposta para consolidar as conquistas realizadas e avan\u00e7ar no compromisso institucional da Academia, de guardi\u00e3 e promotora da excel\u00eancia da Medicina Mineira. Nosso <strong>Compromisso<\/strong> se expressa no conjunto de valores e na hist\u00f3ria vivida. Experi\u00eancia que tamb\u00e9m nos permite sonhar e contribuir para fazer andar a vida que pulsa na AMM.<\/p>\n<p>Vivenciamos um tempo especial nos 54 anos de exist\u00eancia da AMM com muitas vit\u00f3rias e conquistas alcan\u00e7adas, mas tamb\u00e9m de turbul\u00eancias na pr\u00e1tica m\u00e9dica decorrentes da crise civilizat\u00f3ria que atravessamos, pela incorpora\u00e7\u00e3o tecnol\u00f3gica acelerada, uso da Intelig\u00eancia artificial, a mercantiliza\u00e7\u00e3o crescente e a precariza\u00e7\u00e3o do trabalho e da forma\u00e7\u00e3o e do exerc\u00edcio da Medicina, com graves dilemas \u00e9ticos no cotidiano do exerc\u00edcio profissional. E a AMM esta consciente e compromissada com a solu\u00e7\u00e3o e ou minimiza\u00e7\u00e3o de alguns desses problemas.<\/p>\n<p>Sobre as rela\u00e7\u00f5es com a Medicina do Trabalho \u00e9 importante lembrar a presen\u00e7a de um grande M\u00e9dico do Trabalho, e ex-presidente da ANAMT que nos precedeu neste lugar: o Dr. Gilberto Madeira Peixoto. \u00c9 significativo lembrar que a Medicina do Trabalho muitas vezes \u00e9 desvalorizada e vilipendiada no meio m\u00e9dico, tida como uma pr\u00e1tica pouco cient\u00edfica e perpassada por questionamentos \u00e9ticos, de que interesses econ\u00f4micos preponderam sobre aqueles dos trabalhadores.<\/p>\n<p>Assim, assistir uma M\u00e9dica do Trabalho, a primeira mulher a chegar \u00e0 Presid\u00eancia da Academia Mineira de Medicina \u00e9 motivo de j\u00fabilo a ser compartilhado.<\/p>\n<p>Os planos para a gest\u00e3o 2025-2027 s\u00e3o ambiciosos e em sintonia com o momento hist\u00f3rico que vivemos: temos um legado a cuidar e o compromisso de continuar na luta, enfrentando os m\u00faltiplos desafios do tempo presente.&#8221;<\/p>\n","protected":false},"excerpt":{"rendered":"<p>Neste Dia Internacional da Mulher, a primeira mulher eleita para a presid\u00eancia da Academia Mineira de Medicina (AMM), a m\u00e9dica do trabalho e sanitarista Dra. Elizabeth Dias aborda no texto a seguir a import\u00e2ncia da AMM, da atividade acad\u00eamica na \u00e1rea m\u00e9dica, al\u00e9m dos desafios profissionais do setor e dos planos para sua gest\u00e3o \u00e0 [&hellip;]<\/p>\n","protected":false},"author":5,"featured_media":51581,"comment_status":"closed","ping_status":"closed","sticky":false,"template":"","format":"standard","meta":{"footnotes":""},"categories":[77,8],"tags":[],"_links":{"self":[{"href":"https:\/\/www.anamt.org.br\/portal\/wp-json\/wp\/v2\/posts\/51600"}],"collection":[{"href":"https:\/\/www.anamt.org.br\/portal\/wp-json\/wp\/v2\/posts"}],"about":[{"href":"https:\/\/www.anamt.org.br\/portal\/wp-json\/wp\/v2\/types\/post"}],"author":[{"embeddable":true,"href":"https:\/\/www.anamt.org.br\/portal\/wp-json\/wp\/v2\/users\/5"}],"replies":[{"embeddable":true,"href":"https:\/\/www.anamt.org.br\/portal\/wp-json\/wp\/v2\/comments?post=51600"}],"version-history":[{"count":2,"href":"https:\/\/www.anamt.org.br\/portal\/wp-json\/wp\/v2\/posts\/51600\/revisions"}],"predecessor-version":[{"id":51602,"href":"https:\/\/www.anamt.org.br\/portal\/wp-json\/wp\/v2\/posts\/51600\/revisions\/51602"}],"wp:featuredmedia":[{"embeddable":true,"href":"https:\/\/www.anamt.org.br\/portal\/wp-json\/wp\/v2\/media\/51581"}],"wp:attachment":[{"href":"https:\/\/www.anamt.org.br\/portal\/wp-json\/wp\/v2\/media?parent=51600"}],"wp:term":[{"taxonomy":"category","embeddable":true,"href":"https:\/\/www.anamt.org.br\/portal\/wp-json\/wp\/v2\/categories?post=51600"},{"taxonomy":"post_tag","embeddable":true,"href":"https:\/\/www.anamt.org.br\/portal\/wp-json\/wp\/v2\/tags?post=51600"}],"curies":[{"name":"wp","href":"https:\/\/api.w.org\/{rel}","templated":true}]}}