{"id":51580,"date":"2025-02-27T12:38:53","date_gmt":"2025-02-27T15:38:53","guid":{"rendered":"https:\/\/www.anamt.org.br\/portal\/?p=51580"},"modified":"2025-02-27T14:12:38","modified_gmt":"2025-02-27T17:12:38","slug":"dra-elizabeth-dias-e-eleita-primeira-presidente-mulher-na-academia-mineira-de-medicina","status":"publish","type":"post","link":"https:\/\/www.anamt.org.br\/portal\/2025\/02\/27\/dra-elizabeth-dias-e-eleita-primeira-presidente-mulher-na-academia-mineira-de-medicina\/","title":{"rendered":"Dra. Elizabeth Dias \u00e9 eleita primeira mulher presidente na Academia Mineira de Medicina"},"content":{"rendered":"<p><img decoding=\"async\" class=\"size-medium wp-image-51582 alignleft\" src=\"https:\/\/www.anamt.org.br\/portal\/wp-content\/uploads\/2025\/02\/elizabethdias-287x300.png\" alt=\"\" width=\"287\" height=\"300\" srcset=\"https:\/\/www.anamt.org.br\/portal\/wp-content\/uploads\/2025\/02\/elizabethdias-200x209.png 200w, https:\/\/www.anamt.org.br\/portal\/wp-content\/uploads\/2025\/02\/elizabethdias-287x300.png 287w, https:\/\/www.anamt.org.br\/portal\/wp-content\/uploads\/2025\/02\/elizabethdias-400x418.png 400w, https:\/\/www.anamt.org.br\/portal\/wp-content\/uploads\/2025\/02\/elizabethdias.png 567w\" sizes=\"(max-width: 287px) 100vw, 287px\" \/>A m\u00e9dica do trabalho e sanitarista Dra. Elizabeth Dias foi eleita presidente da Academia Mineira de Medicina, tornando-se a primeira mulher a ocupar esse cargo na hist\u00f3ria da institui\u00e7\u00e3o. A cerim\u00f4nia de posse est\u00e1 marcada para o dia 14 de mar\u00e7o, consolidando sua trajet\u00f3ria de dedica\u00e7\u00e3o \u00e0 Medicina e \u00e0 sa\u00fade p\u00fablica.<\/p>\n<p>Com uma carreira de mais de 50 anos, Dra. Elizabeth ocupa, desde 2012, a Cadeira 10 da Academia, dedicada a Carlos Chagas, e atualmente exerce a fun\u00e7\u00e3o de vice-presidente. Sua atua\u00e7\u00e3o \u00e9 marcada pelo compromisso com a promo\u00e7\u00e3o da sa\u00fade ocupacional e pelo aprimoramento das pr\u00e1ticas m\u00e9dicas voltadas ao bem-estar dos trabalhadores.<\/p>\n<p>Com a elei\u00e7\u00e3o de Dra. Elizabeth Dias para a presid\u00eancia da Academia Mineira de Medicina, refor\u00e7a-se a import\u00e2ncia da Medicina do Trabalho no cen\u00e1rio m\u00e9dico mineiro, evidenciando sua relev\u00e2ncia para a prote\u00e7\u00e3o da sa\u00fade dos profissionais em diversas \u00e1reas.<\/p>\n","protected":false},"excerpt":{"rendered":"<p>A m\u00e9dica do trabalho e sanitarista Dra. Elizabeth Dias foi eleita presidente da Academia Mineira de Medicina, tornando-se a primeira mulher a ocupar esse cargo na hist\u00f3ria da institui\u00e7\u00e3o. A cerim\u00f4nia de posse est\u00e1 marcada para o dia 14 de mar\u00e7o, consolidando sua trajet\u00f3ria de dedica\u00e7\u00e3o \u00e0 Medicina e \u00e0 sa\u00fade p\u00fablica. Com uma carreira [&hellip;]<\/p>\n","protected":false},"author":5,"featured_media":51581,"comment_status":"closed","ping_status":"closed","sticky":false,"template":"","format":"standard","meta":{"footnotes":""},"categories":[77,8],"tags":[],"_links":{"self":[{"href":"https:\/\/www.anamt.org.br\/portal\/wp-json\/wp\/v2\/posts\/51580"}],"collection":[{"href":"https:\/\/www.anamt.org.br\/portal\/wp-json\/wp\/v2\/posts"}],"about":[{"href":"https:\/\/www.anamt.org.br\/portal\/wp-json\/wp\/v2\/types\/post"}],"author":[{"embeddable":true,"href":"https:\/\/www.anamt.org.br\/portal\/wp-json\/wp\/v2\/users\/5"}],"replies":[{"embeddable":true,"href":"https:\/\/www.anamt.org.br\/portal\/wp-json\/wp\/v2\/comments?post=51580"}],"version-history":[{"count":2,"href":"https:\/\/www.anamt.org.br\/portal\/wp-json\/wp\/v2\/posts\/51580\/revisions"}],"predecessor-version":[{"id":51584,"href":"https:\/\/www.anamt.org.br\/portal\/wp-json\/wp\/v2\/posts\/51580\/revisions\/51584"}],"wp:featuredmedia":[{"embeddable":true,"href":"https:\/\/www.anamt.org.br\/portal\/wp-json\/wp\/v2\/media\/51581"}],"wp:attachment":[{"href":"https:\/\/www.anamt.org.br\/portal\/wp-json\/wp\/v2\/media?parent=51580"}],"wp:term":[{"taxonomy":"category","embeddable":true,"href":"https:\/\/www.anamt.org.br\/portal\/wp-json\/wp\/v2\/categories?post=51580"},{"taxonomy":"post_tag","embeddable":true,"href":"https:\/\/www.anamt.org.br\/portal\/wp-json\/wp\/v2\/tags?post=51580"}],"curies":[{"name":"wp","href":"https:\/\/api.w.org\/{rel}","templated":true}]}}