{"id":51536,"date":"2025-02-06T11:32:10","date_gmt":"2025-02-06T14:32:10","guid":{"rendered":"https:\/\/www.anamt.org.br\/portal\/?p=51536"},"modified":"2025-02-06T11:32:10","modified_gmt":"2025-02-06T14:32:10","slug":"dr-sergio-de-lucca-assume-como-editor-chefe-da-rbmt","status":"publish","type":"post","link":"https:\/\/www.anamt.org.br\/portal\/2025\/02\/06\/dr-sergio-de-lucca-assume-como-editor-chefe-da-rbmt\/","title":{"rendered":"Dr. S\u00e9rgio de Lucca assume como editor-chefe da RBMT"},"content":{"rendered":"<p><img decoding=\"async\" class=\"size-medium wp-image-51537 alignleft\" src=\"https:\/\/www.anamt.org.br\/portal\/wp-content\/uploads\/2025\/02\/WhatsApp-Image-2025-02-06-at-11.14.53-300x251.jpeg\" alt=\"\" width=\"300\" height=\"251\" srcset=\"https:\/\/www.anamt.org.br\/portal\/wp-content\/uploads\/2025\/02\/WhatsApp-Image-2025-02-06-at-11.14.53-200x167.jpeg 200w, https:\/\/www.anamt.org.br\/portal\/wp-content\/uploads\/2025\/02\/WhatsApp-Image-2025-02-06-at-11.14.53-300x251.jpeg 300w, https:\/\/www.anamt.org.br\/portal\/wp-content\/uploads\/2025\/02\/WhatsApp-Image-2025-02-06-at-11.14.53-400x334.jpeg 400w, https:\/\/www.anamt.org.br\/portal\/wp-content\/uploads\/2025\/02\/WhatsApp-Image-2025-02-06-at-11.14.53-600x501.jpeg 600w, https:\/\/www.anamt.org.br\/portal\/wp-content\/uploads\/2025\/02\/WhatsApp-Image-2025-02-06-at-11.14.53-768x642.jpeg 768w, https:\/\/www.anamt.org.br\/portal\/wp-content\/uploads\/2025\/02\/WhatsApp-Image-2025-02-06-at-11.14.53-800x669.jpeg 800w, https:\/\/www.anamt.org.br\/portal\/wp-content\/uploads\/2025\/02\/WhatsApp-Image-2025-02-06-at-11.14.53-1024x856.jpeg 1024w, https:\/\/www.anamt.org.br\/portal\/wp-content\/uploads\/2025\/02\/WhatsApp-Image-2025-02-06-at-11.14.53-1200x1003.jpeg 1200w, https:\/\/www.anamt.org.br\/portal\/wp-content\/uploads\/2025\/02\/WhatsApp-Image-2025-02-06-at-11.14.53-1536x1284.jpeg 1536w, https:\/\/www.anamt.org.br\/portal\/wp-content\/uploads\/2025\/02\/WhatsApp-Image-2025-02-06-at-11.14.53.jpeg 1600w\" sizes=\"(max-width: 300px) 100vw, 300px\" \/><\/p>\n<p>A Revista Brasileira de Medicina do Trabalho passou por uma reformula\u00e7\u00e3o em seu corpo editorial, desde o final do ano passado, recebeu como editor-chefe o Dr. S\u00e9rgio Roberto de Lucca. O novo editor \u00e9 m\u00e9dico do trabalho, professor associado da \u00e1rea de Sa\u00fade do Trabalhador do Departamento de Sa\u00fade Coletiva da FCM-Unicamp, pesquisador sobre Fatores Psicossociais no Trabalho; Sa\u00fade Mental e Transtornos Mentais; S\u00edndrome de Burnout; e Viol\u00eancias e Ass\u00e9dio Moral no Trabalho. Al\u00e9m disso, \u00e9 coordenador do Laborat\u00f3rio de Estudos de Sa\u00fade e Trabalho da FCM-Unicamp e do Observat\u00f3rio Nacional de Sa\u00fade Mental Trabalho (OBNSMT) e autor do livro \u201cFatores Psicossociais e Sa\u00fade Mental no Trabalho: instrumentos de diagn\u00f3stico e interven\u00e7\u00e3o\u201d.<\/p>\n<p>Na entrevista, o Dr. S\u00e9rgio destacou a caracter\u00edstica plural da RBMT, que abarca temas na \u00e1rea de medicina do trabalho, sa\u00fade ocupacional e do trabalhador que podem e devem ser abordados por profissionais de diferentes \u00e1reas de conhecimento:<\/p>\n<p>\u201cApesar de ser uma publica\u00e7\u00e3o da ANAMT, \u00e9 muito importante que a gente destaque e reforce sua pluralidade, no sentido de que ela \u00e9 para todos os profissionais de sa\u00fade ocupacional e do trabalhador. Dentro das empresas n\u00f3s temos o SESMT, cujas equipes s\u00e3o multiprofissionais, e isso se reflete tamb\u00e9m em nosso conselho editorial, que \u00e9 formado por profissionais da Enfermagem, da Fisioterapia e demais profissionais muito qualificados em suas \u00e1reas de atua\u00e7\u00e3o\u201d.<\/p>\n<p>A RBMT \u00e9 uma publica\u00e7\u00e3o de impacto nacional e internacional, indexada em diversas bases de dados, e recebe artigos de diversos pa\u00edses. Todos os artigos passam por uma rigorosa revis\u00e3o de pares e sele\u00e7\u00e3o, em um processo minucioso e que demanda bastante dedica\u00e7\u00e3o da equipe. A publica\u00e7\u00e3o est\u00e1 entre as principais revistas brasileiras da \u00e1rea e tem como miss\u00e3o manter o debate atualizado na comunidade \u2013 entre os M\u00e9dicos do Trabalho e demais profissionais da sa\u00fade.<\/p>\n<p>\u201cTemos que ter a sensibilidade de perceber o que est\u00e1 acontecendo na sociedade e trazer uma informa\u00e7\u00e3o do ponto de vista cient\u00edfico para todos. Por isso, precisamos refor\u00e7ar que a revista tem o acesso aberto para qualquer pessoa. Ao longo do \u00faltimo ano fizemos diversas adapta\u00e7\u00f5es que a colocaram no padr\u00e3o das principais revistas cient\u00edfica, o que \u00e9 um privil\u00e9gio\u201d, afirma Dr. S\u00e9rgio.<\/p>\n<p>Chamado para dossi\u00ea sobre Fatores Psicossociais<\/p>\n<p>Sobre a responsabilidade de manter o debate cient\u00edfico atualizado, a RBMT est\u00e1 fazendo um chamado para o recebimento de artigos para sua pr\u00f3xima edi\u00e7\u00e3o, que ser\u00e1 um dossi\u00ea sobre fatores psicossociais. Para enviar seu trabalho, acesse o site da revista por <a href=\"https:\/\/rbmt.org.br\/\" target=\"_blank\" rel=\"noopener\"><strong>este link<\/strong><\/a>.<\/p>\n<p>A reda\u00e7\u00e3o da NR-1 foi atualizada em agosto de 2024 e incluiu os fatores psicossociais no Programa de Gerenciamento de Riscos (PGR), destacando a import\u00e2ncia da sa\u00fade mental no contexto da seguran\u00e7a e sa\u00fade ocupacional. A nova reda\u00e7\u00e3o entrar\u00e1 em vigor em 25 de maio deste ano.<\/p>\n<p>\u201cA partir de maio, todas as empresas v\u00e3o ser fiscalizadas sobre esse assunto e ter\u00e3o que mostrar a gest\u00e3o sobre os fatores psicossociais, o que elas est\u00e3o considerando nos ambientes de trabalho. Por isso, achamos extremamente relevante esse suplemento, para subs\u00eddio para as empresas poderem fazer esse trabalho\u201d, ressalta o editor-chefe da RBMT.<\/p>\n","protected":false},"excerpt":{"rendered":"<p>A Revista Brasileira de Medicina do Trabalho passou por uma reformula\u00e7\u00e3o em seu corpo editorial, desde o final do ano passado, recebeu como editor-chefe o Dr. S\u00e9rgio Roberto de Lucca. O novo editor \u00e9 m\u00e9dico do trabalho, professor associado da \u00e1rea de Sa\u00fade do Trabalhador do Departamento de Sa\u00fade Coletiva da FCM-Unicamp, pesquisador sobre Fatores [&hellip;]<\/p>\n","protected":false},"author":5,"featured_media":34757,"comment_status":"closed","ping_status":"closed","sticky":false,"template":"","format":"standard","meta":{"footnotes":""},"categories":[77,8],"tags":[],"_links":{"self":[{"href":"https:\/\/www.anamt.org.br\/portal\/wp-json\/wp\/v2\/posts\/51536"}],"collection":[{"href":"https:\/\/www.anamt.org.br\/portal\/wp-json\/wp\/v2\/posts"}],"about":[{"href":"https:\/\/www.anamt.org.br\/portal\/wp-json\/wp\/v2\/types\/post"}],"author":[{"embeddable":true,"href":"https:\/\/www.anamt.org.br\/portal\/wp-json\/wp\/v2\/users\/5"}],"replies":[{"embeddable":true,"href":"https:\/\/www.anamt.org.br\/portal\/wp-json\/wp\/v2\/comments?post=51536"}],"version-history":[{"count":1,"href":"https:\/\/www.anamt.org.br\/portal\/wp-json\/wp\/v2\/posts\/51536\/revisions"}],"predecessor-version":[{"id":51538,"href":"https:\/\/www.anamt.org.br\/portal\/wp-json\/wp\/v2\/posts\/51536\/revisions\/51538"}],"wp:featuredmedia":[{"embeddable":true,"href":"https:\/\/www.anamt.org.br\/portal\/wp-json\/wp\/v2\/media\/34757"}],"wp:attachment":[{"href":"https:\/\/www.anamt.org.br\/portal\/wp-json\/wp\/v2\/media?parent=51536"}],"wp:term":[{"taxonomy":"category","embeddable":true,"href":"https:\/\/www.anamt.org.br\/portal\/wp-json\/wp\/v2\/categories?post=51536"},{"taxonomy":"post_tag","embeddable":true,"href":"https:\/\/www.anamt.org.br\/portal\/wp-json\/wp\/v2\/tags?post=51536"}],"curies":[{"name":"wp","href":"https:\/\/api.w.org\/{rel}","templated":true}]}}