{"id":51518,"date":"2025-01-30T09:55:35","date_gmt":"2025-01-30T12:55:35","guid":{"rendered":"https:\/\/www.anamt.org.br\/portal\/?p=51518"},"modified":"2025-07-31T15:03:53","modified_gmt":"2025-07-31T18:03:53","slug":"22o-congresso-nacional-anamt-agomt-e-anamt-se-reunem-em-goiania","status":"publish","type":"post","link":"https:\/\/www.anamt.org.br\/portal\/2025\/01\/30\/22o-congresso-nacional-anamt-agomt-e-anamt-se-reunem-em-goiania\/","title":{"rendered":"22\u00ba Congresso Nacional ANAMT: AGOMT e ANAMT se re\u00fanem em Goi\u00e2nia"},"content":{"rendered":"<p>A ANAMT e a Associa\u00e7\u00e3o Goiana de Medicina do Trabalho (AGOMT), federada da Associa\u00e7\u00e3o em Goi\u00e1s, se reuniram em Goi\u00e2nia (GO) no dia 27 de janeiro. O 22\u00ba Congresso Nacional ANAMT foi o tema abordado no encontro. O evento ser\u00e1 realizado na capital goiana entre os das 1\u00ba e 4 de outubro deste ano.<\/p>\n<p><img decoding=\"async\" class=\"wp-image-51519 size-fusion-600 aligncenter\" src=\"https:\/\/www.anamt.org.br\/portal\/wp-content\/uploads\/2025\/01\/WhatsApp-Image-2025-01-30-at-09.31.17-600x800.jpeg\" alt=\"\" width=\"600\" height=\"800\" srcset=\"https:\/\/www.anamt.org.br\/portal\/wp-content\/uploads\/2025\/01\/WhatsApp-Image-2025-01-30-at-09.31.17-200x267.jpeg 200w, https:\/\/www.anamt.org.br\/portal\/wp-content\/uploads\/2025\/01\/WhatsApp-Image-2025-01-30-at-09.31.17-225x300.jpeg 225w, https:\/\/www.anamt.org.br\/portal\/wp-content\/uploads\/2025\/01\/WhatsApp-Image-2025-01-30-at-09.31.17-400x533.jpeg 400w, https:\/\/www.anamt.org.br\/portal\/wp-content\/uploads\/2025\/01\/WhatsApp-Image-2025-01-30-at-09.31.17-600x800.jpeg 600w, https:\/\/www.anamt.org.br\/portal\/wp-content\/uploads\/2025\/01\/WhatsApp-Image-2025-01-30-at-09.31.17-768x1024.jpeg 768w, https:\/\/www.anamt.org.br\/portal\/wp-content\/uploads\/2025\/01\/WhatsApp-Image-2025-01-30-at-09.31.17-800x1067.jpeg 800w, https:\/\/www.anamt.org.br\/portal\/wp-content\/uploads\/2025\/01\/WhatsApp-Image-2025-01-30-at-09.31.17.jpeg 960w\" sizes=\"(max-width: 600px) 100vw, 600px\" \/><\/p>\n<p><img decoding=\"async\" class=\"wp-image-51520 size-fusion-600 aligncenter\" src=\"https:\/\/www.anamt.org.br\/portal\/wp-content\/uploads\/2025\/01\/WhatsApp-Image-2025-01-30-at-09.31.16-600x450.jpeg\" alt=\"\" width=\"600\" height=\"450\" srcset=\"https:\/\/www.anamt.org.br\/portal\/wp-content\/uploads\/2025\/01\/WhatsApp-Image-2025-01-30-at-09.31.16-200x150.jpeg 200w, https:\/\/www.anamt.org.br\/portal\/wp-content\/uploads\/2025\/01\/WhatsApp-Image-2025-01-30-at-09.31.16-300x225.jpeg 300w, https:\/\/www.anamt.org.br\/portal\/wp-content\/uploads\/2025\/01\/WhatsApp-Image-2025-01-30-at-09.31.16-400x300.jpeg 400w, https:\/\/www.anamt.org.br\/portal\/wp-content\/uploads\/2025\/01\/WhatsApp-Image-2025-01-30-at-09.31.16-600x450.jpeg 600w, https:\/\/www.anamt.org.br\/portal\/wp-content\/uploads\/2025\/01\/WhatsApp-Image-2025-01-30-at-09.31.16-768x576.jpeg 768w, https:\/\/www.anamt.org.br\/portal\/wp-content\/uploads\/2025\/01\/WhatsApp-Image-2025-01-30-at-09.31.16-800x600.jpeg 800w, https:\/\/www.anamt.org.br\/portal\/wp-content\/uploads\/2025\/01\/WhatsApp-Image-2025-01-30-at-09.31.16-1024x768.jpeg 1024w, https:\/\/www.anamt.org.br\/portal\/wp-content\/uploads\/2025\/01\/WhatsApp-Image-2025-01-30-at-09.31.16-1200x900.jpeg 1200w, https:\/\/www.anamt.org.br\/portal\/wp-content\/uploads\/2025\/01\/WhatsApp-Image-2025-01-30-at-09.31.16.jpeg 1280w\" sizes=\"(max-width: 600px) 100vw, 600px\" \/><\/p>\n","protected":false},"excerpt":{"rendered":"<p>A ANAMT e a Associa\u00e7\u00e3o Goiana de Medicina do Trabalho (AGOMT), federada da Associa\u00e7\u00e3o em Goi\u00e1s, se reuniram em Goi\u00e2nia (GO) no dia 27 de janeiro. O 22\u00ba Congresso Nacional ANAMT foi o tema abordado no encontro. O evento ser\u00e1 realizado na capital goiana entre os das 1\u00ba e 4 de outubro deste ano.<\/p>\n","protected":false},"author":5,"featured_media":51493,"comment_status":"closed","ping_status":"closed","sticky":false,"template":"","format":"standard","meta":{"footnotes":""},"categories":[272,77,8],"tags":[],"_links":{"self":[{"href":"https:\/\/www.anamt.org.br\/portal\/wp-json\/wp\/v2\/posts\/51518"}],"collection":[{"href":"https:\/\/www.anamt.org.br\/portal\/wp-json\/wp\/v2\/posts"}],"about":[{"href":"https:\/\/www.anamt.org.br\/portal\/wp-json\/wp\/v2\/types\/post"}],"author":[{"embeddable":true,"href":"https:\/\/www.anamt.org.br\/portal\/wp-json\/wp\/v2\/users\/5"}],"replies":[{"embeddable":true,"href":"https:\/\/www.anamt.org.br\/portal\/wp-json\/wp\/v2\/comments?post=51518"}],"version-history":[{"count":1,"href":"https:\/\/www.anamt.org.br\/portal\/wp-json\/wp\/v2\/posts\/51518\/revisions"}],"predecessor-version":[{"id":51521,"href":"https:\/\/www.anamt.org.br\/portal\/wp-json\/wp\/v2\/posts\/51518\/revisions\/51521"}],"wp:featuredmedia":[{"embeddable":true,"href":"https:\/\/www.anamt.org.br\/portal\/wp-json\/wp\/v2\/media\/51493"}],"wp:attachment":[{"href":"https:\/\/www.anamt.org.br\/portal\/wp-json\/wp\/v2\/media?parent=51518"}],"wp:term":[{"taxonomy":"category","embeddable":true,"href":"https:\/\/www.anamt.org.br\/portal\/wp-json\/wp\/v2\/categories?post=51518"},{"taxonomy":"post_tag","embeddable":true,"href":"https:\/\/www.anamt.org.br\/portal\/wp-json\/wp\/v2\/tags?post=51518"}],"curies":[{"name":"wp","href":"https:\/\/api.w.org\/{rel}","templated":true}]}}