{"id":51516,"date":"2025-01-30T08:29:11","date_gmt":"2025-01-30T11:29:11","guid":{"rendered":"https:\/\/www.anamt.org.br\/portal\/?p=51516"},"modified":"2025-01-30T08:29:11","modified_gmt":"2025-01-30T11:29:11","slug":"webinarios-anamt-nova-edicao-aborda-riscos-psicossociais","status":"publish","type":"post","link":"https:\/\/www.anamt.org.br\/portal\/2025\/01\/30\/webinarios-anamt-nova-edicao-aborda-riscos-psicossociais\/","title":{"rendered":"Webin\u00e1rios ANAMT: nova edi\u00e7\u00e3o aborda Riscos Psicossociais"},"content":{"rendered":"<p>No dia 10 de fevereiro, a ANAMT realizar\u00e1 uma nova edi\u00e7\u00e3o do Webin\u00e1rios ANAMT, \u00e0s 20h. A transmiss\u00e3o abordar\u00e1 o tema Riscos Psicossociais. Participar\u00e3o Dr. Gustavo Franco Veloso, M\u00e9dico do Trabalho do TRT da 3\u00aa Regi\u00e3o, e Dra. Rosylane Rocha, diretora cient\u00edfica da ANAMT.<\/p>\n<p>O evento ser\u00e1 transmitido ao vivo pela ANAMT Virtual, plataforma de educa\u00e7\u00e3o continuada da Associa\u00e7\u00e3o.<\/p>\n<p>O acesso \u00e0 ANAMT Virtual \u00e9 um benef\u00edcio exclusivo de todos os associados adimplentes da entidade. Para acompanhar, acesse: <a href=\"http:\/\/www.anamt.virtual.org.br\/\" target=\"_blank\" rel=\"noopener\">anamt.virtual.org.br<\/a>.<\/p>\n","protected":false},"excerpt":{"rendered":"<p>No dia 10 de fevereiro, a ANAMT realizar\u00e1 uma nova edi\u00e7\u00e3o do Webin\u00e1rios ANAMT, \u00e0s 20h. A transmiss\u00e3o abordar\u00e1 o tema Riscos Psicossociais. Participar\u00e3o Dr. Gustavo Franco Veloso, M\u00e9dico do Trabalho do TRT da 3\u00aa Regi\u00e3o, e Dra. Rosylane Rocha, diretora cient\u00edfica da ANAMT. O evento ser\u00e1 transmitido ao vivo pela ANAMT Virtual, plataforma de [&hellip;]<\/p>\n","protected":false},"author":5,"featured_media":48059,"comment_status":"closed","ping_status":"closed","sticky":false,"template":"","format":"standard","meta":{"footnotes":""},"categories":[77,8],"tags":[],"_links":{"self":[{"href":"https:\/\/www.anamt.org.br\/portal\/wp-json\/wp\/v2\/posts\/51516"}],"collection":[{"href":"https:\/\/www.anamt.org.br\/portal\/wp-json\/wp\/v2\/posts"}],"about":[{"href":"https:\/\/www.anamt.org.br\/portal\/wp-json\/wp\/v2\/types\/post"}],"author":[{"embeddable":true,"href":"https:\/\/www.anamt.org.br\/portal\/wp-json\/wp\/v2\/users\/5"}],"replies":[{"embeddable":true,"href":"https:\/\/www.anamt.org.br\/portal\/wp-json\/wp\/v2\/comments?post=51516"}],"version-history":[{"count":1,"href":"https:\/\/www.anamt.org.br\/portal\/wp-json\/wp\/v2\/posts\/51516\/revisions"}],"predecessor-version":[{"id":51517,"href":"https:\/\/www.anamt.org.br\/portal\/wp-json\/wp\/v2\/posts\/51516\/revisions\/51517"}],"wp:featuredmedia":[{"embeddable":true,"href":"https:\/\/www.anamt.org.br\/portal\/wp-json\/wp\/v2\/media\/48059"}],"wp:attachment":[{"href":"https:\/\/www.anamt.org.br\/portal\/wp-json\/wp\/v2\/media?parent=51516"}],"wp:term":[{"taxonomy":"category","embeddable":true,"href":"https:\/\/www.anamt.org.br\/portal\/wp-json\/wp\/v2\/categories?post=51516"},{"taxonomy":"post_tag","embeddable":true,"href":"https:\/\/www.anamt.org.br\/portal\/wp-json\/wp\/v2\/tags?post=51516"}],"curies":[{"name":"wp","href":"https:\/\/api.w.org\/{rel}","templated":true}]}}