{"id":50638,"date":"2024-11-25T08:26:54","date_gmt":"2024-11-25T11:26:54","guid":{"rendered":"https:\/\/www.anamt.org.br\/portal\/?p=50638"},"modified":"2024-11-25T08:26:54","modified_gmt":"2024-11-25T11:26:54","slug":"anamt-divulga-nota-de-repudio-contra-casos-de-violencia-contra-medicos-nos-locais-de-trabalho","status":"publish","type":"post","link":"https:\/\/www.anamt.org.br\/portal\/2024\/11\/25\/anamt-divulga-nota-de-repudio-contra-casos-de-violencia-contra-medicos-nos-locais-de-trabalho\/","title":{"rendered":"ANAMT divulga nota de rep\u00fadio contra casos de viol\u00eancia contra m\u00e9dicos nos locais de trabalho"},"content":{"rendered":"<p>A ANAMT divulgou uma nota sobre casos de viol\u00eancia contra m\u00e9dicos nos seus locais de trabalho. Este m\u00eas, um m\u00e9dico faleceu em Douradina (MS) ap\u00f3s ser esfaqueado no consult\u00f3rio em que trabalhava. O caso, de acordo com informa\u00e7\u00f5es do <a href=\"https:\/\/portal.cfm.org.br\/noticias\/cfm-repudia-violencia-contra-medicos-em-unidades-de-saude-do-pais-e-cobra-gestores\" target=\"_blank\" rel=\"noopener\">Conselho Federal de Medicina (CFM)<\/a>, \u00e9 um dos 38 mil registrados pela Pol\u00edcia Civil desde 2013. Confira a seguir a nota na \u00edntegra:<\/p>\n<blockquote>\n<p style=\"text-align: center;\">\nANAMT repudia casos de viol\u00eancia contra m\u00e9dicos nos locais de trabalho<\/p>\n<p>A Associa\u00e7\u00e3o Nacional de Medicina do Trabalho (ANAMT) manifesta o mais veemente rep\u00fadio aos crescentes casos de viol\u00eancia contra m\u00e9dicos no exerc\u00edcio de sua profiss\u00e3o em todo o territ\u00f3rio nacional. Esses epis\u00f3dios n\u00e3o apenas colocam em risco a integridade f\u00edsica e emocional dos profissionais, mas tamb\u00e9m comprometem o pleno funcionamento do sistema de sa\u00fade e o cuidado adequado \u00e0 popula\u00e7\u00e3o.<\/p>\n<p>No dia 18 de novembro, um novo caso ocorreu em Douradina (MS), cidade em que um m\u00e9dico faleceu ap\u00f3s ser esfaqueado no consult\u00f3rio em que trabalhava. Este \u00e9, segundo informa\u00e7\u00f5es do Conselho Federal de Medicina (CFM), um dos 38 mil registrados pela Pol\u00edcia Civil desde 2013, o que representa que um m\u00e9dico \u00e9 v\u00edtima de viol\u00eancia no trabalho a cada tr\u00eas horas. Reiteramos que ningu\u00e9m deve sofrer qualquer tipo de viol\u00eancia no ambiente de trabalho, especialmente aqueles que est\u00e3o na linha de frente para garantir a sa\u00fade e a vida de todos.<\/p>\n<p>Como a maior entidade da Am\u00e9rica Latina voltada para a promo\u00e7\u00e3o da sa\u00fade dos trabalhadores, o que abrange os m\u00e9dicos de todas as especialidades, a ANAMT se solidariza com os profissionais que s\u00e3o v\u00edtimas desses casos e reafirma seu compromisso de lutar pela prote\u00e7\u00e3o e valoriza\u00e7\u00e3o da classe m\u00e9dica, bem como por condi\u00e7\u00f5es dignas de trabalho que respeitem a integridade f\u00edsica, mental e profissional dos m\u00e9dicos.<\/p>\n<p>Tamb\u00e9m ressaltamos a import\u00e2ncia da seguran\u00e7a efetiva para m\u00e9dicos e demais profissionais de sa\u00fade nos locais de trabalho nas empresas, no sistema privado e no Sistema \u00danico de Sa\u00fade (SUS), com oferta adequada de infraestrutura para os atendimentos, a\u00e7\u00f5es de conscientiza\u00e7\u00e3o da popula\u00e7\u00e3o sobre o tema e puni\u00e7\u00f5es decorrentes das a\u00e7\u00f5es violentas.<\/p><\/blockquote>\n","protected":false},"excerpt":{"rendered":"<p>A ANAMT divulgou uma nota sobre casos de viol\u00eancia contra m\u00e9dicos nos seus locais de trabalho. Este m\u00eas, um m\u00e9dico faleceu em Douradina (MS) ap\u00f3s ser esfaqueado no consult\u00f3rio em que trabalhava. O caso, de acordo com informa\u00e7\u00f5es do Conselho Federal de Medicina (CFM), \u00e9 um dos 38 mil registrados pela Pol\u00edcia Civil desde 2013. [&hellip;]<\/p>\n","protected":false},"author":5,"featured_media":48293,"comment_status":"closed","ping_status":"closed","sticky":false,"template":"","format":"standard","meta":{"footnotes":""},"categories":[77,8],"tags":[],"_links":{"self":[{"href":"https:\/\/www.anamt.org.br\/portal\/wp-json\/wp\/v2\/posts\/50638"}],"collection":[{"href":"https:\/\/www.anamt.org.br\/portal\/wp-json\/wp\/v2\/posts"}],"about":[{"href":"https:\/\/www.anamt.org.br\/portal\/wp-json\/wp\/v2\/types\/post"}],"author":[{"embeddable":true,"href":"https:\/\/www.anamt.org.br\/portal\/wp-json\/wp\/v2\/users\/5"}],"replies":[{"embeddable":true,"href":"https:\/\/www.anamt.org.br\/portal\/wp-json\/wp\/v2\/comments?post=50638"}],"version-history":[{"count":1,"href":"https:\/\/www.anamt.org.br\/portal\/wp-json\/wp\/v2\/posts\/50638\/revisions"}],"predecessor-version":[{"id":50639,"href":"https:\/\/www.anamt.org.br\/portal\/wp-json\/wp\/v2\/posts\/50638\/revisions\/50639"}],"wp:featuredmedia":[{"embeddable":true,"href":"https:\/\/www.anamt.org.br\/portal\/wp-json\/wp\/v2\/media\/48293"}],"wp:attachment":[{"href":"https:\/\/www.anamt.org.br\/portal\/wp-json\/wp\/v2\/media?parent=50638"}],"wp:term":[{"taxonomy":"category","embeddable":true,"href":"https:\/\/www.anamt.org.br\/portal\/wp-json\/wp\/v2\/categories?post=50638"},{"taxonomy":"post_tag","embeddable":true,"href":"https:\/\/www.anamt.org.br\/portal\/wp-json\/wp\/v2\/tags?post=50638"}],"curies":[{"name":"wp","href":"https:\/\/api.w.org\/{rel}","templated":true}]}}