{"id":50615,"date":"2024-11-11T08:21:30","date_gmt":"2024-11-11T11:21:30","guid":{"rendered":"https:\/\/www.anamt.org.br\/portal\/?p=50615"},"modified":"2024-11-14T08:39:51","modified_gmt":"2024-11-14T11:39:51","slug":"anamt-participa-da-30a-jornada-gaucha-de-medicina-do-trabalho","status":"publish","type":"post","link":"https:\/\/www.anamt.org.br\/portal\/2024\/11\/11\/anamt-participa-da-30a-jornada-gaucha-de-medicina-do-trabalho\/","title":{"rendered":"ANAMT participa da 30\u00aa Jornada Ga\u00facha de Medicina do Trabalho"},"content":{"rendered":"<p>O presidente da ANAMT, Dr. Francisco Fernandes, participou da 30\u00aa Jornada Ga\u00facha de Medicina do Trabalho, evento da Sociedade Ga\u00facha de Medicina do Trabalho (SOGAMT) realizado nos dias 8 e 9 de novembro em Porto Alegre (RS).<\/p>\n<p>Homenagem p\u00f3stuma<\/p>\n<p>Profissional not\u00e1vel na medicina do trabalho, Dr. M\u00e1rio Jos\u00e9 Azambuja Dias Fernandes (1939-2024) foi homenageado pela SOGAMT no evento. Dra. Indira Valente Reyes, presidente da Sociedade, destacou a atua\u00e7\u00e3o do m\u00e9dico.<\/p>\n<p>Com mais de 50 anos de formado, Dr. M\u00e1rio Fernandes foi Secret\u00e1rio Cient\u00edfico da SOGAMT em 1992 e 1993 e presidiu a Sociedade entre 1994 e 1995. &#8220;Dr. M\u00e1rio era conselheiro da SOGAMT e um grande amigo de todos os parceiros da institui\u00e7\u00e3o, principalmente dos nossos conselheiros mais antigos, que dividiram esse per\u00edodo com ele. Ele sempre foi uma refer\u00eancia para n\u00f3s, como m\u00e9dico e profissional, uma inspira\u00e7\u00e3o para os m\u00e9dicos ga\u00fachos&#8221;, ressaltou Dra. Indira.<\/p>\n<p>A presidente da SOGAMT tamb\u00e9m fez refer\u00eancia \u00e0 homenagem que Dr. M\u00e1rio Fernandes recebeu na 26\u00aa Jornada Ga\u00facha de Medicina do Trabalho e 1\u00ba Congresso Sogamt de Sa\u00fade e Seguran\u00e7a Ocupacional, que aconteceu nos dias 24 a 26 de outubro de 2019, quando ele foi convidado para coordenar a entrada das bandeiras junto com mais duas m\u00e9dicas. Ao ser chamado para a mesa de abertura, Dr. M\u00e1rio entrou com a bandeira do Rio Grande do Sul e, na ocasi\u00e3o, foi homenageado pelo mestre de cerim\u00f4nia.<\/p>\n<p>&#8220;Ao completar 80 anos de idade, no Dia do M\u00e9dico naquele ano de 2019, Dr. M\u00e1rio recebeu uma homenagem do CRM do Rio Grande do Sul por ser m\u00e9dico formado h\u00e1 mais de 50 anos sem nunca ter tido um processo \u00e9tico disciplinar. &#8216;Parab\u00e9ns Dr. M\u00e1rio, pois \u00e9 um orgulho para nossa sociedade&#8217;, parabenizou, na ocasi\u00e3o, o CRM Ga\u00facho.&#8217;, recordou Dra. Indira, ao destacar a import\u00e2ncia da informa\u00e7\u00e3o considerando que \u00e0 \u00e9poca da gest\u00e3o 2018 a 2019 a SOGAMT tamb\u00e9m estava completando o cinquenten\u00e1rio da Institui\u00e7\u00e3o.<\/p>\n<p><img decoding=\"async\" class=\"aligncenter wp-image-50616 size-fusion-600\" src=\"https:\/\/www.anamt.org.br\/portal\/wp-content\/uploads\/2024\/11\/WhatsApp-Image-2024-11-09-at-09.31.21-600x450.jpeg\" alt=\"\" width=\"600\" height=\"450\" srcset=\"https:\/\/www.anamt.org.br\/portal\/wp-content\/uploads\/2024\/11\/WhatsApp-Image-2024-11-09-at-09.31.21-200x150.jpeg 200w, https:\/\/www.anamt.org.br\/portal\/wp-content\/uploads\/2024\/11\/WhatsApp-Image-2024-11-09-at-09.31.21-300x225.jpeg 300w, https:\/\/www.anamt.org.br\/portal\/wp-content\/uploads\/2024\/11\/WhatsApp-Image-2024-11-09-at-09.31.21-400x300.jpeg 400w, https:\/\/www.anamt.org.br\/portal\/wp-content\/uploads\/2024\/11\/WhatsApp-Image-2024-11-09-at-09.31.21-600x450.jpeg 600w, https:\/\/www.anamt.org.br\/portal\/wp-content\/uploads\/2024\/11\/WhatsApp-Image-2024-11-09-at-09.31.21-768x576.jpeg 768w, https:\/\/www.anamt.org.br\/portal\/wp-content\/uploads\/2024\/11\/WhatsApp-Image-2024-11-09-at-09.31.21-800x600.jpeg 800w, https:\/\/www.anamt.org.br\/portal\/wp-content\/uploads\/2024\/11\/WhatsApp-Image-2024-11-09-at-09.31.21-1024x768.jpeg 1024w, https:\/\/www.anamt.org.br\/portal\/wp-content\/uploads\/2024\/11\/WhatsApp-Image-2024-11-09-at-09.31.21-1200x900.jpeg 1200w, https:\/\/www.anamt.org.br\/portal\/wp-content\/uploads\/2024\/11\/WhatsApp-Image-2024-11-09-at-09.31.21.jpeg 1280w\" sizes=\"(max-width: 600px) 100vw, 600px\" \/><\/p>\n<p><img decoding=\"async\" class=\"aligncenter wp-image-50617 size-fusion-600\" src=\"https:\/\/www.anamt.org.br\/portal\/wp-content\/uploads\/2024\/11\/WhatsApp-Image-2024-11-09-at-09.31.04-600x450.jpeg\" alt=\"\" width=\"600\" height=\"450\" srcset=\"https:\/\/www.anamt.org.br\/portal\/wp-content\/uploads\/2024\/11\/WhatsApp-Image-2024-11-09-at-09.31.04-200x150.jpeg 200w, https:\/\/www.anamt.org.br\/portal\/wp-content\/uploads\/2024\/11\/WhatsApp-Image-2024-11-09-at-09.31.04-300x225.jpeg 300w, https:\/\/www.anamt.org.br\/portal\/wp-content\/uploads\/2024\/11\/WhatsApp-Image-2024-11-09-at-09.31.04-400x300.jpeg 400w, https:\/\/www.anamt.org.br\/portal\/wp-content\/uploads\/2024\/11\/WhatsApp-Image-2024-11-09-at-09.31.04-600x450.jpeg 600w, https:\/\/www.anamt.org.br\/portal\/wp-content\/uploads\/2024\/11\/WhatsApp-Image-2024-11-09-at-09.31.04-768x576.jpeg 768w, https:\/\/www.anamt.org.br\/portal\/wp-content\/uploads\/2024\/11\/WhatsApp-Image-2024-11-09-at-09.31.04-800x600.jpeg 800w, https:\/\/www.anamt.org.br\/portal\/wp-content\/uploads\/2024\/11\/WhatsApp-Image-2024-11-09-at-09.31.04-1024x768.jpeg 1024w, https:\/\/www.anamt.org.br\/portal\/wp-content\/uploads\/2024\/11\/WhatsApp-Image-2024-11-09-at-09.31.04-1200x900.jpeg 1200w, https:\/\/www.anamt.org.br\/portal\/wp-content\/uploads\/2024\/11\/WhatsApp-Image-2024-11-09-at-09.31.04.jpeg 1280w\" sizes=\"(max-width: 600px) 100vw, 600px\" \/><\/p>\n<p><img decoding=\"async\" class=\"aligncenter wp-image-50618 size-fusion-400\" src=\"https:\/\/www.anamt.org.br\/portal\/wp-content\/uploads\/2024\/11\/WhatsApp-Image-2024-11-09-at-09.30.51-400x533.jpeg\" alt=\"\" width=\"400\" height=\"533\" srcset=\"https:\/\/www.anamt.org.br\/portal\/wp-content\/uploads\/2024\/11\/WhatsApp-Image-2024-11-09-at-09.30.51-200x267.jpeg 200w, https:\/\/www.anamt.org.br\/portal\/wp-content\/uploads\/2024\/11\/WhatsApp-Image-2024-11-09-at-09.30.51-225x300.jpeg 225w, https:\/\/www.anamt.org.br\/portal\/wp-content\/uploads\/2024\/11\/WhatsApp-Image-2024-11-09-at-09.30.51-400x533.jpeg 400w, https:\/\/www.anamt.org.br\/portal\/wp-content\/uploads\/2024\/11\/WhatsApp-Image-2024-11-09-at-09.30.51-600x800.jpeg 600w, https:\/\/www.anamt.org.br\/portal\/wp-content\/uploads\/2024\/11\/WhatsApp-Image-2024-11-09-at-09.30.51-768x1024.jpeg 768w, https:\/\/www.anamt.org.br\/portal\/wp-content\/uploads\/2024\/11\/WhatsApp-Image-2024-11-09-at-09.30.51-800x1067.jpeg 800w, https:\/\/www.anamt.org.br\/portal\/wp-content\/uploads\/2024\/11\/WhatsApp-Image-2024-11-09-at-09.30.51.jpeg 960w\" sizes=\"(max-width: 400px) 100vw, 400px\" \/><\/p>\n<p><img decoding=\"async\" class=\"aligncenter wp-image-50619 size-fusion-400\" src=\"https:\/\/www.anamt.org.br\/portal\/wp-content\/uploads\/2024\/11\/WhatsApp-Image-2024-11-09-at-09.27.20-400x711.jpeg\" alt=\"\" width=\"400\" height=\"711\" srcset=\"https:\/\/www.anamt.org.br\/portal\/wp-content\/uploads\/2024\/11\/WhatsApp-Image-2024-11-09-at-09.27.20-169x300.jpeg 169w, https:\/\/www.anamt.org.br\/portal\/wp-content\/uploads\/2024\/11\/WhatsApp-Image-2024-11-09-at-09.27.20-200x356.jpeg 200w, https:\/\/www.anamt.org.br\/portal\/wp-content\/uploads\/2024\/11\/WhatsApp-Image-2024-11-09-at-09.27.20-400x711.jpeg 400w, https:\/\/www.anamt.org.br\/portal\/wp-content\/uploads\/2024\/11\/WhatsApp-Image-2024-11-09-at-09.27.20-576x1024.jpeg 576w, https:\/\/www.anamt.org.br\/portal\/wp-content\/uploads\/2024\/11\/WhatsApp-Image-2024-11-09-at-09.27.20-600x1067.jpeg 600w, https:\/\/www.anamt.org.br\/portal\/wp-content\/uploads\/2024\/11\/WhatsApp-Image-2024-11-09-at-09.27.20.jpeg 720w\" sizes=\"(max-width: 400px) 100vw, 400px\" \/><\/p>\n","protected":false},"excerpt":{"rendered":"<p>O presidente da ANAMT, Dr. Francisco Fernandes, participou da 30\u00aa Jornada Ga\u00facha de Medicina do Trabalho, evento da Sociedade Ga\u00facha de Medicina do Trabalho (SOGAMT) realizado nos dias 8 e 9 de novembro em Porto Alegre (RS). Homenagem p\u00f3stuma Profissional not\u00e1vel na medicina do trabalho, Dr. M\u00e1rio Jos\u00e9 Azambuja Dias Fernandes (1939-2024) foi homenageado pela [&hellip;]<\/p>\n","protected":false},"author":5,"featured_media":50620,"comment_status":"closed","ping_status":"closed","sticky":false,"template":"","format":"standard","meta":{"footnotes":""},"categories":[77,8],"tags":[],"_links":{"self":[{"href":"https:\/\/www.anamt.org.br\/portal\/wp-json\/wp\/v2\/posts\/50615"}],"collection":[{"href":"https:\/\/www.anamt.org.br\/portal\/wp-json\/wp\/v2\/posts"}],"about":[{"href":"https:\/\/www.anamt.org.br\/portal\/wp-json\/wp\/v2\/types\/post"}],"author":[{"embeddable":true,"href":"https:\/\/www.anamt.org.br\/portal\/wp-json\/wp\/v2\/users\/5"}],"replies":[{"embeddable":true,"href":"https:\/\/www.anamt.org.br\/portal\/wp-json\/wp\/v2\/comments?post=50615"}],"version-history":[{"count":2,"href":"https:\/\/www.anamt.org.br\/portal\/wp-json\/wp\/v2\/posts\/50615\/revisions"}],"predecessor-version":[{"id":50625,"href":"https:\/\/www.anamt.org.br\/portal\/wp-json\/wp\/v2\/posts\/50615\/revisions\/50625"}],"wp:featuredmedia":[{"embeddable":true,"href":"https:\/\/www.anamt.org.br\/portal\/wp-json\/wp\/v2\/media\/50620"}],"wp:attachment":[{"href":"https:\/\/www.anamt.org.br\/portal\/wp-json\/wp\/v2\/media?parent=50615"}],"wp:term":[{"taxonomy":"category","embeddable":true,"href":"https:\/\/www.anamt.org.br\/portal\/wp-json\/wp\/v2\/categories?post=50615"},{"taxonomy":"post_tag","embeddable":true,"href":"https:\/\/www.anamt.org.br\/portal\/wp-json\/wp\/v2\/tags?post=50615"}],"curies":[{"name":"wp","href":"https:\/\/api.w.org\/{rel}","templated":true}]}}