{"id":50496,"date":"2024-11-06T17:52:45","date_gmt":"2024-11-06T20:52:45","guid":{"rendered":"https:\/\/www.anamt.org.br\/portal\/?p=50496"},"modified":"2024-11-06T17:52:45","modified_gmt":"2024-11-06T20:52:45","slug":"icoh-diretor-de-relacoes-internacionais-da-anamt-publica-comunicado-apos-eleicao","status":"publish","type":"post","link":"https:\/\/www.anamt.org.br\/portal\/2024\/11\/06\/icoh-diretor-de-relacoes-internacionais-da-anamt-publica-comunicado-apos-eleicao\/","title":{"rendered":"ICOH: diretor de Rela\u00e7\u00f5es Internacionais da ANAMT publica comunicado ap\u00f3s elei\u00e7\u00e3o"},"content":{"rendered":"<p>O diretor de Rela\u00e7\u00f5es Internacionais da ANAMT, Dr. Ricardo Turenko, publicou um comunicado sobre a sua sa\u00edda da ICOH, onde foi eleito secret\u00e1rio nacional para o per\u00edodo entre 2021 e 2024. A \u00edntegra do texto est\u00e1 dispon\u00edvel abaixo:<\/p>\n<blockquote><p><em>Dear colleagues and friends of ICOH,<\/em><\/p>\n<p><em>It is with satisfaction and a sense of duty fulfilled that I hand over the national secretariat of ICOH to our colleague Adriana \u00c1rias, who will remain in the three-year term 2024 &#8211; 2027.<\/em><\/p>\n<p><em>The electoral process was clean, ethical, honest and had the necessary fairness certified by the ICOH Board, in which I thank Dr. Diana Gagliardi and Dr. Shyam Pingle for all their help.<\/em><\/p>\n<p><em>During the period from 2021 to 2024 representing MT of Brazil at ICOH, I kept focused on increasing our participation with new members, and also on improving our presence in the committees, which is still very low. As Secretary, I fought to ensure that the participation of the National Secretaries has more weight and relevance, especially during the &#8220;Mid-Term&#8221; meeting, where I actively participated, expressing our opinion on topics that will certainly have a positive impact on ICOH in the coming years.<\/em><\/p>\n<p><em>ICOH is the most important occupational health association and, regardless of my position, I will always continue to fight for the strengthening of dignified, ethical and valuable occupational medicine.<\/em><\/p>\n<p><em>I wish Adriana success, and knowing her responsibility, I know that we will have a good continuity. And we will see each other in Mumbai 2027!<\/em><\/p>\n<p><em>Ricardo Turenko Be\u00e7a<\/em><\/p><\/blockquote>\n","protected":false},"excerpt":{"rendered":"<p>O diretor de Rela\u00e7\u00f5es Internacionais da ANAMT, Dr. Ricardo Turenko, publicou um comunicado sobre a sua sa\u00edda da ICOH, onde foi eleito secret\u00e1rio nacional para o per\u00edodo entre 2021 e 2024. A \u00edntegra do texto est\u00e1 dispon\u00edvel abaixo: Dear colleagues and friends of ICOH, It is with satisfaction and a sense of duty fulfilled that [&hellip;]<\/p>\n","protected":false},"author":5,"featured_media":42803,"comment_status":"closed","ping_status":"closed","sticky":false,"template":"","format":"standard","meta":{"footnotes":""},"categories":[77,8],"tags":[],"_links":{"self":[{"href":"https:\/\/www.anamt.org.br\/portal\/wp-json\/wp\/v2\/posts\/50496"}],"collection":[{"href":"https:\/\/www.anamt.org.br\/portal\/wp-json\/wp\/v2\/posts"}],"about":[{"href":"https:\/\/www.anamt.org.br\/portal\/wp-json\/wp\/v2\/types\/post"}],"author":[{"embeddable":true,"href":"https:\/\/www.anamt.org.br\/portal\/wp-json\/wp\/v2\/users\/5"}],"replies":[{"embeddable":true,"href":"https:\/\/www.anamt.org.br\/portal\/wp-json\/wp\/v2\/comments?post=50496"}],"version-history":[{"count":1,"href":"https:\/\/www.anamt.org.br\/portal\/wp-json\/wp\/v2\/posts\/50496\/revisions"}],"predecessor-version":[{"id":50497,"href":"https:\/\/www.anamt.org.br\/portal\/wp-json\/wp\/v2\/posts\/50496\/revisions\/50497"}],"wp:featuredmedia":[{"embeddable":true,"href":"https:\/\/www.anamt.org.br\/portal\/wp-json\/wp\/v2\/media\/42803"}],"wp:attachment":[{"href":"https:\/\/www.anamt.org.br\/portal\/wp-json\/wp\/v2\/media?parent=50496"}],"wp:term":[{"taxonomy":"category","embeddable":true,"href":"https:\/\/www.anamt.org.br\/portal\/wp-json\/wp\/v2\/categories?post=50496"},{"taxonomy":"post_tag","embeddable":true,"href":"https:\/\/www.anamt.org.br\/portal\/wp-json\/wp\/v2\/tags?post=50496"}],"curies":[{"name":"wp","href":"https:\/\/api.w.org\/{rel}","templated":true}]}}